{"id":152490,"date":"2013-11-01T00:09:44","date_gmt":"2013-11-01T06:09:44","guid":{"rendered":"http:\/\/www.diarioimagen.net\/?p=152490"},"modified":"2013-11-01T02:33:45","modified_gmt":"2013-11-01T08:33:45","slug":"ponen-megaofrenda-en-zocalo-capitalino","status":"publish","type":"post","link":"https:\/\/www.diarioimagen.net\/?p=152490","title":{"rendered":"Ponen megaofrenda en Z\u00f3calo capitalino"},"content":{"rendered":"<ul>\n<li><strong><em>En esta ocasi\u00f3n est\u00e1 dedicada a Jos\u00e9 Guadalupe Posada, quien cumple cien a\u00f1os de fallecido<\/em><\/strong><\/li>\n<\/ul>\n<div id=\"attachment_152519\" style=\"width: 250px\" class=\"wp-caption alignleft\"><a href=\"http:\/\/www.diarioimagen.net\/wp-content\/uploads\/2013\/11\/MEGAOFRENDA-2220.jpg\"><img loading=\"lazy\" decoding=\"async\" aria-describedby=\"caption-attachment-152519\" class=\"size-medium wp-image-152519\" alt=\"H\u00e9ctor Serrano Cort\u00e9s, secretario general de Gobierno, inaugur\u00f3 la megaofrenda, en representaci\u00f3n de Miguel \u00c1ngel Mancera.\" src=\"http:\/\/www.diarioimagen.net\/wp-content\/uploads\/2013\/11\/MEGAOFRENDA-2220-240x135.jpg\" width=\"240\" height=\"135\" srcset=\"https:\/\/www.diarioimagen.net\/wp-content\/uploads\/2013\/11\/MEGAOFRENDA-2220-240x135.jpg 240w, https:\/\/www.diarioimagen.net\/wp-content\/uploads\/2013\/11\/MEGAOFRENDA-2220-420x236.jpg 420w, https:\/\/www.diarioimagen.net\/wp-content\/uploads\/2013\/11\/MEGAOFRENDA-2220-235x132.jpg 235w, https:\/\/www.diarioimagen.net\/wp-content\/uploads\/2013\/11\/MEGAOFRENDA-2220-202x114.jpg 202w, https:\/\/www.diarioimagen.net\/wp-content\/uploads\/2013\/11\/MEGAOFRENDA-2220-350x196.jpg 350w, https:\/\/www.diarioimagen.net\/wp-content\/uploads\/2013\/11\/MEGAOFRENDA-2220-220x123.jpg 220w, https:\/\/www.diarioimagen.net\/wp-content\/uploads\/2013\/11\/MEGAOFRENDA-2220-237x132.jpg 237w, https:\/\/www.diarioimagen.net\/wp-content\/uploads\/2013\/11\/MEGAOFRENDA-2220.jpg 480w\" sizes=\"auto, (max-width: 240px) 100vw, 240px\" \/><\/a><p id=\"caption-attachment-152519\" class=\"wp-caption-text\">H\u00e9ctor Serrano Cort\u00e9s, secretario general de Gobierno, inaugur\u00f3 la megaofrenda, en representaci\u00f3n de Miguel \u00c1ngel Mancera.<\/p><\/div>\n<p>El secretario de Gobierno del Distrito Federal, H\u00e9ctor Serrano Cort\u00e9s, inaugur\u00f3 la megaofrenda del Z\u00f3calo capitalino que, luego de dos a\u00f1os de no realizarse en este emblem\u00e1tico espacio p\u00fablico, se instal\u00f3 desde ayer y hasta el 3 de noviembre para recibir a visitantes nacionales y extranjeros, en el marco de la celebraci\u00f3n del D\u00eda de Muertos.<\/p>\n<p>En representaci\u00f3n del jefe de gobierno, Miguel \u00c1ngel Mancera Espinosa, Serrano Cort\u00e9s, acompa\u00f1ado de la secretaria de Cultura del Distrito Federal, Luc\u00eda Garc\u00eda Noriega y Nieto, declar\u00f3 oficialmente inaugurada la ofrenda que en su edici\u00f3n 2013 fue dise\u00f1ada\u00a0en honor al grabador Jos\u00e9 Guadalupe Posada, conmemorando as\u00ed el centenario de su muerte.<\/p>\n<p>De esta manera, la Plaza de la Constituci\u00f3n albergar\u00e1 una de las tradiciones m\u00e1s importantes de la cultura popular mexicana y una de las m\u00e1s conocidas internacionalmente. Luc\u00eda Garc\u00eda Noriega y Nieto indic\u00f3 que la cartoner\u00eda que destaca con grandes representaciones de catrinas y esqueletos, estuvo a cargo de la F\u00e1brica de Artes y Oficios de Oriente.<\/p>\n<p>Agreg\u00f3 que al ser la ofrenda del D\u00eda de Muertos una alegor\u00eda que conduce a un significado de distintos temas y los representa de forma arm\u00f3nica, los visitantes podr\u00e1n admirar un conjunto de figuras alusivas a esta celebraci\u00f3n y los cl\u00e1sicos altares con alimentos y objetos para recibir a quienes en estas fechas nos visitan, de acuerdo a la creencia popular.<\/p>\n<p>Habr\u00e1 adem\u00e1s diversas actividades musicales y de artes esc\u00e9nicas, a fin de amenizar la estancia de los ciudadanos y turistas nacionales y extranjeros que se den cita en el Centro Hist\u00f3rico los primeros d\u00edas de noviembre.<\/p>\n<p>Para la presentaci\u00f3n de las agrupaciones musicales, se instal\u00f3 en la plancha del Z\u00f3calo capitalino, frente a la Catedral Metropolitana, una gran carpa que contar\u00e1 con un escenario, equipo de sonido y luces, a fin de ambientar las presentaciones que en dicho lugar se lleven a cabo.<\/p>\n<p>As\u00ed, entre el 31 de octubre y el 3 de noviembre los visitantes, adem\u00e1s de admirar la ofrenda de cartoner\u00eda que levantan los miembros del colectivo \u201c\u00daltima Hora\u201d del Faro, podr\u00e1n escuchar a la Banda Sinf\u00f3nica de la Ciudad de M\u00e9xico y al Coro de la Ciudad de M\u00e9xico, adem\u00e1s de otras agrupaciones que interpretar\u00e1n m\u00fasica tradicional mexicana, sones, boleros, m\u00fasica ranchera y jazz.<\/p>\n<p>En su oportunidad,\u00a0el presidente de la Comisi\u00f3n de Gobierno de la Asamblea Legislativa del Distrito Federal, Manuel Granados Covarrubias, dijo que la ofrenda en el Z\u00f3calo es un recordatorio de nuestra cultura, historia, or\u00edgenes e identidad, \u201cdebe servirnos de motivo de orgullo para recordar a quienes construyeron en su momento la historia de este pa\u00eds, de esta ciudad\u201d.<\/p>\n<p align=\"center\">\u00a0<b>La ofrenda<\/b><\/p>\n<p>El montaje consta de dos grandes piezas. La primera se trata de una estructura con dimensiones monumentales en forma rectangular y los lados en media luna para dar una perspectiva de mayor profundidad. Sobre los cuatro \u2013lados- se realizaron altos relieves de los personajes m\u00e1s significativos de Jos\u00e9 Guadalupe Posada, como la <i>Calavera catrina<\/i>. En la parte superior del pedestal se representa en volumen \u201cEl Quijote\u201d.<\/p>\n<p>La pieza secundaria consiste en\u00a0una \u201cplaca\u201d de grabado monumental en madera con la imagen de Jos\u00e9 Guadalupe Posada sobre una base en pendiente. De ah\u00ed se genera la imagen de la salida de 12 personajes esquel\u00e9ticos de la serie \u201ccalacas del mont\u00f3n\u201d (revolucionarios, pol\u00edticos, borrachos, catrines, toreros, obreros, etc\u00e9tera).<b><\/b><\/p>\n<p>&nbsp;<\/p>\n","protected":false},"excerpt":{"rendered":"<p>El secretario de Gobierno del Distrito Federal, H\u00e9ctor Serrano Cort\u00e9s, inaugur\u00f3 la megaofrenda del Z\u00f3calo capitalino que, luego de dos a\u00f1os de no realizarse en este emblem\u00e1tico espacio p\u00fablico, se instal\u00f3 desde ayer y hasta el 3 de noviembre para recibir a visitantes nacionales y extranjeros, en el marco de la celebraci\u00f3n del D\u00eda de Muertos.<\/p>\n","protected":false},"author":3,"featured_media":152519,"comment_status":"open","ping_status":"open","sticky":false,"template":"","format":"standard","meta":{"_monsterinsights_skip_tracking":false,"_monsterinsights_sitenote_active":false,"_monsterinsights_sitenote_note":"","_monsterinsights_sitenote_category":0,"footnotes":""},"categories":[6],"tags":[204,12303,39,26550,25193],"class_list":["post-152490","post","type-post","status-publish","format-standard","has-post-thumbnail","hentry","category-cd-de-mexico","tag-ciudad-de-mexico","tag-dia-de-muertos","tag-distrito-federal","tag-hector-serrano-cortes","tag-ofrenda"],"_links":{"self":[{"href":"https:\/\/www.diarioimagen.net\/index.php?rest_route=\/wp\/v2\/posts\/152490","targetHints":{"allow":["GET"]}}],"collection":[{"href":"https:\/\/www.diarioimagen.net\/index.php?rest_route=\/wp\/v2\/posts"}],"about":[{"href":"https:\/\/www.diarioimagen.net\/index.php?rest_route=\/wp\/v2\/types\/post"}],"author":[{"embeddable":true,"href":"https:\/\/www.diarioimagen.net\/index.php?rest_route=\/wp\/v2\/users\/3"}],"replies":[{"embeddable":true,"href":"https:\/\/www.diarioimagen.net\/index.php?rest_route=%2Fwp%2Fv2%2Fcomments&post=152490"}],"version-history":[{"count":0,"href":"https:\/\/www.diarioimagen.net\/index.php?rest_route=\/wp\/v2\/posts\/152490\/revisions"}],"wp:featuredmedia":[{"embeddable":true,"href":"https:\/\/www.diarioimagen.net\/index.php?rest_route=\/wp\/v2\/media\/152519"}],"wp:attachment":[{"href":"https:\/\/www.diarioimagen.net\/index.php?rest_route=%2Fwp%2Fv2%2Fmedia&parent=152490"}],"wp:term":[{"taxonomy":"category","embeddable":true,"href":"https:\/\/www.diarioimagen.net\/index.php?rest_route=%2Fwp%2Fv2%2Fcategories&post=152490"},{"taxonomy":"post_tag","embeddable":true,"href":"https:\/\/www.diarioimagen.net\/index.php?rest_route=%2Fwp%2Fv2%2Ftags&post=152490"}],"curies":[{"name":"wp","href":"https:\/\/api.w.org\/{rel}","templated":true}]}}