{"id":152780,"date":"2013-11-05T00:08:04","date_gmt":"2013-11-05T06:08:04","guid":{"rendered":"http:\/\/www.diarioimagen.net\/?p=152780"},"modified":"2013-11-05T03:09:34","modified_gmt":"2013-11-05T09:09:34","slug":"jorge-olvera-garcia-planta-hijuelos-del-arbol-la-mora","status":"publish","type":"post","link":"https:\/\/www.diarioimagen.net\/?p=152780","title":{"rendered":"Jorge Olvera Garc\u00eda planta hijuelos del \u00e1rbol \u201cLa Mora\u201d"},"content":{"rendered":"<ul>\n<li><strong><em>Importante s\u00edmbolo de la UAEM<\/em><\/strong><\/li>\n<\/ul>\n<div id=\"attachment_152794\" style=\"width: 250px\" class=\"wp-caption alignleft\"><a href=\"http:\/\/www.diarioimagen.net\/wp-content\/uploads\/2013\/11\/UAEM-2222.jpg\"><img loading=\"lazy\" decoding=\"async\" aria-describedby=\"caption-attachment-152794\" class=\"size-medium wp-image-152794\" alt=\"El rector Jorge Olvera Garc\u00eda plant\u00f3 hijuelos del \u00e1rbol de \u201cLa Mora\u201d que se encuentra en la parte posterior de la rector\u00eda.\" src=\"http:\/\/www.diarioimagen.net\/wp-content\/uploads\/2013\/11\/UAEM-2222-240x135.jpg\" width=\"240\" height=\"135\" srcset=\"https:\/\/www.diarioimagen.net\/wp-content\/uploads\/2013\/11\/UAEM-2222-240x135.jpg 240w, https:\/\/www.diarioimagen.net\/wp-content\/uploads\/2013\/11\/UAEM-2222-420x236.jpg 420w, https:\/\/www.diarioimagen.net\/wp-content\/uploads\/2013\/11\/UAEM-2222-235x132.jpg 235w, https:\/\/www.diarioimagen.net\/wp-content\/uploads\/2013\/11\/UAEM-2222-202x114.jpg 202w, https:\/\/www.diarioimagen.net\/wp-content\/uploads\/2013\/11\/UAEM-2222-350x196.jpg 350w, https:\/\/www.diarioimagen.net\/wp-content\/uploads\/2013\/11\/UAEM-2222-220x123.jpg 220w, https:\/\/www.diarioimagen.net\/wp-content\/uploads\/2013\/11\/UAEM-2222-237x132.jpg 237w, https:\/\/www.diarioimagen.net\/wp-content\/uploads\/2013\/11\/UAEM-2222.jpg 480w\" sizes=\"auto, (max-width: 240px) 100vw, 240px\" \/><\/a><p id=\"caption-attachment-152794\" class=\"wp-caption-text\">El rector Jorge Olvera Garc\u00eda plant\u00f3 hijuelos del \u00e1rbol de \u201cLa Mora\u201d que se encuentra en la parte posterior de la rector\u00eda.<\/p><\/div>\n<p>Con el prop\u00f3sito de fortalecer la identidad de los universitarios, el rector Jorge Olvera Garc\u00eda realiz\u00f3 una gira de trabajo por los espacios acad\u00e9micos de la Universidad Aut\u00f3noma del Estado de M\u00e9xico ubicados en los municipios de Chimalhuac\u00e1n, Huehuetoca y Cuautitl\u00e1n Izcalli, donde plant\u00f3 hijuelos del \u00e1rbol de \u201cLa Mora\u201d, que se encuentra en la parte posterior del Edificio de Rector\u00eda y es uno de los m\u00e1s importantes s\u00edmbolos de la instituci\u00f3n.<\/p>\n<p>En el primer punto de la gira, acompa\u00f1ado por el coordinador de la Unidad Acad\u00e9mica Profesional Chimalhuac\u00e1n, Jos\u00e9 Hern\u00e1ndez Ram\u00edrez, a quien entreg\u00f3 el certificado que acredita a este espacio universitario como poseedor de un hijo del \u00c1rbol de \u201cLa Mora\u201d, el segundo m\u00e1s antiguo de la capital mexiquense, pues se calcula que fue sembrado hace m\u00e1s de 200 a\u00f1os, recorri\u00f3 las instalaciones del campus, principalmente del edificio que albergar\u00e1 la carrera de M\u00e9dico Cirujano, que se ofertar\u00e1 a partir del siguiente a\u00f1o.<\/p>\n<p>Ante alumnos, acad\u00e9micos, investigadores y directivos universitarios, el rector de la M\u00e1xima Casa de Estudios mexiquense refiri\u00f3 que esta gira tiene gran relevancia para los universitarios y para la propia historia de la UAEM, porque se trata de preservar uno de los s\u00edmbolos que identifica a los universitarios del Estado de M\u00e9xico.<\/p>\n<p>Acompa\u00f1ado por el secretario de Rector\u00eda, Jos\u00e9 Benjam\u00edn Bernal Su\u00e1rez, Jorge Olvera sembr\u00f3 el reto\u00f1o del \u00c1rbol de \u201cLa Mora\u201d en la Unidad Acad\u00e9mica Profesional Huehuetoca, donde su coordinador, Francisco Javier Rosas Ferrusca, dio la bienvenida.<\/p>\n<p>En el \u00faltimo punto de su gira, acompa\u00f1ado por la coordinadora del campus Cuautitl\u00e1n Izcalli, Eva Martha Chaparro Salinas, Jorge Olvera Garc\u00eda conmin\u00f3 a los universitarios a cuidar este s\u00edmbolo universitario y anunci\u00f3 la gesti\u00f3n de apoyos para la construcci\u00f3n de obra universitaria en beneficio de este espacio de la instituci\u00f3n.<\/p>\n","protected":false},"excerpt":{"rendered":"<p>Con el prop\u00f3sito de fortalecer la identidad de los universitarios, el rector Jorge Olvera Garc\u00eda realiz\u00f3 una gira de trabajo por los espacios acad\u00e9micos de la Universidad Aut\u00f3noma del Estado de M\u00e9xico ubicados en los municipios de Chimalhuac\u00e1n, Huehuetoca y Cuautitl\u00e1n Izcalli, donde plant\u00f3 hijuelos del \u00e1rbol de \u201cLa Mora\u201d, que se encuentra en la parte posterior del Edificio de Rector\u00eda y es uno de los m\u00e1s importantes s\u00edmbolos de la instituci\u00f3n.<\/p>\n","protected":false},"author":3,"featured_media":152794,"comment_status":"open","ping_status":"open","sticky":false,"template":"","format":"standard","meta":{"_monsterinsights_skip_tracking":false,"_monsterinsights_sitenote_active":false,"_monsterinsights_sitenote_note":"","_monsterinsights_sitenote_category":0,"footnotes":""},"categories":[5],"tags":[43675,27015],"class_list":["post-152780","post","type-post","status-publish","format-standard","has-post-thumbnail","hentry","category-estado-de-mexico","tag-estado-de-mexico","tag-jorge-olvera-garcia"],"_links":{"self":[{"href":"https:\/\/www.diarioimagen.net\/index.php?rest_route=\/wp\/v2\/posts\/152780","targetHints":{"allow":["GET"]}}],"collection":[{"href":"https:\/\/www.diarioimagen.net\/index.php?rest_route=\/wp\/v2\/posts"}],"about":[{"href":"https:\/\/www.diarioimagen.net\/index.php?rest_route=\/wp\/v2\/types\/post"}],"author":[{"embeddable":true,"href":"https:\/\/www.diarioimagen.net\/index.php?rest_route=\/wp\/v2\/users\/3"}],"replies":[{"embeddable":true,"href":"https:\/\/www.diarioimagen.net\/index.php?rest_route=%2Fwp%2Fv2%2Fcomments&post=152780"}],"version-history":[{"count":0,"href":"https:\/\/www.diarioimagen.net\/index.php?rest_route=\/wp\/v2\/posts\/152780\/revisions"}],"wp:featuredmedia":[{"embeddable":true,"href":"https:\/\/www.diarioimagen.net\/index.php?rest_route=\/wp\/v2\/media\/152794"}],"wp:attachment":[{"href":"https:\/\/www.diarioimagen.net\/index.php?rest_route=%2Fwp%2Fv2%2Fmedia&parent=152780"}],"wp:term":[{"taxonomy":"category","embeddable":true,"href":"https:\/\/www.diarioimagen.net\/index.php?rest_route=%2Fwp%2Fv2%2Fcategories&post=152780"},{"taxonomy":"post_tag","embeddable":true,"href":"https:\/\/www.diarioimagen.net\/index.php?rest_route=%2Fwp%2Fv2%2Ftags&post=152780"}],"curies":[{"name":"wp","href":"https:\/\/api.w.org\/{rel}","templated":true}]}}