{"id":152927,"date":"2013-11-06T00:01:38","date_gmt":"2013-11-06T06:01:38","guid":{"rendered":"http:\/\/www.diarioimagen.net\/?p=152927"},"modified":"2013-11-06T03:18:22","modified_gmt":"2013-11-06T09:18:22","slug":"los-machucones-de-osorio","status":"publish","type":"post","link":"https:\/\/www.diarioimagen.net\/?p=152927","title":{"rendered":"Los machucones de Osorio"},"content":{"rendered":"<h2>Pol\u00edtica Spot<\/h2>\n<h5>Juan Manuel Maga\u00f1a<\/h5>\n<p><span><br \/>\nAl hablar ayer de la violencia en los estados de Michoac\u00e1n y Tamaulipas, Miguel \u00c1ngel Osorio Chong dio un par de tremendos machucones que ojal\u00e1 tuviesen o hubiesen ya tenido mayores consecuencias.<\/span><\/p>\n<p>Uno, me parece, fue al gobernador Fausto Vallejo y el otro al calderonato. De Michoac\u00e1n dijo que se trata de una plaza \u201cdificil\u00edsima\u201d que poco a poco se est\u00e1 recuperando, puesto que \u201cpr\u00e1cticamente estaba abandonada\u201d.<\/p>\n<p>En la entidad, insisti\u00f3, se hace el trabajo \u201cque no exist\u00eda\u201d, y que ahora ha permitido ir recuperando el territorio.<\/p>\n<p>Luego Osorio englob\u00f3 la violencia en Tamaulipas y Michoac\u00e1n para decir que \u201cel camino no es f\u00e1cil\u201d pues las condiciones en que la administraci\u00f3n de Enrique Pe\u00f1a Nieto encontr\u00f3 el pa\u00eds hace casi un a\u00f1o fueron \u201cverdaderamente dif\u00edciles\u201d. Se refer\u00eda sin duda a la deplorable situaci\u00f3n en que dej\u00f3 al pa\u00eds la fracasada guerra de Felipe Calder\u00f3n.<\/p>\n<p>Por eso record\u00f3 que el gobierno ha pasado de un enfoque policiaco a uno de seguridad ciudadana, donde lo primordial es la prevenci\u00f3n, contenci\u00f3n y, hasta lo \u00faltimo, el combate a la delincuencia, con tal \u00e9xito seg\u00fan \u00e9l que hasta asegur\u00f3 que \u201chay zonas donde se han logrado casos exitosos, en los que ya se avanza en una segunda etapa, como es la Laguna y el norte del pa\u00eds\u201d.<\/p>\n<p>En fin, lo que Osorio quiso decir es que si las cosas siguen as\u00ed en Michoac\u00e1n y en Tamaulipas no es porque este gobierno actual no pueda, sino porque otros abandonaron el territorio, no hicieron su trabajo y dejaron un pa\u00eds en malas condiciones.<\/p>\n<p>En el caso de Michoac\u00e1n es inevitable que el machuc\u00f3n le toque a Fausto Vallejo aunque sea en su parte proporcional. Su gobierno es un cero a la izquierda frente a lo que all\u00e1 se vive. Y m\u00e1s si act\u00faa en franca negaci\u00f3n de la realidad.<\/p>\n<p>As\u00ed como fall\u00f3 Cader\u00f3n e incluso el gobierno estatal perredista de Leonel Godoy, el gobierno de Vallejo ni siquiera ha tenido tiempo de existir con aquello de la ausencia de \u00e9ste por problemas de salud. Peor aun el gobierno interino, que tan s\u00f3lo sirvi\u00f3 para dos cosas: para nada y para lo mismo.<\/p>\n<p>En los \u00faltimos d\u00edas, la fuerza armada del gobierno federal ha tenido que tomar el control de la seguridad en lugares como Apatzing\u00e1n y L\u00e1zaro C\u00e1rdenas, lo que subraya la inexistencia de la administraci\u00f3n de un Vallejo en pleno retorno.<\/p>\n<p>Y no se diga la caracterizaci\u00f3n de estado fallido que de Michoac\u00e1n hizo hace unos d\u00edas el obispo Pati\u00f1o de Apatzing\u00e1n. Y no se hable m\u00e1s del fantasma de la desaparici\u00f3n de poderes en Michoac\u00e1n que todos los d\u00edas se pasea por el Senado.<\/p>\n<p>Pero eso s\u00ed, ayer Vallejo se place\u00f3 por el Palacio Legislativo de San L\u00e1zaro para decir que las fuerzas federales que tomaron parte de su estado van a permanecer s\u00f3lo temporalmente en el puerto de L\u00e1zaro C\u00e1rdenas \u201chasta que las polic\u00edas estatales y municipales se certifiquen y se capaciten\u201d.<\/p>\n<p>\u00bfPues qu\u00e9 no se enter\u00f3 que horas antes su secretario de gobierno, Jaime Mares Camarena, hab\u00eda anunciado que adem\u00e1s de la ciudad portuaria de L\u00e1zaro C\u00e1rdenas, la Secretar\u00eda de la Defensa Nacional se va a hacer cargo de la seguridad p\u00fablica de otros municipios?<\/p>\n<p>Como si no supiera que los alcaldes de Tepalcatepec, Buenavista, Aguililla, Chinicuila y Coalcom\u00e1n est\u00e1n solicitado la presencia del Ej\u00e9rcito para garantizar la seguridad, nom\u00e1s por el hecho de que su gobierno no existe o simplemente parasita al gobierno federal. As\u00ed qu\u00e9 c\u00f3modo.<\/p>\n<p><em><a href=\"mailto: maganapalace@yahoo.com.mx\" target=\"_blank\">maganapalace@yahoo.com.mx<\/a><\/em><\/p>\n","protected":false},"excerpt":{"rendered":"<p><span style=\"color: #005497;\"><strong>Juan Manuel Maga\u00f1a<\/strong><\/span><\/p>\n","protected":false},"author":3,"featured_media":0,"comment_status":"open","ping_status":"open","sticky":false,"template":"","format":"standard","meta":{"_monsterinsights_skip_tracking":false,"_monsterinsights_sitenote_active":false,"_monsterinsights_sitenote_note":"","_monsterinsights_sitenote_category":0,"footnotes":""},"categories":[22905],"tags":[43709,43674,22904],"class_list":["post-152927","post","type-post","status-publish","format-standard","hentry","category-juan-manuel-magana","tag-juan-manuel-magana","tag-opinion","tag-politica-spot"],"_links":{"self":[{"href":"https:\/\/www.diarioimagen.net\/index.php?rest_route=\/wp\/v2\/posts\/152927","targetHints":{"allow":["GET"]}}],"collection":[{"href":"https:\/\/www.diarioimagen.net\/index.php?rest_route=\/wp\/v2\/posts"}],"about":[{"href":"https:\/\/www.diarioimagen.net\/index.php?rest_route=\/wp\/v2\/types\/post"}],"author":[{"embeddable":true,"href":"https:\/\/www.diarioimagen.net\/index.php?rest_route=\/wp\/v2\/users\/3"}],"replies":[{"embeddable":true,"href":"https:\/\/www.diarioimagen.net\/index.php?rest_route=%2Fwp%2Fv2%2Fcomments&post=152927"}],"version-history":[{"count":0,"href":"https:\/\/www.diarioimagen.net\/index.php?rest_route=\/wp\/v2\/posts\/152927\/revisions"}],"wp:attachment":[{"href":"https:\/\/www.diarioimagen.net\/index.php?rest_route=%2Fwp%2Fv2%2Fmedia&parent=152927"}],"wp:term":[{"taxonomy":"category","embeddable":true,"href":"https:\/\/www.diarioimagen.net\/index.php?rest_route=%2Fwp%2Fv2%2Fcategories&post=152927"},{"taxonomy":"post_tag","embeddable":true,"href":"https:\/\/www.diarioimagen.net\/index.php?rest_route=%2Fwp%2Fv2%2Ftags&post=152927"}],"curies":[{"name":"wp","href":"https:\/\/api.w.org\/{rel}","templated":true}]}}