{"id":152965,"date":"2013-11-06T00:09:10","date_gmt":"2013-11-06T06:09:10","guid":{"rendered":"http:\/\/www.diarioimagen.net\/?p=152965"},"modified":"2013-11-06T05:13:51","modified_gmt":"2013-11-06T11:13:51","slug":"eligen-a-perla-gomez-presidenta-de-cdhdf","status":"publish","type":"post","link":"https:\/\/www.diarioimagen.net\/?p=152965","title":{"rendered":"Eligen a Perla G\u00f3mez presidenta de CDHDF"},"content":{"rendered":"<ul>\n<li><em><strong>La ombudsman capitalina estar\u00e1 al frente del organismo hasta el 31 de octubre de 2017<\/strong><\/em><\/li>\n<\/ul>\n<p>&nbsp;<\/p>\n<div id=\"attachment_152966\" style=\"width: 250px\" class=\"wp-caption alignleft\"><a href=\"http:\/\/www.diarioimagen.net\/wp-content\/uploads\/2013\/11\/perla-2223.jpg\"><img loading=\"lazy\" decoding=\"async\" aria-describedby=\"caption-attachment-152966\" class=\"size-medium wp-image-152966\" alt=\"Perla G\u00f3mez Gallardo es desde ayer la nueva presidenta de la Comisi\u00f3n de Derechos Humanos del Distrito Federal.\" src=\"http:\/\/www.diarioimagen.net\/wp-content\/uploads\/2013\/11\/perla-2223-240x135.jpg\" width=\"240\" height=\"135\" srcset=\"https:\/\/www.diarioimagen.net\/wp-content\/uploads\/2013\/11\/perla-2223-240x135.jpg 240w, https:\/\/www.diarioimagen.net\/wp-content\/uploads\/2013\/11\/perla-2223-420x236.jpg 420w, https:\/\/www.diarioimagen.net\/wp-content\/uploads\/2013\/11\/perla-2223-235x132.jpg 235w, https:\/\/www.diarioimagen.net\/wp-content\/uploads\/2013\/11\/perla-2223-202x114.jpg 202w, https:\/\/www.diarioimagen.net\/wp-content\/uploads\/2013\/11\/perla-2223-350x196.jpg 350w, https:\/\/www.diarioimagen.net\/wp-content\/uploads\/2013\/11\/perla-2223-220x123.jpg 220w, https:\/\/www.diarioimagen.net\/wp-content\/uploads\/2013\/11\/perla-2223-237x132.jpg 237w, https:\/\/www.diarioimagen.net\/wp-content\/uploads\/2013\/11\/perla-2223.jpg 480w\" sizes=\"auto, (max-width: 240px) 100vw, 240px\" \/><\/a><p id=\"caption-attachment-152966\" class=\"wp-caption-text\">Perla G\u00f3mez Gallardo es desde ayer la nueva presidenta de la Comisi\u00f3n de Derechos Humanos del Distrito Federal.<\/p><\/div>\n<p>La Asamblea Legislativa del DF (ALDF) eligi\u00f3 ayer por unanimidad\u00a0 a Perla G\u00f3mez Gallardo como presidenta de la Comisi\u00f3n de Derechos Humanos del Distrito Federal (CDHDF) para el periodo del 5 de noviembre de 2013 al 31 de octubre de 2017.<\/p>\n<p>Al hablar a favor del dictamen que avala a G\u00f3mez Gallardo, la presidenta de la Comisi\u00f3n de Derechos Humanos de la ALDF, Dinorah Pizano, afirm\u00f3 que este proceso fue transparente, se escucharon y debatieron todas las propuestas y se alcanz\u00f3 el consenso con plena autonom\u00eda.<\/p>\n<p>Destac\u00f3 que el dictamen se someti\u00f3 a votaci\u00f3n del pleno de la ALDF, y si bien se requer\u00eda un m\u00ednimo de 44 sufragios, las dos terceras partes del total de los diputados, G\u00f3mez Gallardo obtuvo 57 votos.<\/p>\n<p>Al finalizar la votaci\u00f3n, G\u00f3mez Gallardo rindi\u00f3 la protesta que marca la ley ante el pleno de los asamble\u00edstas, con lo que asumi\u00f3 formalmente el cargo de presidenta de la CDHDF y se convirti\u00f3 en la primer mujer que llega a la titularidad de dicho organismo.<\/p>\n<p>G\u00f3mez Gallardo es egresada de la Facultad de Derecho de la Universidad Nacional Aut\u00f3noma de M\u00e9xico, cuenta con una maestr\u00eda y doctorado en Derecho de la Divisi\u00f3n de Estudios de Posgrado de la UNAM, donde tambi\u00e9n ha sido profesora de Epistemolog\u00eda Jur\u00eddica y Teor\u00eda Jur\u00eddica Contempor\u00e1nea.<\/p>\n<p>Adem\u00e1s se ha desempe\u00f1ado como abogada auxiliar adscrita a la Secretar\u00eda Jur\u00eddica de la Facultad de Derecho de la UNAM , as\u00ed como encargada de la sede Sur y Centro del Bufete Jur\u00eddico Gratuito de la Facultad de Derecho de esa universidad.<\/p>\n<p>Tambi\u00e9n fue coordinadora general de Libertad de Informaci\u00f3n-M\u00e9xico A. C. (LIMAC), catedr\u00e1tica de Posgrado y Licenciatura de la Facultad de Derecho de la UNAM, y de Maestr\u00eda en Periodismo en la Escuela de Periodismo Carlos Septi\u00e9n Garc\u00eda.<\/p>\n<p>De igual manera, particip\u00f3 en la elaboraci\u00f3n del dictamen ante la Corte Interamericana de Derechos Humanos del caso Marcel Claude Reyes y otros vs el Estado chileno.<\/p>\n","protected":false},"excerpt":{"rendered":"<p>La Asamblea Legislativa del DF (ALDF) eligi\u00f3 ayer por unanimidad  a Perla G\u00f3mez Gallardo como presidenta de la Comisi\u00f3n de Derechos Humanos del Distrito Federal (CDHDF) para el periodo del 5 de noviembre de 2013 al 31 de octubre de 2017.<\/p>\n","protected":false},"author":1,"featured_media":152966,"comment_status":"open","ping_status":"open","sticky":false,"template":"","format":"standard","meta":{"_monsterinsights_skip_tracking":false,"_monsterinsights_sitenote_active":false,"_monsterinsights_sitenote_note":"","_monsterinsights_sitenote_category":0,"footnotes":""},"categories":[6],"tags":[204,3327],"class_list":["post-152965","post","type-post","status-publish","format-standard","has-post-thumbnail","hentry","category-cd-de-mexico","tag-ciudad-de-mexico","tag-comision-de-derechos-humanos-del-distrito-federal"],"_links":{"self":[{"href":"https:\/\/www.diarioimagen.net\/index.php?rest_route=\/wp\/v2\/posts\/152965","targetHints":{"allow":["GET"]}}],"collection":[{"href":"https:\/\/www.diarioimagen.net\/index.php?rest_route=\/wp\/v2\/posts"}],"about":[{"href":"https:\/\/www.diarioimagen.net\/index.php?rest_route=\/wp\/v2\/types\/post"}],"author":[{"embeddable":true,"href":"https:\/\/www.diarioimagen.net\/index.php?rest_route=\/wp\/v2\/users\/1"}],"replies":[{"embeddable":true,"href":"https:\/\/www.diarioimagen.net\/index.php?rest_route=%2Fwp%2Fv2%2Fcomments&post=152965"}],"version-history":[{"count":0,"href":"https:\/\/www.diarioimagen.net\/index.php?rest_route=\/wp\/v2\/posts\/152965\/revisions"}],"wp:featuredmedia":[{"embeddable":true,"href":"https:\/\/www.diarioimagen.net\/index.php?rest_route=\/wp\/v2\/media\/152966"}],"wp:attachment":[{"href":"https:\/\/www.diarioimagen.net\/index.php?rest_route=%2Fwp%2Fv2%2Fmedia&parent=152965"}],"wp:term":[{"taxonomy":"category","embeddable":true,"href":"https:\/\/www.diarioimagen.net\/index.php?rest_route=%2Fwp%2Fv2%2Fcategories&post=152965"},{"taxonomy":"post_tag","embeddable":true,"href":"https:\/\/www.diarioimagen.net\/index.php?rest_route=%2Fwp%2Fv2%2Ftags&post=152965"}],"curies":[{"name":"wp","href":"https:\/\/api.w.org\/{rel}","templated":true}]}}