{"id":153044,"date":"2013-11-07T00:03:52","date_gmt":"2013-11-07T06:03:52","guid":{"rendered":"http:\/\/www.diarioimagen.net\/?p=153044"},"modified":"2013-11-12T02:01:15","modified_gmt":"2013-11-12T08:01:15","slug":"los-medios-de-comunicacion-un-servico-publico","status":"publish","type":"post","link":"https:\/\/www.diarioimagen.net\/?p=153044","title":{"rendered":"Los medios de comunicaci\u00f3n, un servico p\u00fablico"},"content":{"rendered":"<h2>Detr\u00e1s del Poder<\/h2>\n<h5>Jos\u00e9 Antonio L\u00f3pez Sosa<\/h5>\n<p><span><br \/>\nHace un par de noches, entrevistamos al senador Javier Corral con relaci\u00f3n a las nuevas tecnolog\u00edas en materia de telecomunicaciones y la reforma que espera el reglamento para entrar en vigor.<\/span><\/p>\n<p>Dentro de todo lo que nos expuso el senador \u2013cosas sin lugar a duda de inter\u00e9s general que nos permiten vislumbrar la capacidad de las telecomunicaciones en un pa\u00eds como M\u00e9xico\u2014 hubo una parte que llam\u00f3 la atenci\u00f3n en espec\u00edfico, el hecho que los medios de comunicaci\u00f3n deben ser considerados un servicio p\u00fablico y no solamente de inter\u00e9s p\u00fablico.<\/p>\n<p>Si bien los medios de comunicaci\u00f3n son en su mayor\u00eda concesiones privadas del estado, al final del d\u00eda negocios, existe una responsabilidad al ocupar el espacio radioel\u00e9ctrico de la naci\u00f3n.<\/p>\n<p>Lo que se dice, lo que no se dice, lo que se denuncia, lo que se omite, lo que se interpreta, en s\u00edntesis, lo que se transmite \u2014sea lo que sea\u2014 resulta un ente que va al p\u00fablico en general, por lo tanto se trata de un servicio p\u00fablico en manos de privados.<\/p>\n<p>El tema no es restringir esas concesiones, sino garantizar el acceso p\u00fablico no s\u00f3lo a los contenidos, sino a las r\u00e9plicas y al verificar que existan contenidos de calidad, con un respeto por las audiencias.<\/p>\n<p>En este sentido, lo m\u00e1s complicado \u2014desde nuestra visi\u00f3n\u2014 es que las grandes televisoras: Televisa y Televisi\u00f3n Azteca, entren en esta din\u00e1mica, cuando han estado acostumbrados por a\u00f1os a ser los due\u00f1os no s\u00f3lo de las concesiones sino de los contenidos, sin dejar lugar al escrutinio p\u00fablico y menos a\u00fan, a una equidad sobre todo informativamente hablando.<\/p>\n<p>Tenemos antagonismos enormes, como puede ser el hecho que una televisora (Televisa) tenga un proyecto anual de recaudaci\u00f3n de fondos (el Telet\u00f3n) a cambio de desfilar en horario estelar en el canal m\u00e1s visto del pa\u00eds y al mismo tiempo, tenga contenidos denigrantes para el ser humano, como es el programa de la conductora peruana Laura Bozzo.<\/p>\n<p>Hoy d\u00eda, no hay forma que las audiencias tengan derecho alguno sobre los contenidos, ni siquiera el hecho de opinar sobre ello, la \u201ccaja de los sue\u00f1os\u201d cumple a diario el cometido que lanzara alg\u00fan d\u00eda el fallecido Emilio Azc\u00e1rraga Milmo: trabajamos para los jodidos.<\/p>\n<p>En fin, el ver a los medios de comunicaci\u00f3n como un servicio p\u00fablico representa un reto y un avance para nuestra sociedad, afortunadamente hay legisladores como Javier Corral, comprometidos con ello y con la democratizaci\u00f3n de los medios de comunicaci\u00f3n.<\/p>\n<p><em><a href=\"mailto:lopez.sosa@mexico.com\" target=\"_blank\">lopez.sosa@mexico.com<\/a><\/em><br \/>\n<em><a href=\"http:\/\/twitter.com\/#%21\/joseantonio1977\" target=\"_blank\">@joseantonio1977<br \/>\n<\/a><\/em><em><a href=\"http:\/\/www.formulaconfidencial.com.mx\/\" target=\"_blank\">www.formulaconfidencial.com.mx<\/a><\/em><\/p>\n","protected":false},"excerpt":{"rendered":"<p><span style=\"color: #005497;\"><strong>Jos\u00e9 Antonio L\u00f3pez Sosa<\/strong><\/span><\/p>\n","protected":false},"author":3,"featured_media":0,"comment_status":"open","ping_status":"open","sticky":false,"template":"","format":"standard","meta":{"_monsterinsights_skip_tracking":false,"_monsterinsights_sitenote_active":false,"_monsterinsights_sitenote_note":"","_monsterinsights_sitenote_category":0,"footnotes":""},"categories":[637],"tags":[638,43690,902,43674],"class_list":["post-153044","post","type-post","status-publish","format-standard","hentry","category-jose-antonio-lopez-sosa","tag-detras-del-poder","tag-jose-antonio-lopez-sosa","tag-lan","tag-opinion"],"_links":{"self":[{"href":"https:\/\/www.diarioimagen.net\/index.php?rest_route=\/wp\/v2\/posts\/153044","targetHints":{"allow":["GET"]}}],"collection":[{"href":"https:\/\/www.diarioimagen.net\/index.php?rest_route=\/wp\/v2\/posts"}],"about":[{"href":"https:\/\/www.diarioimagen.net\/index.php?rest_route=\/wp\/v2\/types\/post"}],"author":[{"embeddable":true,"href":"https:\/\/www.diarioimagen.net\/index.php?rest_route=\/wp\/v2\/users\/3"}],"replies":[{"embeddable":true,"href":"https:\/\/www.diarioimagen.net\/index.php?rest_route=%2Fwp%2Fv2%2Fcomments&post=153044"}],"version-history":[{"count":0,"href":"https:\/\/www.diarioimagen.net\/index.php?rest_route=\/wp\/v2\/posts\/153044\/revisions"}],"wp:attachment":[{"href":"https:\/\/www.diarioimagen.net\/index.php?rest_route=%2Fwp%2Fv2%2Fmedia&parent=153044"}],"wp:term":[{"taxonomy":"category","embeddable":true,"href":"https:\/\/www.diarioimagen.net\/index.php?rest_route=%2Fwp%2Fv2%2Fcategories&post=153044"},{"taxonomy":"post_tag","embeddable":true,"href":"https:\/\/www.diarioimagen.net\/index.php?rest_route=%2Fwp%2Fv2%2Ftags&post=153044"}],"curies":[{"name":"wp","href":"https:\/\/api.w.org\/{rel}","templated":true}]}}