{"id":153178,"date":"2013-11-08T00:06:04","date_gmt":"2013-11-08T06:06:04","guid":{"rendered":"http:\/\/www.diarioimagen.net\/?p=153178"},"modified":"2013-11-11T03:14:40","modified_gmt":"2013-11-11T09:14:40","slug":"eruviel-avila-dara-facilidades-a-las-armadoras-de-automoviles","status":"publish","type":"post","link":"https:\/\/www.diarioimagen.net\/?p=153178","title":{"rendered":"Eruviel \u00c1vila dar\u00e1 facilidades a las armadoras de autom\u00f3viles"},"content":{"rendered":"<ul>\n<li><strong><em>Se\u00f1ala que su administraci\u00f3n trabaja para ofrecer a inversionistas m\u00e1s y mejores ventajas competitivas y se instalen en el estado<\/em><\/strong><\/li>\n<\/ul>\n<div id=\"attachment_153225\" style=\"width: 250px\" class=\"wp-caption alignleft\"><a href=\"http:\/\/www.diarioimagen.net\/wp-content\/uploads\/2013\/11\/eruviel-2225.jpg\"><img loading=\"lazy\" decoding=\"async\" aria-describedby=\"caption-attachment-153225\" class=\"size-medium wp-image-153225\" alt=\"El gobernador Eruviel \u00c1vila Villegas refrend\u00f3 la alianza de su gobierno con la Asociaci\u00f3n Mexicana de la Industria Automotriz.\" src=\"http:\/\/www.diarioimagen.net\/wp-content\/uploads\/2013\/11\/eruviel-2225-240x135.jpg\" width=\"240\" height=\"135\" srcset=\"https:\/\/www.diarioimagen.net\/wp-content\/uploads\/2013\/11\/eruviel-2225-240x135.jpg 240w, https:\/\/www.diarioimagen.net\/wp-content\/uploads\/2013\/11\/eruviel-2225-420x236.jpg 420w, https:\/\/www.diarioimagen.net\/wp-content\/uploads\/2013\/11\/eruviel-2225-235x132.jpg 235w, https:\/\/www.diarioimagen.net\/wp-content\/uploads\/2013\/11\/eruviel-2225-202x114.jpg 202w, https:\/\/www.diarioimagen.net\/wp-content\/uploads\/2013\/11\/eruviel-2225-350x196.jpg 350w, https:\/\/www.diarioimagen.net\/wp-content\/uploads\/2013\/11\/eruviel-2225-220x123.jpg 220w, https:\/\/www.diarioimagen.net\/wp-content\/uploads\/2013\/11\/eruviel-2225-237x132.jpg 237w, https:\/\/www.diarioimagen.net\/wp-content\/uploads\/2013\/11\/eruviel-2225.jpg 480w\" sizes=\"auto, (max-width: 240px) 100vw, 240px\" \/><\/a><p id=\"caption-attachment-153225\" class=\"wp-caption-text\">El gobernador Eruviel \u00c1vila Villegas refrend\u00f3 la alianza de su gobierno con la Asociaci\u00f3n Mexicana de la Industria Automotriz.<\/p><\/div>\n<p>El gobernador Eruviel \u00c1vila Villegas refrend\u00f3 la alianza de su administraci\u00f3n con la Asociaci\u00f3n Mexicana de la Industria Automotriz (AMIA), para que las inversiones y el n\u00famero de plantas de esta rama contin\u00faen creciendo en la entidad, porque ello significa m\u00e1s empleos para los mexiquenses y mayor derrama econ\u00f3mica para aumentar la competitividad del estado.<\/p>\n<p>\u201cExpres\u00e9 la solidaridad y disposici\u00f3n de generar una alianza permanente con esta asociaci\u00f3n para que esta industria siga creciendo en el pa\u00eds y, desde luego, especialmente, en el Estado de M\u00e9xico. Somos la entidad que m\u00e1s plantas tiene en materia de la industria automotriz y nos interesa al Estado de M\u00e9xico seguir promoviendo esas plantas o, en su caso, se puedan incrementar, se genere m\u00e1s derrama econ\u00f3mica y tambi\u00e9n m\u00e1s empleo y, por ende, mayor competitividad para nuestro estado\u201d, sostuvo.<\/p>\n<p>Al destacar que la industria automotriz genera m\u00e1s de 130 mil empleos en la entidad, Eruviel \u00c1vila se\u00f1al\u00f3 que su administraci\u00f3n trabaja de forma permanente para ofrecer a los inversionistas m\u00e1s y mejores ventajas competitivas, como la puesta en marcha del Programa Estatal de Reciclaje de Veh\u00edculos, con el que se han chatarrizado m\u00e1s de 43 mil automotores en lo que va del a\u00f1o, para combatir el robo de veh\u00edculos y de autopartes, as\u00ed como mejorar el medio ambiente, evitando la contaminaci\u00f3n del subsuelo, mantos fre\u00e1ticos y el aire,<\/p>\n<p>Acompa\u00f1ado de Eduardo Sol\u00eds S\u00e1nchez, presidente de la AMIA, de los consejeros de este organismo y de F\u00e9lix Adri\u00e1n Fuentes Villalobos, secretario de Desarrollo Econ\u00f3mico estatal, explic\u00f3 que este programa fue posible con la modificaci\u00f3n que la administraci\u00f3n realiz\u00f3 al C\u00f3digo Administrativo del Estado de M\u00e9xico, en sus art\u00edculos 7.7.4 y 7.7.5, para que los autom\u00f3viles que tengan m\u00e1s de seis meses en corralones o dep\u00f3sitos, sin que sean reclamados, se den por abandonados y se proceda a la chatarrizaci\u00f3n.<\/p>\n<p>El gobernador agreg\u00f3 que el gobierno del Estado de M\u00e9xico impuls\u00f3 la reforma al art\u00edculo 152 del C\u00f3digo Penal, que sanciona penalmente a los propietarios de inmuebles en donde se vendan autopartes o veh\u00edculos de procedencia il\u00edcita, y faculta a la Secretar\u00eda de Desarrollo Econ\u00f3mico para expedir una licencia de factibilidad a este tipo de establecimientos, siempre y cuando cumplan los requisitos de desarrollo urbano, impacto ambiental y se conozca la procedencia de los automotores.<\/p>\n<p>Asimismo, mencion\u00f3 que en la primera etapa de este proyecto se realiza un censo de los sitios que venden autopartes y veh\u00edculos, para verificar que cumplan con la normatividad y proceder en caso de encontrar irregularidades.<\/p>\n<p>Eruviel \u00c1vila se comprometi\u00f3 a llevar al seno de la Conferencia Nacional de Gobernadores (Conago) y de la megal\u00f3polis, las principales preocupaciones de este sector, entre las que destaca la creaci\u00f3n de una revista vehicular que asegure que los autom\u00f3viles cuentan con las condiciones f\u00edsico-mec\u00e1nicas y de seguridad para circular, garantizando la integridad de los automovilistas y los peatones.<b><\/b><\/p>\n<p>&nbsp;<\/p>\n","protected":false},"excerpt":{"rendered":"<p>El gobernador Eruviel \u00c1vila Villegas refrend\u00f3 la alianza de su administraci\u00f3n con la Asociaci\u00f3n Mexicana de la Industria Automotriz (AMIA), para que las inversiones y el n\u00famero de plantas de esta rama contin\u00faen creciendo en la entidad, porque ello significa m\u00e1s empleos para los mexiquenses y mayor derrama econ\u00f3mica para aumentar la competitividad del estado.<\/p>\n","protected":false},"author":3,"featured_media":153225,"comment_status":"open","ping_status":"open","sticky":false,"template":"","format":"standard","meta":{"_monsterinsights_skip_tracking":false,"_monsterinsights_sitenote_active":false,"_monsterinsights_sitenote_note":"","_monsterinsights_sitenote_category":0,"footnotes":""},"categories":[17,5],"tags":[],"class_list":["post-153178","post","type-post","status-publish","format-standard","has-post-thumbnail","hentry","category-especiales","category-estado-de-mexico"],"_links":{"self":[{"href":"https:\/\/www.diarioimagen.net\/index.php?rest_route=\/wp\/v2\/posts\/153178","targetHints":{"allow":["GET"]}}],"collection":[{"href":"https:\/\/www.diarioimagen.net\/index.php?rest_route=\/wp\/v2\/posts"}],"about":[{"href":"https:\/\/www.diarioimagen.net\/index.php?rest_route=\/wp\/v2\/types\/post"}],"author":[{"embeddable":true,"href":"https:\/\/www.diarioimagen.net\/index.php?rest_route=\/wp\/v2\/users\/3"}],"replies":[{"embeddable":true,"href":"https:\/\/www.diarioimagen.net\/index.php?rest_route=%2Fwp%2Fv2%2Fcomments&post=153178"}],"version-history":[{"count":0,"href":"https:\/\/www.diarioimagen.net\/index.php?rest_route=\/wp\/v2\/posts\/153178\/revisions"}],"wp:featuredmedia":[{"embeddable":true,"href":"https:\/\/www.diarioimagen.net\/index.php?rest_route=\/wp\/v2\/media\/153225"}],"wp:attachment":[{"href":"https:\/\/www.diarioimagen.net\/index.php?rest_route=%2Fwp%2Fv2%2Fmedia&parent=153178"}],"wp:term":[{"taxonomy":"category","embeddable":true,"href":"https:\/\/www.diarioimagen.net\/index.php?rest_route=%2Fwp%2Fv2%2Fcategories&post=153178"},{"taxonomy":"post_tag","embeddable":true,"href":"https:\/\/www.diarioimagen.net\/index.php?rest_route=%2Fwp%2Fv2%2Ftags&post=153178"}],"curies":[{"name":"wp","href":"https:\/\/api.w.org\/{rel}","templated":true}]}}