{"id":153271,"date":"2013-11-08T00:08:21","date_gmt":"2013-11-08T06:08:21","guid":{"rendered":"http:\/\/www.diarioimagen.net\/?p=153271"},"modified":"2013-11-08T06:36:32","modified_gmt":"2013-11-08T12:36:32","slug":"detienen-a-operador-de-el-chapo-en-sonora","status":"publish","type":"post","link":"https:\/\/www.diarioimagen.net\/?p=153271","title":{"rendered":"Detienen a operador de \u201cEl Chapo\u201d en Sonora"},"content":{"rendered":"<ul>\n<li><em><b>Lo apodan \u201cNacho P\u00e1ez\u201d o\u00a0 \u201cEl C-1\u201d<\/b><\/em><\/li>\n<\/ul>\n<p>&nbsp;<\/p>\n<div id=\"attachment_153274\" style=\"width: 250px\" class=\"wp-caption alignleft\"><a href=\"http:\/\/www.diarioimagen.net\/wp-content\/uploads\/2013\/11\/chapo-2225.jpg\"><img loading=\"lazy\" decoding=\"async\" aria-describedby=\"caption-attachment-153274\" class=\"size-medium wp-image-153274\" alt=\"Ignacio P\u00e1ez Soto, operador en Sonora del \u201cEl Chapo\u201d Guzm\u00e1n (en la imagen), fue capturado, confirma la Procuradur\u00eda estatal.\" src=\"http:\/\/www.diarioimagen.net\/wp-content\/uploads\/2013\/11\/chapo-2225-240x135.jpg\" width=\"240\" height=\"135\" srcset=\"https:\/\/www.diarioimagen.net\/wp-content\/uploads\/2013\/11\/chapo-2225-240x135.jpg 240w, https:\/\/www.diarioimagen.net\/wp-content\/uploads\/2013\/11\/chapo-2225-420x236.jpg 420w, https:\/\/www.diarioimagen.net\/wp-content\/uploads\/2013\/11\/chapo-2225-235x132.jpg 235w, https:\/\/www.diarioimagen.net\/wp-content\/uploads\/2013\/11\/chapo-2225-202x114.jpg 202w, https:\/\/www.diarioimagen.net\/wp-content\/uploads\/2013\/11\/chapo-2225-350x196.jpg 350w, https:\/\/www.diarioimagen.net\/wp-content\/uploads\/2013\/11\/chapo-2225-220x123.jpg 220w, https:\/\/www.diarioimagen.net\/wp-content\/uploads\/2013\/11\/chapo-2225-237x132.jpg 237w, https:\/\/www.diarioimagen.net\/wp-content\/uploads\/2013\/11\/chapo-2225.jpg 480w\" sizes=\"auto, (max-width: 240px) 100vw, 240px\" \/><\/a><p id=\"caption-attachment-153274\" class=\"wp-caption-text\">Ignacio P\u00e1ez Soto, operador en Sonora del \u201cEl Chapo\u201d Guzm\u00e1n (en la imagen), fue capturado, confirma la Procuradur\u00eda estatal.<\/p><\/div>\n<p>La Procuradur\u00eda General de Justicia del Estado de Sonora confirm\u00f3 la detenci\u00f3n de Ignacio P\u00e1ez Soto \u201cNacho P\u00e1ez\u201d o el \u201cC-1\u201d, principal operador de Joaqu\u00edn \u201cEl Chapo\u201d Guzm\u00e1n.<\/p>\n<p>Seg\u00fan las indagaciones realizadas hasta el momento, el sospechoso reportaba de manera directa a \u201cEl Chapo\u201d\u00a0 las actividades de trasiego de droga, cobro de piso y tr\u00e1fico de personas en el corredor Caborca-Santa Ana-Nogales.<\/p>\n<p>\u201cNacho P\u00e1ez\u201d hab\u00eda sido detenido en septiembre de 2009 y era buscado por el gobierno de los Estados Unidos cuyo Departamento del Tesoro procedi\u00f3 al congelamiento de diversos bienes que posee en ese pa\u00eds.<\/p>\n<p>Las autoridades informaron que P\u00e1ez Soto tom\u00f3 el control de la plaza en Caborca, Sonora, luego del asesinato de su hermano Octavio P\u00e1ez Soto, en abril de 2004, y desde ese momento operaba con grupos delincuenciales identificados como \u201cLos Sabori\u201d y \u201cLos Paleteros\u201d, en sus operaciones de \u00a0narcotr\u00e1fico, extorsi\u00f3n y tr\u00e1fico de indocumentados.<\/p>\n<p>Se dio a conocer que con base en labores de inteligencia, elementos de la Polic\u00eda Federal ubicaron al sospechoso cuando se trasladaba a bordo de una camioneta blindada Jeep Grand Cherokee por el poblado de Piquito.<\/p>\n<p>El presunto jefe de plaza del c\u00e1rtel de Sinaloa fue aprehendido junto con sus escoltas Reynaldo Alejandro del R\u00edo L\u00f3pez, alias \u201cEl Tongo\u201d, y Francisco Ricardo Berm\u00fadez M\u00e9ndez, \u201cEl Talib\u00e1n\u201d.<\/p>\n<p>La Procuradur\u00eda de Justicia sonorense dijo que el \u201cfactor sorpresa\u201d, que deriv\u00f3 de las tareas de inteligencia de la Polic\u00eda Federal, \u201cpermitieron dar este golpe contundente sin disparar un solo tiro\u201d.<\/p>\n","protected":false},"excerpt":{"rendered":"<p>La Procuradur\u00eda General de Justicia del Estado de Sonora confirm\u00f3 la detenci\u00f3n de Ignacio P\u00e1ez Soto \u201cNacho P\u00e1ez\u201d o el \u201cC-1\u201d, principal operador de Joaqu\u00edn \u201cEl Chapo\u201d Guzm\u00e1n.<\/p>\n","protected":false},"author":1,"featured_media":153274,"comment_status":"open","ping_status":"open","sticky":false,"template":"","format":"standard","meta":{"_monsterinsights_skip_tracking":false,"_monsterinsights_sitenote_active":false,"_monsterinsights_sitenote_note":"","_monsterinsights_sitenote_category":0,"footnotes":""},"categories":[7],"tags":[43677],"class_list":["post-153271","post","type-post","status-publish","format-standard","has-post-thumbnail","hentry","category-seguridad","tag-seguridad"],"_links":{"self":[{"href":"https:\/\/www.diarioimagen.net\/index.php?rest_route=\/wp\/v2\/posts\/153271","targetHints":{"allow":["GET"]}}],"collection":[{"href":"https:\/\/www.diarioimagen.net\/index.php?rest_route=\/wp\/v2\/posts"}],"about":[{"href":"https:\/\/www.diarioimagen.net\/index.php?rest_route=\/wp\/v2\/types\/post"}],"author":[{"embeddable":true,"href":"https:\/\/www.diarioimagen.net\/index.php?rest_route=\/wp\/v2\/users\/1"}],"replies":[{"embeddable":true,"href":"https:\/\/www.diarioimagen.net\/index.php?rest_route=%2Fwp%2Fv2%2Fcomments&post=153271"}],"version-history":[{"count":0,"href":"https:\/\/www.diarioimagen.net\/index.php?rest_route=\/wp\/v2\/posts\/153271\/revisions"}],"wp:featuredmedia":[{"embeddable":true,"href":"https:\/\/www.diarioimagen.net\/index.php?rest_route=\/wp\/v2\/media\/153274"}],"wp:attachment":[{"href":"https:\/\/www.diarioimagen.net\/index.php?rest_route=%2Fwp%2Fv2%2Fmedia&parent=153271"}],"wp:term":[{"taxonomy":"category","embeddable":true,"href":"https:\/\/www.diarioimagen.net\/index.php?rest_route=%2Fwp%2Fv2%2Fcategories&post=153271"},{"taxonomy":"post_tag","embeddable":true,"href":"https:\/\/www.diarioimagen.net\/index.php?rest_route=%2Fwp%2Fv2%2Ftags&post=153271"}],"curies":[{"name":"wp","href":"https:\/\/api.w.org\/{rel}","templated":true}]}}