{"id":153302,"date":"2013-11-11T00:13:03","date_gmt":"2013-11-11T06:13:03","guid":{"rendered":"http:\/\/www.diarioimagen.net\/?p=153302"},"modified":"2013-11-11T03:05:25","modified_gmt":"2013-11-11T09:05:25","slug":"fortalece-estado-de-mexico-sus-relaciones-con-paises-asiaticos","status":"publish","type":"post","link":"https:\/\/www.diarioimagen.net\/?p=153302","title":{"rendered":"Fortalece Estado de M\u00e9xico sus relaciones con pa\u00edses asi\u00e1ticos"},"content":{"rendered":"<h2>Arco Norte<\/h2>\n<h5>Jos\u00e9 Luis Monta\u00f1ez Aguilar<\/h5>\n<p><span>\u00a0<\/span><\/p>\n<div id=\"attachment_153371\" style=\"width: 250px\" class=\"wp-caption alignleft\"><a href=\"http:\/\/www.diarioimagen.net\/wp-content\/uploads\/2013\/11\/arco-2226.jpg\"><img loading=\"lazy\" decoding=\"async\" aria-describedby=\"caption-attachment-153371\" class=\"size-medium wp-image-153371\" alt=\"Jinan, capital de Shandong, China.\" src=\"http:\/\/www.diarioimagen.net\/wp-content\/uploads\/2013\/11\/arco-2226-240x135.jpg\" width=\"240\" height=\"135\" srcset=\"https:\/\/www.diarioimagen.net\/wp-content\/uploads\/2013\/11\/arco-2226-240x135.jpg 240w, https:\/\/www.diarioimagen.net\/wp-content\/uploads\/2013\/11\/arco-2226-420x236.jpg 420w, https:\/\/www.diarioimagen.net\/wp-content\/uploads\/2013\/11\/arco-2226-235x132.jpg 235w, https:\/\/www.diarioimagen.net\/wp-content\/uploads\/2013\/11\/arco-2226-202x114.jpg 202w, https:\/\/www.diarioimagen.net\/wp-content\/uploads\/2013\/11\/arco-2226-350x196.jpg 350w, https:\/\/www.diarioimagen.net\/wp-content\/uploads\/2013\/11\/arco-2226-220x123.jpg 220w, https:\/\/www.diarioimagen.net\/wp-content\/uploads\/2013\/11\/arco-2226-237x132.jpg 237w, https:\/\/www.diarioimagen.net\/wp-content\/uploads\/2013\/11\/arco-2226.jpg 480w\" sizes=\"auto, (max-width: 240px) 100vw, 240px\" \/><\/a><p id=\"caption-attachment-153371\" class=\"wp-caption-text\">Jinan, capital de Shandong, China.<\/p><\/div>\n<p><span>El gobierno del Estado de M\u00e9xico estrecha relaciones y fortalece el intercambio cultural, acad\u00e9mico, comercial y tur\u00edstico con de Shandong, China, inform\u00f3 el gobernador Eruviel \u00c1vila Villegas, luego de reunirse con una delegaci\u00f3n de esa provincia encabezada por el secretario general del gobierno de esa localidad, Hao Feng. \u201cNos toca a los gobiernos locales y provincias fortalecer esas relaciones, nuestros v\u00ednculos culturales, acad\u00e9micos, de comercio, desde luego y aspiramos a que atendiendo los protocolos de nuestros respectivos estados, concretar esta sociedad de amistad, de hermandad con Shandong y el Estado de M\u00e9xico\u201d, expres\u00f3. Luego de dar la bienvenida, Eruviel \u00c1vila expres\u00f3 su confianza en poder concretar dicha sociedad, debido a las similitudes entre ambas entidades, como ser las m\u00e1s pobladas de sus respectivos pa\u00edses, su importancia econ\u00f3mica, ser l\u00edderes en sectores como la industria y el comercio, su aportaci\u00f3n al Producto Interno Bruto de sus respectivas naciones, entre otras. Agreg\u00f3 que ante el fortalecimiento de relaciones entre M\u00e9xico y China, con el reciente encuentro de los presidentes de ambas naciones, las entidades deben aprovecharlo y estrechar el acercamiento para fortalecer los lazos, pues en este caso tanto el Estado de M\u00e9xico como Shandong cuentan con desarrollo, infraestructura y diversos aspectos atractivos para lograrlo. Al enviar saludos a su hom\u00f3logo de Shandong, el gobernador confi\u00f3 en que pronto visite tierras mexiquenses, al tiempo de hacer votos para que en breve se concrete la sociedad de amistad y hermandad para poder corresponder a esta reciente visita. Por su parte, Hao Feng destac\u00f3 que es la primera vez que una representaci\u00f3n de la provincia de Shandong visita el Estado de M\u00e9xico, por lo que agradeci\u00f3 al gobernador el recibimiento y el inter\u00e9s de establecer dichas alianzas.<\/span><\/p>\n<p><em><\/em><em><a href=\"mailto:montanezaguilar@gmail.com\" target=\"_blank\">montanezaguilar@gmail.com<\/a><\/em><\/p>\n","protected":false},"excerpt":{"rendered":"<p><span style=\"color: #005497;\"><strong>Jos\u00e9 Luis Monta\u00f1ez Aguilar<\/strong><\/span><br \/>\n<br \/>\nEl gobierno del Estado de M\u00e9xico estrecha relaciones y fortalece el intercambio cultural, acad\u00e9mico, comercial y tur\u00edstico con de Shandong, China, inform\u00f3 el gobernador Eruviel \u00c1vila Villegas, luego de reunirse con una delegaci\u00f3n de esa provincia encabezada por el secretario general del gobierno de esa localidad, Hao Feng.<\/p>\n","protected":false},"author":3,"featured_media":153371,"comment_status":"open","ping_status":"open","sticky":false,"template":"","format":"standard","meta":{"_monsterinsights_skip_tracking":false,"_monsterinsights_sitenote_active":false,"_monsterinsights_sitenote_note":"","_monsterinsights_sitenote_category":0,"footnotes":""},"categories":[5],"tags":[13284,1361,5828,43704,43674],"class_list":["post-153302","post","type-post","status-publish","format-standard","has-post-thumbnail","hentry","category-estado-de-mexico","tag-arco-norte","tag-china","tag-eruviel-avila-villegas","tag-jose-luis-montanez-aguilar","tag-opinion"],"_links":{"self":[{"href":"https:\/\/www.diarioimagen.net\/index.php?rest_route=\/wp\/v2\/posts\/153302","targetHints":{"allow":["GET"]}}],"collection":[{"href":"https:\/\/www.diarioimagen.net\/index.php?rest_route=\/wp\/v2\/posts"}],"about":[{"href":"https:\/\/www.diarioimagen.net\/index.php?rest_route=\/wp\/v2\/types\/post"}],"author":[{"embeddable":true,"href":"https:\/\/www.diarioimagen.net\/index.php?rest_route=\/wp\/v2\/users\/3"}],"replies":[{"embeddable":true,"href":"https:\/\/www.diarioimagen.net\/index.php?rest_route=%2Fwp%2Fv2%2Fcomments&post=153302"}],"version-history":[{"count":0,"href":"https:\/\/www.diarioimagen.net\/index.php?rest_route=\/wp\/v2\/posts\/153302\/revisions"}],"wp:featuredmedia":[{"embeddable":true,"href":"https:\/\/www.diarioimagen.net\/index.php?rest_route=\/wp\/v2\/media\/153371"}],"wp:attachment":[{"href":"https:\/\/www.diarioimagen.net\/index.php?rest_route=%2Fwp%2Fv2%2Fmedia&parent=153302"}],"wp:term":[{"taxonomy":"category","embeddable":true,"href":"https:\/\/www.diarioimagen.net\/index.php?rest_route=%2Fwp%2Fv2%2Fcategories&post=153302"},{"taxonomy":"post_tag","embeddable":true,"href":"https:\/\/www.diarioimagen.net\/index.php?rest_route=%2Fwp%2Fv2%2Ftags&post=153302"}],"curies":[{"name":"wp","href":"https:\/\/api.w.org\/{rel}","templated":true}]}}