{"id":153357,"date":"2013-11-11T00:08:39","date_gmt":"2013-11-11T06:08:39","guid":{"rendered":"http:\/\/www.diarioimagen.net\/?p=153357"},"modified":"2013-11-11T02:37:15","modified_gmt":"2013-11-11T08:37:15","slug":"reconocen-a-empleados-de-naucalpan-con-25-y-30-anos-de-servicio","status":"publish","type":"post","link":"https:\/\/www.diarioimagen.net\/?p=153357","title":{"rendered":"Reconocen a empleados de Naucalpan con 25 y 30 a\u00f1os de servicio"},"content":{"rendered":"<p><a href=\"http:\/\/www.diarioimagen.net\/wp-content\/uploads\/2013\/11\/edomex-2226.jpg\"><img loading=\"lazy\" decoding=\"async\" class=\"aligncenter size-large wp-image-153389\" alt=\"edomex-2226\" src=\"http:\/\/www.diarioimagen.net\/wp-content\/uploads\/2013\/11\/edomex-2226-420x236.jpg\" width=\"420\" height=\"236\" srcset=\"https:\/\/www.diarioimagen.net\/wp-content\/uploads\/2013\/11\/edomex-2226-420x236.jpg 420w, https:\/\/www.diarioimagen.net\/wp-content\/uploads\/2013\/11\/edomex-2226-240x135.jpg 240w, https:\/\/www.diarioimagen.net\/wp-content\/uploads\/2013\/11\/edomex-2226-235x132.jpg 235w, https:\/\/www.diarioimagen.net\/wp-content\/uploads\/2013\/11\/edomex-2226-202x114.jpg 202w, https:\/\/www.diarioimagen.net\/wp-content\/uploads\/2013\/11\/edomex-2226-350x196.jpg 350w, https:\/\/www.diarioimagen.net\/wp-content\/uploads\/2013\/11\/edomex-2226-220x123.jpg 220w, https:\/\/www.diarioimagen.net\/wp-content\/uploads\/2013\/11\/edomex-2226-237x132.jpg 237w, https:\/\/www.diarioimagen.net\/wp-content\/uploads\/2013\/11\/edomex-2226.jpg 480w\" sizes=\"auto, (max-width: 420px) 100vw, 420px\" \/><\/a><\/p>\n<p>Ren\u00e9 Palomares Parra, dirigente del SUTEyM, secci\u00f3n Naucalpan, entreg\u00f3 reconocimiento a empleados con 25 y 30 a\u00f1os de servicio durante el 75 aniversario del sindicato en este municipio.<\/p>\n","protected":false},"excerpt":{"rendered":"<p>Ren\u00e9 Palomares Parra, dirigente del SUTEyM, secci\u00f3n Naucalpan, entreg\u00f3 reconocimiento a empleados con 25 y 30 a\u00f1os de servicio durante el 75 aniversario del sindicato en este municipio.<\/p>\n","protected":false},"author":3,"featured_media":153389,"comment_status":"open","ping_status":"open","sticky":false,"template":"","format":"standard","meta":{"_monsterinsights_skip_tracking":false,"_monsterinsights_sitenote_active":false,"_monsterinsights_sitenote_note":"","_monsterinsights_sitenote_category":0,"footnotes":""},"categories":[5],"tags":[43675,970,12862],"class_list":["post-153357","post","type-post","status-publish","format-standard","has-post-thumbnail","hentry","category-estado-de-mexico","tag-estado-de-mexico","tag-naucalpan","tag-reconocimiento"],"_links":{"self":[{"href":"https:\/\/www.diarioimagen.net\/index.php?rest_route=\/wp\/v2\/posts\/153357","targetHints":{"allow":["GET"]}}],"collection":[{"href":"https:\/\/www.diarioimagen.net\/index.php?rest_route=\/wp\/v2\/posts"}],"about":[{"href":"https:\/\/www.diarioimagen.net\/index.php?rest_route=\/wp\/v2\/types\/post"}],"author":[{"embeddable":true,"href":"https:\/\/www.diarioimagen.net\/index.php?rest_route=\/wp\/v2\/users\/3"}],"replies":[{"embeddable":true,"href":"https:\/\/www.diarioimagen.net\/index.php?rest_route=%2Fwp%2Fv2%2Fcomments&post=153357"}],"version-history":[{"count":0,"href":"https:\/\/www.diarioimagen.net\/index.php?rest_route=\/wp\/v2\/posts\/153357\/revisions"}],"wp:featuredmedia":[{"embeddable":true,"href":"https:\/\/www.diarioimagen.net\/index.php?rest_route=\/wp\/v2\/media\/153389"}],"wp:attachment":[{"href":"https:\/\/www.diarioimagen.net\/index.php?rest_route=%2Fwp%2Fv2%2Fmedia&parent=153357"}],"wp:term":[{"taxonomy":"category","embeddable":true,"href":"https:\/\/www.diarioimagen.net\/index.php?rest_route=%2Fwp%2Fv2%2Fcategories&post=153357"},{"taxonomy":"post_tag","embeddable":true,"href":"https:\/\/www.diarioimagen.net\/index.php?rest_route=%2Fwp%2Fv2%2Ftags&post=153357"}],"curies":[{"name":"wp","href":"https:\/\/api.w.org\/{rel}","templated":true}]}}