{"id":153474,"date":"2013-11-12T00:02:04","date_gmt":"2013-11-12T06:02:04","guid":{"rendered":"http:\/\/www.diarioimagen.net\/?p=153474"},"modified":"2013-11-13T02:19:12","modified_gmt":"2013-11-13T08:19:12","slug":"emigrar","status":"publish","type":"post","link":"https:\/\/www.diarioimagen.net\/?p=153474","title":{"rendered":"Emigrar"},"content":{"rendered":"<h2>Acta P\u00fablica<\/h2>\n<h5>Claudia Rodr\u00edguez<\/h5>\n<p><span><br \/>\nYa perd\u00ed la cuenta.\u00a0 Pero cada vez que comento con mis hijos asuntos financieros y de econom\u00eda familiar como para respaldar lo magro que cada vez m\u00e1s se tiene que ir haciendo nuestro gasto, siempre uno de ellos propone irnos a otro pa\u00eds.<\/span><\/p>\n<p>No es la soluci\u00f3n y no es tan f\u00e1cil, son los comentarios que dan base a mi respuesta a la idea del peque\u00f1o de emigrar de nuestra naci\u00f3n.<\/p>\n<p>\u00bfDe d\u00f3nde sale esa idea tan firme de dejar al pa\u00eds para encontrar mejores oportunidades y nivel de bienestar de un peque\u00f1o de nueve a\u00f1os que cuenta con un techo para dormir, come a diario y asiste al colegio por citar lo m\u00ednimo de las asistencias con que cuenta para vivir?<\/p>\n<p>Sin embargo, su propuesta y la respuesta negativa me comprometen respecto a las oportunidades que podr\u00e1 encontrar aqu\u00ed en M\u00e9xico en su etapa de hombre productivo y que en lo que a m\u00ed respecta, no pronostico mejoras a corto y mediano plazos.<\/p>\n<p>S\u00f3lo habr\u00eda que echar un vistazo al nivel salarial de nuestro pa\u00eds respecto a otras naciones, ya no se diga de otro continente o de los de Am\u00e9rica del Norte, sino de los de Latinoam\u00e9rica. Con datos de la Comisi\u00f3n Econ\u00f3mica para Am\u00e9rica Latina y el Caribe (Cepal) y de la Organizaci\u00f3n Internacional del Trabajo (OIT), en M\u00e9xico, el salario real de un trabajador durante el primer semestre de este a\u00f1o, creci\u00f3 menos de medio punto porcentual respecto al mismo periodo del 2012, mientras que en pa\u00edses con percepciones similares a las nuestras como Brasil, Chile, Colombia, Panam\u00e1 y Uruguay, el aumento fue de entre uno y 4.5 puntos porcentuales.<\/p>\n<p>El discurso gubernamental y de algunos l\u00edderes de partidos pol\u00edticos, promete crecimiento y desarrollo para el pr\u00f3ximo 2014, pero a menos que sea para ese a\u00f1o exclusivamente, yo creo que el alegato institucional no mentir\u00e1.<\/p>\n<p>Es rid\u00edculo pensar que una naci\u00f3n va en la ruta del desarrollo cuando la reforma educativa que incide sobre todo en los primeros a\u00f1os de instrucci\u00f3n de los educandos, no termina de aterrizar, ni de convencer a los maestros que imparten esos niveles de instrucci\u00f3n en el territorio nacional; adem\u00e1s de que con la reforma hacendaria y miscel\u00e1nea fiscal, de nueva cuenta los recursos asignados a la educaci\u00f3n superior fueron reducidos y al respecto, advirtieron ya los rectores de varias universidades, que ser\u00e1 imposible cumplir con las metas de calidad y cobertura programadas por la administraci\u00f3n federal.<\/p>\n<p>Emigrar no es la soluci\u00f3n, ni es tan sencillo.\u00a0Pero tal vez sea la soluci\u00f3n del valiente ante la adversidad.<\/p>\n<p><b><i>Acta Divina\u2026<\/i><\/b>El coordinador del PRI en la C\u00e1mara de Diputados, Manlio Fabio Beltrones, asegur\u00f3 que con el Presupuesto de Egresos 2014 se impulsar\u00e1 el crecimiento, el empleo y el desarrollo social, con criterios de transparencia, austeridad y cuentas claras del gasto p\u00fablico.<\/p>\n<p><em><a href=\"mailto:actapublica@gmail.com\" target=\"_blank\">actapublica@gmail.com<\/a><\/em><\/p>\n","protected":false},"excerpt":{"rendered":"<p><span style=\"color: #005497;\"><strong>Claudia Rodr\u00edguez<\/strong><\/span><\/p>\n","protected":false},"author":3,"featured_media":0,"comment_status":"open","ping_status":"open","sticky":false,"template":"","format":"standard","meta":{"_monsterinsights_skip_tracking":false,"_monsterinsights_sitenote_active":false,"_monsterinsights_sitenote_note":"","_monsterinsights_sitenote_category":0,"footnotes":""},"categories":[1281],"tags":[8606,43674],"class_list":["post-153474","post","type-post","status-publish","format-standard","hentry","category-claudia-rodriguez","tag-manlio-fabio-beltrones-rivera","tag-opinion"],"_links":{"self":[{"href":"https:\/\/www.diarioimagen.net\/index.php?rest_route=\/wp\/v2\/posts\/153474","targetHints":{"allow":["GET"]}}],"collection":[{"href":"https:\/\/www.diarioimagen.net\/index.php?rest_route=\/wp\/v2\/posts"}],"about":[{"href":"https:\/\/www.diarioimagen.net\/index.php?rest_route=\/wp\/v2\/types\/post"}],"author":[{"embeddable":true,"href":"https:\/\/www.diarioimagen.net\/index.php?rest_route=\/wp\/v2\/users\/3"}],"replies":[{"embeddable":true,"href":"https:\/\/www.diarioimagen.net\/index.php?rest_route=%2Fwp%2Fv2%2Fcomments&post=153474"}],"version-history":[{"count":0,"href":"https:\/\/www.diarioimagen.net\/index.php?rest_route=\/wp\/v2\/posts\/153474\/revisions"}],"wp:attachment":[{"href":"https:\/\/www.diarioimagen.net\/index.php?rest_route=%2Fwp%2Fv2%2Fmedia&parent=153474"}],"wp:term":[{"taxonomy":"category","embeddable":true,"href":"https:\/\/www.diarioimagen.net\/index.php?rest_route=%2Fwp%2Fv2%2Fcategories&post=153474"},{"taxonomy":"post_tag","embeddable":true,"href":"https:\/\/www.diarioimagen.net\/index.php?rest_route=%2Fwp%2Fv2%2Ftags&post=153474"}],"curies":[{"name":"wp","href":"https:\/\/api.w.org\/{rel}","templated":true}]}}