{"id":153488,"date":"2013-11-12T00:05:00","date_gmt":"2013-11-12T06:05:00","guid":{"rendered":"http:\/\/www.diarioimagen.net\/?p=153488"},"modified":"2013-11-13T04:31:38","modified_gmt":"2013-11-13T10:31:38","slug":"pena-nieto-recibe-a-los-principes-de-dinamarca","status":"publish","type":"post","link":"https:\/\/www.diarioimagen.net\/?p=153488","title":{"rendered":"Pe\u00f1a Nieto recibe a los pr\u00edncipes de Dinamarca"},"content":{"rendered":"<ul>\n<li><strong><em>La visita de la realeza danesa tiene el objetivo de fortalecer los lazos comerciales, sociales y educativos entre ambos pa\u00edses<\/em><\/strong><\/li>\n<\/ul>\n<h6>Roberto Vizca\u00edno<\/h6>\n<div id=\"attachment_153514\" style=\"width: 250px\" class=\"wp-caption alignleft\"><a href=\"http:\/\/www.diarioimagen.net\/wp-content\/uploads\/2013\/11\/epn-2227.jpg\"><img loading=\"lazy\" decoding=\"async\" aria-describedby=\"caption-attachment-153514\" class=\"size-medium wp-image-153514\" alt=\"El presidente Enrique Pe\u00f1a Nieto, junto con su esposa Ang\u00e9lica Rivera, recibi\u00f3 en la residencia oficial de Los Pinos al pr\u00edncipe de Dinamarca, Frederik Andr\u00e9 Henrik Christian de Gl\u00fccksburg y a su esposa Mary.\" src=\"http:\/\/www.diarioimagen.net\/wp-content\/uploads\/2013\/11\/epn-2227-240x135.jpg\" width=\"240\" height=\"135\" srcset=\"https:\/\/www.diarioimagen.net\/wp-content\/uploads\/2013\/11\/epn-2227-240x135.jpg 240w, https:\/\/www.diarioimagen.net\/wp-content\/uploads\/2013\/11\/epn-2227-420x236.jpg 420w, https:\/\/www.diarioimagen.net\/wp-content\/uploads\/2013\/11\/epn-2227-235x132.jpg 235w, https:\/\/www.diarioimagen.net\/wp-content\/uploads\/2013\/11\/epn-2227-202x114.jpg 202w, https:\/\/www.diarioimagen.net\/wp-content\/uploads\/2013\/11\/epn-2227-350x196.jpg 350w, https:\/\/www.diarioimagen.net\/wp-content\/uploads\/2013\/11\/epn-2227-220x123.jpg 220w, https:\/\/www.diarioimagen.net\/wp-content\/uploads\/2013\/11\/epn-2227-237x132.jpg 237w, https:\/\/www.diarioimagen.net\/wp-content\/uploads\/2013\/11\/epn-2227.jpg 480w\" sizes=\"auto, (max-width: 240px) 100vw, 240px\" \/><\/a><p id=\"caption-attachment-153514\" class=\"wp-caption-text\">El presidente Enrique Pe\u00f1a Nieto, junto con su esposa Ang\u00e9lica Rivera, recibi\u00f3 en la residencia oficial de Los Pinos al pr\u00edncipe de Dinamarca, Frederik Andr\u00e9 Henrik Christian de Gl\u00fccksburg y a su esposa Mary.<\/p><\/div>\n<p>Acompa\u00f1ado por su esposa Ang\u00e9lica Riera, el presidente Enrique Pe\u00f1a Nieto recibi\u00f3 ayer en Los Pinos la visita de los pr\u00edncipes herederos de Dinamarca, Frederik Andr\u00e9 Henrik Christian de Gl\u00fcksburg y su esposa Mary, con quienes hicieron votos para fortalecer los lazos comerciales, sociales y educativos entre ambos pa\u00edses.<\/p>\n<p>Dinamarca, con 5.5 millones de habitantes y una superficie de 43 mil 098 kil\u00f3metros cuadrados, es la econom\u00eda n\u00famero 32 en el mundo y cuenta con un PIB por sobre los 210 mil 147 millones de d\u00f3lares anuales y un ingreso per c\u00e1pita estimado en 56 mil 202 d\u00f3lares por habitante.<\/p>\n<p>La ceremonia de bienvenida se realiz\u00f3 al medio d\u00eda de ayer en las escalinatas de la casa Miguel Alem\u00e1n de la residencia oficial para luego pasar a encuentros privados del presidente Pe\u00f1a Nieto con el pr\u00edncipe Frederik y de la se\u00f1ora Rivera con la princesa Mary.<\/p>\n<p>En su cuenta en Twitter, el mandatario mexicano indic\u00f3 que la visita del heredero a la corona danesa estrechar\u00e1 los lazos econ\u00f3micos y la cooperaci\u00f3n con importantes sectores de M\u00e9xico.<\/p>\n<p>\u201cEsta visita fortalecer\u00e1 los lazos econ\u00f3micos entre nuestras naciones, y la cooperaci\u00f3n en materia de salud, educaci\u00f3n, energ\u00eda y ambiental\u201d.<\/p>\n<p>La pareja real lleg\u00f3 a la ciudad de M\u00e9xico, para permanecer aqu\u00ed durante los pr\u00f3ximos tres d\u00edas y reunirse con representantes de los sectores agroalimentario, energ\u00e9tico, farmac\u00e9utico, de transportes, infraestructura y salud.<\/p>\n<p>Los pr\u00edncipes daneses viajan acompa\u00f1ados por una delegaci\u00f3n de empresarios y representantes del sectores antes se\u00f1alados, a fin de reunirse con funcionarios mexicanos y desarrollar una agenda de trabajo que derive en acuerdos en estas \u00e1reas.<\/p>\n<p>En este viaje los pr\u00edncipes visitar\u00e1n la Fundaci\u00f3n CTDUCA que se dedica a la atenci\u00f3n integral de personas Down, as\u00ed como a la Fundaci\u00f3n DIARQ, a la cual la princesa Mary de Dinamarca har\u00e1 un donativo.<\/p>\n<p>En este contexto la empresa danesa LEGO har\u00e1 un donativo de juguetes a la Asociaci\u00f3n \u201cColibr\u00ed\u201d del Estado de Michoac\u00e1n, \u00a0asociaci\u00f3n especializada en la atenci\u00f3n a ni\u00f1os con discapacidad y adem\u00e1s donar\u00e1 250 mil pesos a la Confederaci\u00f3n Nacional de Asociaciones de Atenci\u00f3n a personas con discapacidad.<b><\/b><\/p>\n<p>&nbsp;<\/p>\n","protected":false},"excerpt":{"rendered":"<p><span style=\"color: #005497;\"><strong>Roberto Vizca\u00edno<\/strong><\/span><br \/>\n<br \/>\nAcompa\u00f1ado por su esposa Ang\u00e9lica Riera, el presidente Enrique Pe\u00f1a Nieto recibi\u00f3 ayer en Los Pinos la visita de los pr\u00edncipes herederos de Dinamarca, Frederik Andr\u00e9 Henrik Christian de Gl\u00fcksburg y su esposa Mary, con quienes hicieron votos para fortalecer los lazos comerciales, sociales y educativos entre ambos pa\u00edses.<\/p>\n","protected":false},"author":3,"featured_media":153514,"comment_status":"open","ping_status":"open","sticky":false,"template":"","format":"standard","meta":{"_monsterinsights_skip_tracking":false,"_monsterinsights_sitenote_active":false,"_monsterinsights_sitenote_note":"","_monsterinsights_sitenote_category":0,"footnotes":""},"categories":[17,3],"tags":[3165,18,44],"class_list":["post-153488","post","type-post","status-publish","format-standard","has-post-thumbnail","hentry","category-especiales","category-nacional","tag-dinamarca","tag-enrique-pena-nieto","tag-mexico"],"_links":{"self":[{"href":"https:\/\/www.diarioimagen.net\/index.php?rest_route=\/wp\/v2\/posts\/153488","targetHints":{"allow":["GET"]}}],"collection":[{"href":"https:\/\/www.diarioimagen.net\/index.php?rest_route=\/wp\/v2\/posts"}],"about":[{"href":"https:\/\/www.diarioimagen.net\/index.php?rest_route=\/wp\/v2\/types\/post"}],"author":[{"embeddable":true,"href":"https:\/\/www.diarioimagen.net\/index.php?rest_route=\/wp\/v2\/users\/3"}],"replies":[{"embeddable":true,"href":"https:\/\/www.diarioimagen.net\/index.php?rest_route=%2Fwp%2Fv2%2Fcomments&post=153488"}],"version-history":[{"count":0,"href":"https:\/\/www.diarioimagen.net\/index.php?rest_route=\/wp\/v2\/posts\/153488\/revisions"}],"wp:featuredmedia":[{"embeddable":true,"href":"https:\/\/www.diarioimagen.net\/index.php?rest_route=\/wp\/v2\/media\/153514"}],"wp:attachment":[{"href":"https:\/\/www.diarioimagen.net\/index.php?rest_route=%2Fwp%2Fv2%2Fmedia&parent=153488"}],"wp:term":[{"taxonomy":"category","embeddable":true,"href":"https:\/\/www.diarioimagen.net\/index.php?rest_route=%2Fwp%2Fv2%2Fcategories&post=153488"},{"taxonomy":"post_tag","embeddable":true,"href":"https:\/\/www.diarioimagen.net\/index.php?rest_route=%2Fwp%2Fv2%2Ftags&post=153488"}],"curies":[{"name":"wp","href":"https:\/\/api.w.org\/{rel}","templated":true}]}}