{"id":153506,"date":"2013-11-12T00:08:50","date_gmt":"2013-11-12T06:08:50","guid":{"rendered":"http:\/\/www.diarioimagen.net\/?p=153506"},"modified":"2013-11-12T04:39:06","modified_gmt":"2013-11-12T10:39:06","slug":"la-produccion-industrial-cae-1-6-en-septiembre","status":"publish","type":"post","link":"https:\/\/www.diarioimagen.net\/?p=153506","title":{"rendered":"La producci\u00f3n industrial cae 1.6% en septiembre"},"content":{"rendered":"<ul>\n<li><strong><em>Respecto al mismo mes de 2012<\/em><\/strong><\/li>\n<\/ul>\n<div id=\"attachment_152211\" style=\"width: 250px\" class=\"wp-caption alignleft\"><a href=\"http:\/\/www.diarioimagen.net\/wp-content\/uploads\/2013\/10\/inegi-2218.jpg\"><img loading=\"lazy\" decoding=\"async\" aria-describedby=\"caption-attachment-152211\" class=\"size-medium wp-image-152211\" alt=\"INEGI.\" src=\"http:\/\/www.diarioimagen.net\/wp-content\/uploads\/2013\/10\/inegi-2218-240x135.jpg\" width=\"240\" height=\"135\" srcset=\"https:\/\/www.diarioimagen.net\/wp-content\/uploads\/2013\/10\/inegi-2218-240x135.jpg 240w, https:\/\/www.diarioimagen.net\/wp-content\/uploads\/2013\/10\/inegi-2218-420x236.jpg 420w, https:\/\/www.diarioimagen.net\/wp-content\/uploads\/2013\/10\/inegi-2218-235x132.jpg 235w, https:\/\/www.diarioimagen.net\/wp-content\/uploads\/2013\/10\/inegi-2218-202x114.jpg 202w, https:\/\/www.diarioimagen.net\/wp-content\/uploads\/2013\/10\/inegi-2218-350x196.jpg 350w, https:\/\/www.diarioimagen.net\/wp-content\/uploads\/2013\/10\/inegi-2218-220x123.jpg 220w, https:\/\/www.diarioimagen.net\/wp-content\/uploads\/2013\/10\/inegi-2218-237x132.jpg 237w, https:\/\/www.diarioimagen.net\/wp-content\/uploads\/2013\/10\/inegi-2218.jpg 480w\" sizes=\"auto, (max-width: 240px) 100vw, 240px\" \/><\/a><p id=\"caption-attachment-152211\" class=\"wp-caption-text\">INEGI.<\/p><\/div>\n<p>En septiembre de este a\u00f1o, la producci\u00f3n industrial del pa\u00eds disminuy\u00f3 1.6 por ciento respecto a igual mes de 2012, una baja mayor a la esperada, con lo que liga dos meses con retrocesos a tasa anual.<\/p>\n<p>El Instituto Nacional de Estad\u00edstica y Geograf\u00eda (INEGI) informa que con cifras desestacionalizadas, la producci\u00f3n industrial nacional se redujo 1.15 por ciento en septiembre respecto al mes previo, su primera baja tras cuatro meses con incrementos.<\/p>\n<p>La contracci\u00f3n a tasa anual de la producci\u00f3n industrial en septiembre de 2013 estuvo por arriba de la ca\u00edda de 0.5 por ciento estimada por el consenso del mercado para el noveno mes del a\u00f1o.<\/p>\n<p>En su reporte, el organismo explica que el resultado a tasa anual de la producci\u00f3n industrial se debi\u00f3 a las disminuciones mostradas en dos de los cuatro sectores que la conforman.<\/p>\n<p>As\u00ed, detalla, la industria de la construcci\u00f3n retrocedi\u00f3 8.3 por ciento en el mes en cuesti\u00f3n frente a la de igual mes de 2012, con lo que acentu\u00f3 su disminuci\u00f3n y lig\u00f3 10 meses con ca\u00eddas a tasa anual.<\/p>\n<p>El INEGI refiere que este resultado se deriv\u00f3 de las menores obras relacionadas con la edificaci\u00f3n, construcci\u00f3n de obras de ingenier\u00eda civil y trabajos especializados para la construcci\u00f3n.<\/p>\n<p>Lo anterior, explica, como reflejo de una reducci\u00f3n en la demanda de materiales de construcci\u00f3n como estructuras met\u00e1licas, tubos y postes de hierro y acero, cables de conducci\u00f3n el\u00e9ctrica, cemento y productos a base de cemento; \u201cotros productos de hierro y acero\u201d.<\/p>\n<p>Se\u00f1ala que la miner\u00eda disminuy\u00f3 1.2 por ciento en septiembre de 2013 respecto a igual mes del a\u00f1o anterior, con lo que sum\u00f3 ocho meses con retrocesos a tasa anual, derivado de la ca\u00edda de 3.9 por ciento en la producci\u00f3n no petrolera y de 0.5 por ciento en la petrolera.<\/p>\n<p>Indica que el sector de las industrias manufactureras avanz\u00f3 1.2 por ciento a tasa anual en septiembre pasado, con lo que hila tres meses al alza en su comparaci\u00f3n anual.<\/p>\n<p>Esto, apunta, como resultado del incremento de la producci\u00f3n de los subsectores de equipo de transporte, de computaci\u00f3n, comunicaci\u00f3n, medici\u00f3n y de otros; accesorios electr\u00f3nicos, industrias met\u00e1licas b\u00e1sicas y productos derivados del petr\u00f3leo y del carb\u00f3n, entre otros.<\/p>\n<p>En cuanto a la generaci\u00f3n, transmisi\u00f3n y distribuci\u00f3n de energ\u00eda el\u00e9ctrica, suministro de agua y de gas por ductos al consumidor final, el INEGI destaca que hubo un aumento de 1.0 por ciento a tasa anual en septiembre, su tercer mes con incrementos anuales.<\/p>\n","protected":false},"excerpt":{"rendered":"<p>En septiembre de este a\u00f1o, la producci\u00f3n industrial del pa\u00eds disminuy\u00f3 1.6 por ciento respecto a igual mes de 2012, una baja mayor a la esperada, con lo que liga dos meses con retrocesos a tasa anual.<\/p>\n","protected":false},"author":3,"featured_media":152211,"comment_status":"open","ping_status":"open","sticky":false,"template":"","format":"standard","meta":{"_monsterinsights_skip_tracking":false,"_monsterinsights_sitenote_active":false,"_monsterinsights_sitenote_note":"","_monsterinsights_sitenote_category":0,"footnotes":""},"categories":[3],"tags":[193,2807,43673],"class_list":["post-153506","post","type-post","status-publish","format-standard","has-post-thumbnail","hentry","category-nacional","tag-inegi","tag-instituto-nacional-de-estadistica-y-geografia","tag-nacional"],"_links":{"self":[{"href":"https:\/\/www.diarioimagen.net\/index.php?rest_route=\/wp\/v2\/posts\/153506","targetHints":{"allow":["GET"]}}],"collection":[{"href":"https:\/\/www.diarioimagen.net\/index.php?rest_route=\/wp\/v2\/posts"}],"about":[{"href":"https:\/\/www.diarioimagen.net\/index.php?rest_route=\/wp\/v2\/types\/post"}],"author":[{"embeddable":true,"href":"https:\/\/www.diarioimagen.net\/index.php?rest_route=\/wp\/v2\/users\/3"}],"replies":[{"embeddable":true,"href":"https:\/\/www.diarioimagen.net\/index.php?rest_route=%2Fwp%2Fv2%2Fcomments&post=153506"}],"version-history":[{"count":0,"href":"https:\/\/www.diarioimagen.net\/index.php?rest_route=\/wp\/v2\/posts\/153506\/revisions"}],"wp:featuredmedia":[{"embeddable":true,"href":"https:\/\/www.diarioimagen.net\/index.php?rest_route=\/wp\/v2\/media\/152211"}],"wp:attachment":[{"href":"https:\/\/www.diarioimagen.net\/index.php?rest_route=%2Fwp%2Fv2%2Fmedia&parent=153506"}],"wp:term":[{"taxonomy":"category","embeddable":true,"href":"https:\/\/www.diarioimagen.net\/index.php?rest_route=%2Fwp%2Fv2%2Fcategories&post=153506"},{"taxonomy":"post_tag","embeddable":true,"href":"https:\/\/www.diarioimagen.net\/index.php?rest_route=%2Fwp%2Fv2%2Ftags&post=153506"}],"curies":[{"name":"wp","href":"https:\/\/api.w.org\/{rel}","templated":true}]}}