{"id":153638,"date":"2013-11-13T00:07:44","date_gmt":"2013-11-13T06:07:44","guid":{"rendered":"http:\/\/www.diarioimagen.net\/?p=153638"},"modified":"2013-11-13T04:07:36","modified_gmt":"2013-11-13T10:07:36","slug":"aumenta-a-5-2-el-indice-de-desempleo","status":"publish","type":"post","link":"https:\/\/www.diarioimagen.net\/?p=153638","title":{"rendered":"Aumenta a 5.2% el \u00edndice de desempleo"},"content":{"rendered":"<ul>\n<li><strong><em>En el tercer trimestre: INEGI<\/em><\/strong><\/li>\n<\/ul>\n<div id=\"attachment_153683\" style=\"width: 250px\" class=\"wp-caption alignleft\"><a href=\"http:\/\/www.diarioimagen.net\/wp-content\/uploads\/2013\/11\/DESEMPLEO-2228.jpg\"><img loading=\"lazy\" decoding=\"async\" aria-describedby=\"caption-attachment-153683\" class=\"size-medium wp-image-153683\" alt=\"13.9 millones conformaron espec\u00edficamente la ocupaci\u00f3n en el sector informal.\" src=\"http:\/\/www.diarioimagen.net\/wp-content\/uploads\/2013\/11\/DESEMPLEO-2228-240x135.jpg\" width=\"240\" height=\"135\" srcset=\"https:\/\/www.diarioimagen.net\/wp-content\/uploads\/2013\/11\/DESEMPLEO-2228-240x135.jpg 240w, https:\/\/www.diarioimagen.net\/wp-content\/uploads\/2013\/11\/DESEMPLEO-2228-420x236.jpg 420w, https:\/\/www.diarioimagen.net\/wp-content\/uploads\/2013\/11\/DESEMPLEO-2228-235x132.jpg 235w, https:\/\/www.diarioimagen.net\/wp-content\/uploads\/2013\/11\/DESEMPLEO-2228-202x114.jpg 202w, https:\/\/www.diarioimagen.net\/wp-content\/uploads\/2013\/11\/DESEMPLEO-2228-350x196.jpg 350w, https:\/\/www.diarioimagen.net\/wp-content\/uploads\/2013\/11\/DESEMPLEO-2228-220x123.jpg 220w, https:\/\/www.diarioimagen.net\/wp-content\/uploads\/2013\/11\/DESEMPLEO-2228-237x132.jpg 237w, https:\/\/www.diarioimagen.net\/wp-content\/uploads\/2013\/11\/DESEMPLEO-2228.jpg 480w\" sizes=\"auto, (max-width: 240px) 100vw, 240px\" \/><\/a><p id=\"caption-attachment-153683\" class=\"wp-caption-text\">13.9 millones conformaron espec\u00edficamente la ocupaci\u00f3n en el sector informal.<\/p><\/div>\n<p>En el tercer trimestre del a\u00f1o, la poblaci\u00f3n desocupada en el pa\u00eds se situ\u00f3 en 2.7 millones de personas, con una tasa de desocupaci\u00f3n de 5.2 por ciento de la Poblaci\u00f3n Econ\u00f3micamente Activa (PEA), porcentaje mayor al de igual periodo de 2012, de 5.1 por ciento.<\/p>\n<p>El Instituto Nacional de Estad\u00edstica y Geograf\u00eda (INEGI) inform\u00f3 que con cifras desestacionalizadas, la tasa de desocupaci\u00f3n descendi\u00f3 0.12 puntos porcentuales respecto a la del trimestre inmediato anterior, a 4.96 por ciento contra 5.08 por ciento.<\/p>\n<p>Datos estad\u00edsticos muestran que en su comparaci\u00f3n anual, la tasa de desocupaci\u00f3n del tercer trimestre es la m\u00e1s alta desde el segundo trimestre de 2011, cuando se ubic\u00f3 en 5.23 por ciento de la PEA.<\/p>\n<p>De acuerdo con los resultados de la Encuesta Nacional de Ocupaci\u00f3n y Empleo (ENOE), en el tercer trimestre del a\u00f1o, todas las modalidades de empleo informal sumaron 29.3 millones de personas, cifra menor en 1.5 por ciento respecto a igual periodo de 2012 y represent\u00f3 59.1 por ciento de la poblaci\u00f3n ocupada (Tasa de Informalidad Laboral 1).<\/p>\n<p>De manera detallada, 13.9 millones conformaron espec\u00edficamente la ocupaci\u00f3n en el sector informal, cifra que signific\u00f3 una ca\u00edda de 3.6 por ciento anual y constituy\u00f3 28.1 por ciento de la poblaci\u00f3n ocupada (Tasa de Ocupaci\u00f3n en el Sector Informal 1).<\/p>\n<p>Asimismo, 2.2 millones corresponden al servicio dom\u00e9stico remunerado, 6.3 millones pertenecen al \u00e1mbito agropecuario y otros 6.9 millones a las empresas, gobierno e instituciones.<\/p>\n<p>El organismo precis\u00f3 que seg\u00fan datos desestacionalizados, la tasa de informalidad laboral aument\u00f3 0.04 puntos porcentuales y la de ocupaci\u00f3n en el sector informal 1 creci\u00f3 0.05 puntos porcentuales respecto a la del segundo trimestre de este a\u00f1o.<\/p>\n<p>Por otra parte, refiri\u00f3 que en el tercer trimestre del a\u00f1o, la poblaci\u00f3n de 14 a\u00f1os y m\u00e1s disponible para producir bienes y servicios en el pa\u00eds, fue de 52.3 millones (59.3 por ciento del total), cuando en 2012 fue de 52.2 millones (59.9 por ciento).<\/p>\n<p>Abund\u00f3 que el incremento de 60 mil personas es consecuencia, tanto del crecimiento demogr\u00e1fico, como de las expectativas que tiene la poblaci\u00f3n de contribuir o no en la actividad econ\u00f3mica.<\/p>\n<p>Mientras que 77 de cada 100 hombres en estas edades son econ\u00f3micamente activos, en el caso de las mujeres 43 de cada 100 est\u00e1n en esta situaci\u00f3n, a\u00f1adi\u00f3 el INEGI en un comunicado.<\/p>\n","protected":false},"excerpt":{"rendered":"<p>En el tercer trimestre del a\u00f1o, la poblaci\u00f3n desocupada en el pa\u00eds se situ\u00f3 en 2.7 millones de personas, con una tasa de desocupaci\u00f3n de 5.2 por ciento de la Poblaci\u00f3n Econ\u00f3micamente Activa (PEA), porcentaje mayor al de igual periodo de 2012, de 5.1 por ciento.<\/p>\n","protected":false},"author":3,"featured_media":153683,"comment_status":"open","ping_status":"open","sticky":false,"template":"","format":"standard","meta":{"_monsterinsights_skip_tracking":false,"_monsterinsights_sitenote_active":false,"_monsterinsights_sitenote_note":"","_monsterinsights_sitenote_category":0,"footnotes":""},"categories":[3],"tags":[193,2807,43673,18575,18574],"class_list":["post-153638","post","type-post","status-publish","format-standard","has-post-thumbnail","hentry","category-nacional","tag-inegi","tag-instituto-nacional-de-estadistica-y-geografia","tag-nacional","tag-pea","tag-poblacion-economicamente-activa"],"_links":{"self":[{"href":"https:\/\/www.diarioimagen.net\/index.php?rest_route=\/wp\/v2\/posts\/153638","targetHints":{"allow":["GET"]}}],"collection":[{"href":"https:\/\/www.diarioimagen.net\/index.php?rest_route=\/wp\/v2\/posts"}],"about":[{"href":"https:\/\/www.diarioimagen.net\/index.php?rest_route=\/wp\/v2\/types\/post"}],"author":[{"embeddable":true,"href":"https:\/\/www.diarioimagen.net\/index.php?rest_route=\/wp\/v2\/users\/3"}],"replies":[{"embeddable":true,"href":"https:\/\/www.diarioimagen.net\/index.php?rest_route=%2Fwp%2Fv2%2Fcomments&post=153638"}],"version-history":[{"count":0,"href":"https:\/\/www.diarioimagen.net\/index.php?rest_route=\/wp\/v2\/posts\/153638\/revisions"}],"wp:featuredmedia":[{"embeddable":true,"href":"https:\/\/www.diarioimagen.net\/index.php?rest_route=\/wp\/v2\/media\/153683"}],"wp:attachment":[{"href":"https:\/\/www.diarioimagen.net\/index.php?rest_route=%2Fwp%2Fv2%2Fmedia&parent=153638"}],"wp:term":[{"taxonomy":"category","embeddable":true,"href":"https:\/\/www.diarioimagen.net\/index.php?rest_route=%2Fwp%2Fv2%2Fcategories&post=153638"},{"taxonomy":"post_tag","embeddable":true,"href":"https:\/\/www.diarioimagen.net\/index.php?rest_route=%2Fwp%2Fv2%2Ftags&post=153638"}],"curies":[{"name":"wp","href":"https:\/\/api.w.org\/{rel}","templated":true}]}}