{"id":153724,"date":"2013-11-13T16:49:07","date_gmt":"2013-11-13T22:49:07","guid":{"rendered":"http:\/\/www.diarioimagen.net\/?p=153724"},"modified":"2013-11-14T05:48:17","modified_gmt":"2013-11-14T11:48:17","slug":"la-cnte-protesta-frente-a-televisa-contra-el-hostigamiento-mediatico","status":"publish","type":"post","link":"https:\/\/www.diarioimagen.net\/?p=153724","title":{"rendered":"La CNTE protesta frente a Televisa contra el hostigamiento medi\u00e1tico"},"content":{"rendered":"<ul>\n<li><em><strong>Para sacudirse el intenso fr\u00edo se ejercitaron con m\u00fasica en avenida Chapultepec<\/strong><\/em><\/li>\n<\/ul>\n<div id=\"attachment_153725\" style=\"width: 250px\" class=\"wp-caption alignleft\"><img loading=\"lazy\" decoding=\"async\" aria-describedby=\"caption-attachment-153725\" class=\"size-medium wp-image-153725\" alt=\"Y es que el fr\u00edo era intenso en la Ciudad de M\u00e9xico y por ello, para contrarrestarlo, los maestros ejecutaron una \u201cactivaci\u00f3n f\u00edsica\u201d \u2013ejercicios gimn\u00e1sticos- en carriles de avenida Chapultepec.\" src=\"http:\/\/www.diarioimagen.net\/wp-content\/uploads\/2013\/11\/cnte-portal4-240x135.jpg\" width=\"240\" height=\"135\" srcset=\"https:\/\/www.diarioimagen.net\/wp-content\/uploads\/2013\/11\/cnte-portal4-240x135.jpg 240w, https:\/\/www.diarioimagen.net\/wp-content\/uploads\/2013\/11\/cnte-portal4-420x236.jpg 420w, https:\/\/www.diarioimagen.net\/wp-content\/uploads\/2013\/11\/cnte-portal4-235x132.jpg 235w, https:\/\/www.diarioimagen.net\/wp-content\/uploads\/2013\/11\/cnte-portal4-202x114.jpg 202w, https:\/\/www.diarioimagen.net\/wp-content\/uploads\/2013\/11\/cnte-portal4-350x196.jpg 350w, https:\/\/www.diarioimagen.net\/wp-content\/uploads\/2013\/11\/cnte-portal4-220x123.jpg 220w, https:\/\/www.diarioimagen.net\/wp-content\/uploads\/2013\/11\/cnte-portal4-237x132.jpg 237w, https:\/\/www.diarioimagen.net\/wp-content\/uploads\/2013\/11\/cnte-portal4.jpg 480w\" sizes=\"auto, (max-width: 240px) 100vw, 240px\" \/><p id=\"caption-attachment-153725\" class=\"wp-caption-text\">Y es que el fr\u00edo era intenso en la Ciudad de M\u00e9xico y por ello, para contrarrestarlo, los maestros ejecutaron una \u201cactivaci\u00f3n f\u00edsica\u201d \u2013ejercicios gimn\u00e1sticos- en carriles de avenida Chapultepec.<\/p><\/div>\n<p>Profesores de la Coordinadora Nacional de Trabajadores de la Educaci\u00f3n realizaron un mitin de m\u00e1s de tres horas frente a las instalaciones de Televisa Chapultepec para exigir el cese de toda campa\u00f1a de hostigamiento medi\u00e1tico contra el magisterio y los movimientos sociales en el contexto de su protesta en contra de la reforma educativa. Reclamaron adem\u00e1s que \u201cse abran los espacios para difundir nuestras propuestas\u201d.<\/p>\n<p>Las oficinas del corporativo medi\u00e1tico fueron resguardadas por elementos policiacos. El carril de circulaci\u00f3n del Metrob\u00fas en direcci\u00f3n a avenida Cuauht\u00e9moc fue bloqueado. Ah\u00ed, integrantes de la dirigencia nacional afirmaron que \u00abno hemos permanecido en la capital del pa\u00eds s\u00f3lo por capricho\u00bb.\u2028\u2028 Se\u00f1alaron que este s\u00e1bado realizar\u00e1n una Asamblea Nacional Representativa de balance de la jornada de lucha, ante la negativa del gobierno federal a \u00abescuchar y resolver nuestras demandas\u00bb.<\/p>\n<p>En las actividades participaron profesores de Oaxaca, Guerrero y Michoac\u00e1n agrupados en la CNTE. La protesta se terminar\u00eda las 15:00 horas, pero los maestros acordaron retirarse poco despu\u00e9s de las 13:00 horas, para regresar en operaci\u00f3n hormiga a su campamento en el Monumento a la Revoluci\u00f3n.<\/p>\n","protected":false},"excerpt":{"rendered":"<p>Profesores de la Coordinadora Nacional de Trabajadores de la Educaci\u00f3n realizaron un mitin de m\u00e1s de tres horas frente a las instalaciones de Televisa Chapultepec para exigir el cese de toda campa\u00f1a de hostigamiento medi\u00e1tico contra el magisterio y los movimientos sociales en el contexto de su protesta en contra de la reforma educativa. Reclamaron adem\u00e1s que \u201cse abran los espacios para difundir nuestras propuestas\u201d.<\/p>\n","protected":false},"author":5,"featured_media":153725,"comment_status":"open","ping_status":"open","sticky":false,"template":"","format":"standard","meta":{"_monsterinsights_skip_tracking":false,"_monsterinsights_sitenote_active":false,"_monsterinsights_sitenote_note":"","_monsterinsights_sitenote_category":0,"footnotes":""},"categories":[17],"tags":[7473,604],"class_list":["post-153724","post","type-post","status-publish","format-standard","has-post-thumbnail","hentry","category-especiales","tag-cnte","tag-televisa"],"_links":{"self":[{"href":"https:\/\/www.diarioimagen.net\/index.php?rest_route=\/wp\/v2\/posts\/153724","targetHints":{"allow":["GET"]}}],"collection":[{"href":"https:\/\/www.diarioimagen.net\/index.php?rest_route=\/wp\/v2\/posts"}],"about":[{"href":"https:\/\/www.diarioimagen.net\/index.php?rest_route=\/wp\/v2\/types\/post"}],"author":[{"embeddable":true,"href":"https:\/\/www.diarioimagen.net\/index.php?rest_route=\/wp\/v2\/users\/5"}],"replies":[{"embeddable":true,"href":"https:\/\/www.diarioimagen.net\/index.php?rest_route=%2Fwp%2Fv2%2Fcomments&post=153724"}],"version-history":[{"count":0,"href":"https:\/\/www.diarioimagen.net\/index.php?rest_route=\/wp\/v2\/posts\/153724\/revisions"}],"wp:featuredmedia":[{"embeddable":true,"href":"https:\/\/www.diarioimagen.net\/index.php?rest_route=\/wp\/v2\/media\/153725"}],"wp:attachment":[{"href":"https:\/\/www.diarioimagen.net\/index.php?rest_route=%2Fwp%2Fv2%2Fmedia&parent=153724"}],"wp:term":[{"taxonomy":"category","embeddable":true,"href":"https:\/\/www.diarioimagen.net\/index.php?rest_route=%2Fwp%2Fv2%2Fcategories&post=153724"},{"taxonomy":"post_tag","embeddable":true,"href":"https:\/\/www.diarioimagen.net\/index.php?rest_route=%2Fwp%2Fv2%2Ftags&post=153724"}],"curies":[{"name":"wp","href":"https:\/\/api.w.org\/{rel}","templated":true}]}}