{"id":153745,"date":"2013-11-14T00:06:17","date_gmt":"2013-11-14T06:06:17","guid":{"rendered":"http:\/\/www.diarioimagen.net\/?p=153745"},"modified":"2013-11-18T08:14:20","modified_gmt":"2013-11-18T14:14:20","slug":"los-gobernantes-trabajamos-unidos-por-mexico-pena-nieto","status":"publish","type":"post","link":"https:\/\/www.diarioimagen.net\/?p=153745","title":{"rendered":"Los gobernantes trabajamos unidos por M\u00e9xico: Pe\u00f1a Nieto"},"content":{"rendered":"<ul>\n<li><em><strong>El Presidente se\u00f1ala que impulsa las reformas para que M\u00e9xico se transforme y deje atr\u00e1s los rezagos<\/strong><\/em><\/li>\n<\/ul>\n<p>&nbsp;<\/p>\n<h6><b>Roberto Vizca\u00edno<\/b><\/h6>\n<p>&nbsp;<\/p>\n<div id=\"attachment_153746\" style=\"width: 250px\" class=\"wp-caption alignleft\"><a href=\"http:\/\/www.diarioimagen.net\/wp-content\/uploads\/2013\/11\/epn-2229.jpg\"><img loading=\"lazy\" decoding=\"async\" aria-describedby=\"caption-attachment-153746\" class=\"size-medium wp-image-153746\" alt=\"El presidente Enrique Pe\u00f1a Nieto recorri\u00f3 las instalaciones del Hospital General de Cholula,  luego de la ceremonia de inauguraci\u00f3n.\" src=\"http:\/\/www.diarioimagen.net\/wp-content\/uploads\/2013\/11\/epn-2229-240x135.jpg\" width=\"240\" height=\"135\" srcset=\"https:\/\/www.diarioimagen.net\/wp-content\/uploads\/2013\/11\/epn-2229-240x135.jpg 240w, https:\/\/www.diarioimagen.net\/wp-content\/uploads\/2013\/11\/epn-2229-420x236.jpg 420w, https:\/\/www.diarioimagen.net\/wp-content\/uploads\/2013\/11\/epn-2229-235x132.jpg 235w, https:\/\/www.diarioimagen.net\/wp-content\/uploads\/2013\/11\/epn-2229-202x114.jpg 202w, https:\/\/www.diarioimagen.net\/wp-content\/uploads\/2013\/11\/epn-2229-350x196.jpg 350w, https:\/\/www.diarioimagen.net\/wp-content\/uploads\/2013\/11\/epn-2229-220x123.jpg 220w, https:\/\/www.diarioimagen.net\/wp-content\/uploads\/2013\/11\/epn-2229-237x132.jpg 237w, https:\/\/www.diarioimagen.net\/wp-content\/uploads\/2013\/11\/epn-2229.jpg 480w\" sizes=\"auto, (max-width: 240px) 100vw, 240px\" \/><\/a><p id=\"caption-attachment-153746\" class=\"wp-caption-text\">El presidente Enrique Pe\u00f1a Nieto recorri\u00f3 las instalaciones del Hospital General de Cholula, luego de la ceremonia de inauguraci\u00f3n.<\/p><\/div>\n<p><strong>San Andr\u00e9s Cholula, Pue.-<\/strong> Al reconocer aqu\u00ed que pese a los grandes avances alcanzados por todos los niveles de gobierno, en la creaci\u00f3n de un sistema con los m\u00e1s modernos adelantos en los servicios de salud en M\u00e9xico, no todos los ciudadanos tienen acceso a estos beneficios, el presidente Enrique Pe\u00f1a Nieto\u00a0indic\u00f3 desde aqu\u00ed que los gobernantes \u201cno estamos para competir, sino para coordinarnos de mejor manera, sumar esfuerzos, recursos, capacidades y poder\u00a0 desarrollar mejores servicios de infraestructura, de salud, de seguridad para todos los mexicanos\u201d.<\/p>\n<p>Al inaugurar el Hospital General en esta poblaci\u00f3n reiter\u00f3 su disposici\u00f3n \u201cpara trabajar al lado de todas las autoridades estatales porque independientemente del origen partidario que tengamos, todos deseamos que M\u00e9xico sea un pa\u00eds mejor en beneficio de todos los mexicanos\u201d.<\/p>\n<p>Acompa\u00f1ado por el gobernador Rafael Moreno Valle y la secretaria de Salud, Mercedes Juan L\u00f3pez, el presidente Pe\u00f1a Nieto afirm\u00f3 que su gobierno ha tenido una adecuada y estrecha coordinaci\u00f3n con el de Puebla en temas torales como los de salud, seguridad p\u00fablica, inversiones y otros servicios.<\/p>\n<p>En este punto subray\u00f3 que durante este su primer a\u00f1o de gesti\u00f3n al frente de la Presidencia de la Rep\u00fablica, ha impulsado importantes reformas transformadoras que buscan cambiar a M\u00e9xico e incidir en las causas que generan el rezago del pa\u00eds.<\/p>\n<p>\u201cPor eso, tenemos que modernizar el andamiaje legal y permitir al Estado mexicano acelerar el paso para generar mayor desarrollo, progreso y\u00a0 bienestar para todos los mexicanos<\/p>\n<p>\u201cEste primer a\u00f1o lo hemos dedicado a obtener, en un acuerdo de civilidad y de madurez pol\u00edtica con las fuerzas pol\u00edticas, los acuerdos necesarios para garantizar los cambios, ajustes y reformas que garanticen que, en los pr\u00f3ximos a\u00f1os, M\u00e9xico alcance un mayor crecimiento econ\u00f3mico, desarrollo y bienestar para todos los mexicanos.<\/p>\n<p>\u201cHago votos porque en el futuro inmediato, alcancemos este objetivo, al final de cuentas, todos, independientemente del origen partidario que tengamos, deseamos que M\u00e9xico sea un mejor pa\u00eds en beneficio de todos los mexicanos\u201d, indic\u00f3.<\/p>\n<p style=\"text-align: center;\"><b>AVANCE IMPORTANTE,\u00a0<\/b><b>PERO INSUFICIENTE<\/b><\/p>\n<p>Luego reconoci\u00f3 que el nuevo hospital, con capacidad para atender a 350 mil habitantes de la regi\u00f3n, forma parte de una constante modernizaci\u00f3n y crecimiento de la infraestructura de salud en M\u00e9xico.<\/p>\n<p>Y explic\u00f3:<\/p>\n<p>\u201cDurante las \u00faltimas d\u00e9cadas hemos avanzado de manera importante en la construcci\u00f3n de infraestructura al servicio de la salud.<\/p>\n<p>\u201cNo obstante, las instituciones de seguridad social que atienden a la poblaci\u00f3n derechohabiente y la operaci\u00f3n del Seguro Popular, el acceso a los servicios de salud no alcanza suficientemente hoy a toda la poblaci\u00f3n\u2026<\/p>\n<p>\u201cTenemos que hacer un mayor esfuerzo para garantizar que el derecho a la protecci\u00f3n de la salud, consagrado en nuestra Constituci\u00f3n, se materialice y sea realmente vigente y cubra a toda la poblaci\u00f3n.<\/p>\n<p>\u201cHay que reconocer que, como lo indican los datos de Coneval, uno de cada cinco mexicanos lamentablemente no tiene acceso real a la prestaci\u00f3n de servicios de salud, no obstante a estar inscrito en alguna de las instituciones de salud\u2026<\/p>\n<p>\u201cSea porque las cl\u00ednicas u hospitales se encuentran a distancia de donde vive; sea porque las cl\u00ednicas que est\u00e1n a lo mejor a la menor distancia no est\u00e1n debidamente equipadas o no cuentan con el personal m\u00e9dico suficiente que les d\u00e9 la atenci\u00f3n m\u00e9dica que demanda nuestra poblaci\u00f3n.<\/p>\n<p>\u201cEs para cerrar esta brecha de acceso real a la salud por la que estamos trabajando, por la que impulsaremos un Sistema Nacional de Salud Universal donde todas las instituciones de salud puedan hacer converger sus esfuerzos en mejores pr\u00e1cticas y en una mejor coordinaci\u00f3n para atender a toda la poblaci\u00f3n.<\/p>\n<p>\u201cSe buscar\u00e1 que las instituciones de seguridad social del Estado, todas ellas, converjan en un solo prop\u00f3sito: prestar servicios de salud de calidad para todos los mexicanos\u201d, enumer\u00f3.<\/p>\n<p style=\"text-align: center;\"><b>CONVICCI\u00d3N, DECISI\u00d3N Y EMPE\u00d1O<\/b><\/p>\n<p>Durante este acto la titular de Salud, Mercedes Juan L\u00f3pez, consider\u00f3 que la asistencia del presidente Pe\u00f1a Nieto a esta ceremonia, \u201ces muestra de la convicci\u00f3n que tiene, la decisi\u00f3n y el empe\u00f1o para hacer del derecho a la protecci\u00f3n de la salud, una realidad para todos los mexicanos\u201d.<\/p>\n<p>Record\u00f3 que el mandatario ha sido enf\u00e1tico en lo importante que es una sociedad de derechos, y por ello \u201cse ha propuesto asegurar este acceso efectivo a los servicios de salud con calidad para que reciban atenci\u00f3n m\u00e9dica con calidez, con personal bien preparado, y que se distinga por el servicio humano y profesional\u201d.<\/p>\n","protected":false},"excerpt":{"rendered":"<p>Al reconocer aqu\u00ed que pese a los grandes avances alcanzados por todos los niveles de gobierno, en la creaci\u00f3n de un sistema con los m\u00e1s modernos adelantos en los servicios de salud en M\u00e9xico, no todos los ciudadanos tienen acceso a estos beneficios, el presidente Enrique Pe\u00f1a Nieto indic\u00f3 desde aqu\u00ed que los gobernantes \u201cno estamos para competir, sino para coordinarnos de mejor manera, sumar esfuerzos, recursos, capacidades y poder  desarrollar mejores servicios de infraestructura, de salud, de seguridad para todos los mexicanos\u201d.<\/p>\n","protected":false},"author":1,"featured_media":153746,"comment_status":"open","ping_status":"open","sticky":false,"template":"","format":"standard","meta":{"_monsterinsights_skip_tracking":false,"_monsterinsights_sitenote_active":false,"_monsterinsights_sitenote_note":"","_monsterinsights_sitenote_category":0,"footnotes":""},"categories":[17,3],"tags":[18,43673],"class_list":["post-153745","post","type-post","status-publish","format-standard","has-post-thumbnail","hentry","category-especiales","category-nacional","tag-enrique-pena-nieto","tag-nacional"],"_links":{"self":[{"href":"https:\/\/www.diarioimagen.net\/index.php?rest_route=\/wp\/v2\/posts\/153745","targetHints":{"allow":["GET"]}}],"collection":[{"href":"https:\/\/www.diarioimagen.net\/index.php?rest_route=\/wp\/v2\/posts"}],"about":[{"href":"https:\/\/www.diarioimagen.net\/index.php?rest_route=\/wp\/v2\/types\/post"}],"author":[{"embeddable":true,"href":"https:\/\/www.diarioimagen.net\/index.php?rest_route=\/wp\/v2\/users\/1"}],"replies":[{"embeddable":true,"href":"https:\/\/www.diarioimagen.net\/index.php?rest_route=%2Fwp%2Fv2%2Fcomments&post=153745"}],"version-history":[{"count":0,"href":"https:\/\/www.diarioimagen.net\/index.php?rest_route=\/wp\/v2\/posts\/153745\/revisions"}],"wp:featuredmedia":[{"embeddable":true,"href":"https:\/\/www.diarioimagen.net\/index.php?rest_route=\/wp\/v2\/media\/153746"}],"wp:attachment":[{"href":"https:\/\/www.diarioimagen.net\/index.php?rest_route=%2Fwp%2Fv2%2Fmedia&parent=153745"}],"wp:term":[{"taxonomy":"category","embeddable":true,"href":"https:\/\/www.diarioimagen.net\/index.php?rest_route=%2Fwp%2Fv2%2Fcategories&post=153745"},{"taxonomy":"post_tag","embeddable":true,"href":"https:\/\/www.diarioimagen.net\/index.php?rest_route=%2Fwp%2Fv2%2Ftags&post=153745"}],"curies":[{"name":"wp","href":"https:\/\/api.w.org\/{rel}","templated":true}]}}