{"id":153757,"date":"2013-11-14T00:08:06","date_gmt":"2013-11-14T06:08:06","guid":{"rendered":"http:\/\/www.diarioimagen.net\/?p=153757"},"modified":"2013-11-14T03:50:02","modified_gmt":"2013-11-14T09:50:02","slug":"la-sexta-universidad-mas-grande-del-pais-es-uaem","status":"publish","type":"post","link":"https:\/\/www.diarioimagen.net\/?p=153757","title":{"rendered":"La sexta universidad m\u00e1s grande del pa\u00eds es UAEM"},"content":{"rendered":"<ul>\n<li><em><b>Atiende a m\u00e1s de 67 mil estudiantes<\/b><\/em><\/li>\n<\/ul>\n<p>&nbsp;<\/p>\n<div id=\"attachment_153763\" style=\"width: 250px\" class=\"wp-caption alignleft\"><a href=\"http:\/\/www.diarioimagen.net\/wp-content\/uploads\/2013\/11\/uaem-2229.jpg\"><img loading=\"lazy\" decoding=\"async\" aria-describedby=\"caption-attachment-153763\" class=\"size-medium wp-image-153763\" alt=\"El rector Jorge Olvera Garc\u00eda encabez\u00f3 el primer informe de labores de la directora de la preparatoria \u201cDr. Pablo Gonz\u00e1lez Casanova\u201d.\" src=\"http:\/\/www.diarioimagen.net\/wp-content\/uploads\/2013\/11\/uaem-2229-240x160.jpg\" width=\"240\" height=\"160\" srcset=\"https:\/\/www.diarioimagen.net\/wp-content\/uploads\/2013\/11\/uaem-2229-240x160.jpg 240w, https:\/\/www.diarioimagen.net\/wp-content\/uploads\/2013\/11\/uaem-2229-420x280.jpg 420w, https:\/\/www.diarioimagen.net\/wp-content\/uploads\/2013\/11\/uaem-2229.jpg 480w\" sizes=\"auto, (max-width: 240px) 100vw, 240px\" \/><\/a><p id=\"caption-attachment-153763\" class=\"wp-caption-text\">El rector Jorge Olvera Garc\u00eda encabez\u00f3 el primer informe de labores de la directora de la preparatoria \u201cDr. Pablo Gonz\u00e1lez Casanova\u201d.<\/p><\/div>\n<p>Por la matr\u00edcula que atiende, superior a los 67 mil estudiantes, a trav\u00e9s de nueve planteles de la Escuela Preparatoria, 21 facultades, 10 centros universitarios y cinco unidades acad\u00e9micas profesionales, espacios distribuidos por todo el territorio de la entidad, la Universidad Aut\u00f3noma del Estado de M\u00e9xico es la sexta m\u00e1s grande del pa\u00eds, sostuvo el rector Jorge Olvera Garc\u00eda, al encabezar la lectura del primer informe de actividades de la directora del Plantel \u201cDr. Pablo Gonz\u00e1lez Casanova\u201d de la Escuela Preparatoria, Sandra Ch\u00e1vez Mar\u00edn.<\/p>\n<p>En el marco de este ejercicio de rendici\u00f3n de cuentas, al cual asisti\u00f3 la diputada Tanya Rellstab Carreto, Olvera Garc\u00eda reiter\u00f3 que la UAEM es la segunda del pa\u00eds, por el n\u00famero de programas de nivel superior acreditados como de calidad; la cuarta, por el n\u00famero de programas de posgrado acreditados ante el Programa Nacional de Posgrados de Calidad y ocupa el lugar n\u00famero 12 entre las instituciones de Am\u00e9rica Latina.<\/p>\n<p>Luego de destacar que a nivel nacional, esta preparatoria fue la primera en acreditarse ante el Sistema Nacional del Bachillerato con el Nivel 1, el rector de la m\u00e1xima casa de estudios mexiquense entreg\u00f3 equipo a la Banda de Marcha del Plantel \u201cDr. Pablo Gonz\u00e1lez Casanova\u201d e inaugur\u00f3 el M\u00f3dulo para Tutor\u00edas e Investigaci\u00f3n.<\/p>\n","protected":false},"excerpt":{"rendered":"<p>Por la matr\u00edcula que atiende, superior a los 67 mil estudiantes, a trav\u00e9s de nueve planteles de la Escuela Preparatoria, 21 facultades, 10 centros universitarios y cinco unidades acad\u00e9micas profesionales, espacios distribuidos por todo el territorio de la entidad, la Universidad Aut\u00f3noma del Estado de M\u00e9xico es la sexta m\u00e1s grande del pa\u00eds, sostuvo el rector Jorge Olvera Garc\u00eda, al encabezar la lectura del primer informe de actividades de la directora del Plantel \u201cDr. Pablo Gonz\u00e1lez Casanova\u201d de la Escuela Preparatoria, Sandra Ch\u00e1vez Mar\u00edn.<\/p>\n","protected":false},"author":1,"featured_media":153763,"comment_status":"open","ping_status":"open","sticky":false,"template":"","format":"standard","meta":{"_monsterinsights_skip_tracking":false,"_monsterinsights_sitenote_active":false,"_monsterinsights_sitenote_note":"","_monsterinsights_sitenote_category":0,"footnotes":""},"categories":[5],"tags":[43675,27015],"class_list":["post-153757","post","type-post","status-publish","format-standard","has-post-thumbnail","hentry","category-estado-de-mexico","tag-estado-de-mexico","tag-jorge-olvera-garcia"],"_links":{"self":[{"href":"https:\/\/www.diarioimagen.net\/index.php?rest_route=\/wp\/v2\/posts\/153757","targetHints":{"allow":["GET"]}}],"collection":[{"href":"https:\/\/www.diarioimagen.net\/index.php?rest_route=\/wp\/v2\/posts"}],"about":[{"href":"https:\/\/www.diarioimagen.net\/index.php?rest_route=\/wp\/v2\/types\/post"}],"author":[{"embeddable":true,"href":"https:\/\/www.diarioimagen.net\/index.php?rest_route=\/wp\/v2\/users\/1"}],"replies":[{"embeddable":true,"href":"https:\/\/www.diarioimagen.net\/index.php?rest_route=%2Fwp%2Fv2%2Fcomments&post=153757"}],"version-history":[{"count":0,"href":"https:\/\/www.diarioimagen.net\/index.php?rest_route=\/wp\/v2\/posts\/153757\/revisions"}],"wp:featuredmedia":[{"embeddable":true,"href":"https:\/\/www.diarioimagen.net\/index.php?rest_route=\/wp\/v2\/media\/153763"}],"wp:attachment":[{"href":"https:\/\/www.diarioimagen.net\/index.php?rest_route=%2Fwp%2Fv2%2Fmedia&parent=153757"}],"wp:term":[{"taxonomy":"category","embeddable":true,"href":"https:\/\/www.diarioimagen.net\/index.php?rest_route=%2Fwp%2Fv2%2Fcategories&post=153757"},{"taxonomy":"post_tag","embeddable":true,"href":"https:\/\/www.diarioimagen.net\/index.php?rest_route=%2Fwp%2Fv2%2Ftags&post=153757"}],"curies":[{"name":"wp","href":"https:\/\/api.w.org\/{rel}","templated":true}]}}