{"id":153771,"date":"2013-11-14T00:07:54","date_gmt":"2013-11-14T06:07:54","guid":{"rendered":"http:\/\/www.diarioimagen.net\/?p=153771"},"modified":"2013-11-15T02:03:07","modified_gmt":"2013-11-15T08:03:07","slug":"y-marcelo-insiste","status":"publish","type":"post","link":"https:\/\/www.diarioimagen.net\/?p=153771","title":{"rendered":"Y Marcelo insiste&#8230;"},"content":{"rendered":"<h2>Tras la puerta del poder<\/h2>\n<h5>Roberto Vizca\u00edno<\/h5>\n<p>&nbsp;<\/p>\n<ul>\n<li><strong>\u00a0<\/strong><\/li>\n<li><strong><i>El ex jefe de gobierno quiere que una encuesta defina la elecci\u00f3n del nuevo dirigente nacional del PRD<\/i><\/strong><\/li>\n<li><strong><i>\u00a0\u201cLos Chuchos\u201d le piden que asista al congreso nacional de este fin de mes a presentar su propuesta<\/i><\/strong><\/li>\n<li><strong><i>Cristina D\u00edaz asegura que los senadores tienen un avance del 90 por ciento en la reforma pol\u00edtica<\/i><\/strong><\/li>\n<\/ul>\n<p>&nbsp;<\/p>\n<div id=\"attachment_153772\" style=\"width: 250px\" class=\"wp-caption alignleft\"><a href=\"http:\/\/www.diarioimagen.net\/wp-content\/uploads\/2013\/11\/el-buen-trizas-2229.jpg\"><img loading=\"lazy\" decoding=\"async\" aria-describedby=\"caption-attachment-153772\" class=\"size-medium wp-image-153772\" alt=\"El buen repechaje\u2026 | Trizas\" src=\"http:\/\/www.diarioimagen.net\/wp-content\/uploads\/2013\/11\/el-buen-trizas-2229-240x217.jpg\" width=\"240\" height=\"217\" srcset=\"https:\/\/www.diarioimagen.net\/wp-content\/uploads\/2013\/11\/el-buen-trizas-2229-240x217.jpg 240w, https:\/\/www.diarioimagen.net\/wp-content\/uploads\/2013\/11\/el-buen-trizas-2229-420x379.jpg 420w, https:\/\/www.diarioimagen.net\/wp-content\/uploads\/2013\/11\/el-buen-trizas-2229.jpg 700w\" sizes=\"auto, (max-width: 240px) 100vw, 240px\" \/><\/a><p id=\"caption-attachment-153772\" class=\"wp-caption-text\">El buen repechaje\u2026 | Trizas<\/p><\/div>\n<p>Luego de entregarle el poder del DF en diciembre pasado a Miguel \u00c1ngel Mancera y tomarse unas vacaciones, Marcelo Ebrard regres\u00f3 con una agenda con la que pretend\u00eda insertarse y ganar la contienda por la dirigencia nacional del PRD.<\/p>\n<p>Todo lo ten\u00eda previsto el ex jefe de Gobierno del DF y de otros muchos cargos y posiciones pol\u00edticas (entre otras el de haber sido parte esencial al lado de Manuel Camacho del equipo de Carlos Salinas), para llegar a fines de este 2013 con una posici\u00f3n ya muy dominante en esa pelea.<\/p>\n<p>Pero las cosas no le han salido como las dise\u00f1\u00f3.<\/p>\n<p>Una y otra vez se ha estrellado en su intento con la estructura creada durante muchos a\u00f1os por \u201cLos Chuchos\u201d.<\/p>\n<p>Una estructura que ya venci\u00f3 y ech\u00f3 fuera de ese partido nada menos que a Andr\u00e9s Manuel L\u00f3pez Obrador.<\/p>\n<p>La cuesti\u00f3n es que Marcelo Ebrard est\u00e1 peor que cuando comenz\u00f3 este intento de saltar al liderazgo del PRD y de ah\u00ed dar el paso para ser postulado como candidato a la Presidencia de la Rep\u00fablica en julio de 2018.<\/p>\n<p>Hoy la corriente predominante dentro del PRD, la de Nueva Izquierda que lideran en un juego muy coordinado y muy probado Los Chuchos -es decir esa c\u00fapula integrada por Jes\u00fas Ortega, Jes\u00fas Zambrano, Guadalupe Acosta Naranjo y Carlos Navarrete-, ya tiene candidato y es precisamente Navarrete.<\/p>\n<p>Nueva Izquierda cuenta con casi el 70 por ciento del Consejo Nacional y algo as\u00ed en los liderazgos en los 31 estados. S\u00f3lo es minor\u00eda en el DF, donde predomina la corriente Izquierda Democr\u00e1tica Nacional, creada y dirigida por la dupla Ren\u00e9 Bejarano y Dolores Padierna.<\/p>\n<p>Las dem\u00e1s tribus apenas pintan. Son muy ruidosas y escandalosas, golpeadoras y a veces violentas, pero la verdad es que no tienen posibilidades de pelear por la dirigencia nacional. Entre ellas est\u00e1 la del \u201cMovimiento Progresista\u201d creada para impulsar a Ebrard.<\/p>\n<p>En todo este contexto lo importante no son las ideolog\u00edas o los personajes, sino la legalidad. Y esta la cumplen estrictamente Los Chuchos. Y no se van a salir del guion: saben que tienen la estructura, la experiencia, el m\u00e9todo y lo van a usar para consolidarse en el control del PRD no s\u00f3lo en los tres a\u00f1os siguientes, sino en muchos m\u00e1s.<\/p>\n<p>Con AMLO y Morena como enemigos a vencer a partir del 2014 y sobre todo el 2015 \u2014a\u00f1o en que se renovar\u00e1 la C\u00e1mara de Diputados federal como previo para la presidencial del 2018-, Los Chuchos no van a entregarle a Ebrard ni a nadie el PRD.<\/p>\n<p>Podr\u00edan llegar a un acuerdo con \u00e9l para lanzarlo como candidato presidencial. Pero por los pasos que ha dado el ex jefe de Gobierno, resulta cada vez m\u00e1s lejano ese acuerdo ya que Ebrard se ha aliado con Bejarano y Padierna, viejos compa\u00f1eros de viaje, historia que inicia en el terremoto de septiembre de 1985.<\/p>\n<p style=\"text-align: center;\"><b>DESESPERADO<\/b><\/p>\n<p>Parado frente a la ostra absolutamente cerrada, herm\u00e9tica, en que han convertido Los Chuchos al PRD ante los reclamos de Ebrard, el ex jefe de Gobierno ha pretendido presionarlos y obligarlos a aceptarlo como aspirante a la dirigencia de este partido.<\/p>\n<p>En esos intentos Ebrard ha exigido que la dirigencia se resuelva no en un Consejo de Delegados y menos en una contienda abierta, sino por una o varias encuestas.<\/p>\n<p>Su exigencia s\u00f3lo provoc\u00f3 sonrisas entre el grupo dominante.<\/p>\n<p>Ayer el ex jefe de Gobierno del DF volvi\u00f3 a la carga. Ahora dio a conocer un manifiesto en el que plantea un dec\u00e1logo para encabezar al PRD.<\/p>\n<p>En este documento Ebrard exige que la dirigencia nacional y las estatales que hoy representan la \u201ccontinuidad como partido sat\u00e9lite del gobierno federal\u201d \u2014es decir, califica a todos de corruptos, entregados y vendidos al r\u00e9gimen de Enrique Pe\u00f1a Nieto-, deben de entrada informar \u201ca detalle (sobre) el uso de mil 200 millones de pesos anuales que por prerrogativas asignan al PRD las autoridades electorales\u201d.<\/p>\n<p>Y agrega que no s\u00f3lo debe terminar la corrupci\u00f3n de estos dirigentes, sino la entrega de candidaturas a familiares y amigos, y la cooptaci\u00f3n de dirigencias estatales perredistas por los gobernadores.<\/p>\n<p>Marcelo exige que el PRD sea un partido de avanzada, que informe y consulte a sus militantes v\u00eda las tecnolog\u00edas de informaci\u00f3n, democr\u00e1tico, que someta a consulta el reparto de las dirigencias y candidaturas, equitativo en la consulta interna, transparente en la rendici\u00f3n de cuentas y aut\u00f3nomo de los poderes constituidos o f\u00e1cticos, y a la vez incluyente, respetuoso de las diferencias, progresista y que encabece la lucha por la desigualdad, \u00e9tico en respeto a la legalidad interna y con liderazgo. Nada m\u00e1s.<\/p>\n<p>Su manifiesto fue dado a conocer ante legisladores \u2014como 5-, del Movimiento Progresista al tiempo que reiter\u00f3 que insistir\u00e1 en dirigir al PRD.<\/p>\n<p>En este intento, dijo, se presentar\u00e1 la pr\u00f3xima semana ante el XIV Congreso Nacional de este partido para exigir se abra la elecci\u00f3n interna a una consulta p\u00fablica.<\/p>\n<p>Ebrard afirma que Carlos Navarrete representa la continuidad de un PRD \u201csat\u00e9lite del gobierno federal y de su partido\u201d y se\u00f1ala que un sondeo lo da a \u00e9l como ganador por 51 por ciento si se abre la elecci\u00f3n.<\/p>\n<p>La verdad es que Los Chuchos no tienen por qu\u00e9 variar su m\u00e9todo. Due\u00f1os del sart\u00e9n y su mango, har\u00e1n en esta lo que ha hecho anteriormente: emitir\u00e1n la convocatoria, la registrar\u00e1n ante el IFE, la sancionar\u00e1 el Trife y Navarrete ser\u00e1 el siguiente dirigente nacional del PRD. Ebrard tendr\u00e1 el recurso del pataleo en los medios. Nada que no hayamos visto antes.<\/p>\n<p style=\"text-align: center;\"><b>PUNTO M\u00c9XICO<\/b><\/p>\n<p>Y como no todo es pol\u00edtica, vale se\u00f1alar que a partir de este viernes, los turistas nacionales e internacionales y el p\u00fablico en general, es decir todos aquellos a quienes les gusta la riqueza art\u00edstica de nuestro pa\u00eds, contar\u00e1n con Punto M\u00e9xico, un espacio innovador creado por la actual titular de la Secretar\u00eda de Turismo, Claudia Ruiz Massieu, para que a trav\u00e9s de modernos equipos digitales e interactivos, se pueda conocer la oferta tur\u00edstica de M\u00e9xico y as\u00ed proyectar interesantes recorridos culturales y recreativos.<\/p>\n<p>Punto M\u00e9xico es ya un espacio que puede ser visitado inicialmente en la plata baja de la sede nacional de la Sectur, en la colonia Polanco, en la Ciudad de M\u00e9xico.<\/p>\n<p style=\"text-align: center;\"><b>AVANCE DEL\u00a0<\/b><b>\u00a090 POR CIENTO<\/b><\/p>\n<p>La secretaria general de la CNOP, la senadora Cristina D\u00edaz afirm\u00f3 ayer que la elaboraci\u00f3n de un dictamen final para aprobar la reforma pol\u00edtica est\u00e1 concluido en un 90 por ciento.<\/p>\n<p>\u201cEn estos momentos trabajamos todas las fuerzas pol\u00edticas en los \u00faltimos consensos\u2026 podemos decir que estamos con un avance ya de casi el 90 por ciento\u201d.<\/p>\n<p>La ex presidenta del PRI, aspirante a la gubernatura de su natal Nuevo Le\u00f3n, la senadora D\u00edaz, revela que hoy el punto central del debate interno es la creaci\u00f3n\u00a0 del controvertido y cuestionado Instituto Nacional de Elecciones.<\/p>\n<p>\u201cTerminar con el Instituto Federal Electoral y dar paso a un Instituto Nacional, que atender\u00eda todas las elecciones federales, estatales y municipales, con matices y tonos diferentes, podr\u00eda requerir de un sistema mixto o h\u00edbrido, dicen mis compa\u00f1eros\u2026<\/p>\n<p>\u201cEs un trabajo que lleva, creo, m\u00e1s de 100 horas. Son ya muchos d\u00edas de estar trabajando en la construcci\u00f3n de un nuevo sistema electoral que le d\u00e9 no solamente la transparencia, rendici\u00f3n de cuentas y certeza al electorado mexicano, sino vida a un nuevo sistema electoral que ampl\u00ede la participaci\u00f3n democr\u00e1tica en nuestro pa\u00eds.<\/p>\n<p>\u201cY esta participaci\u00f3n democr\u00e1tica no podr\u00e1 lograrse sin la participaci\u00f3n de las mujeres. Ah\u00ed van tambi\u00e9n las iniciativas que han presentado las legisladoras de todos los partidos pol\u00edticos, y dentro de esta iniciativa que present\u00f3 el presidente Pe\u00f1a Nieto hace unos d\u00edas con base en la sentencia del a\u00f1o anterior del Tribunal Electoral del Poder Judicial de la Federaci\u00f3n y que convoca a que los partidos pol\u00edticos tomen el 50 por ciento de participaci\u00f3n de mujeres como una obligaci\u00f3n\u201d, concluy\u00f3.<\/p>\n<p><em><a href=\"mailto:rvizcainoa@gmail.com\">rvizcainoa@gmail.com<\/a><\/em><\/p>\n","protected":false},"excerpt":{"rendered":"<p><span style=\"color: #005497;\"><strong>Roberto Vizca\u00edno<\/strong><\/span><br \/>\n<br \/>\nLuego de entregarle el poder del DF en diciembre pasado a Miguel \u00c1ngel Mancera y tomarse unas vacaciones, Marcelo Ebrard regres\u00f3 con una agenda con la que pretend\u00eda insertarse y ganar la contienda por la dirigencia nacional del PRD.<\/p>\n","protected":false},"author":1,"featured_media":153772,"comment_status":"open","ping_status":"open","sticky":false,"template":"","format":"standard","meta":{"_monsterinsights_skip_tracking":false,"_monsterinsights_sitenote_active":false,"_monsterinsights_sitenote_note":"","_monsterinsights_sitenote_category":0,"footnotes":""},"categories":[136],"tags":[43674,93,94],"class_list":["post-153771","post","type-post","status-publish","format-standard","has-post-thumbnail","hentry","category-roberto-vizcaino-opinion","tag-opinion","tag-roberto-vizcaino","tag-tras-la-puerta-del-poder"],"_links":{"self":[{"href":"https:\/\/www.diarioimagen.net\/index.php?rest_route=\/wp\/v2\/posts\/153771","targetHints":{"allow":["GET"]}}],"collection":[{"href":"https:\/\/www.diarioimagen.net\/index.php?rest_route=\/wp\/v2\/posts"}],"about":[{"href":"https:\/\/www.diarioimagen.net\/index.php?rest_route=\/wp\/v2\/types\/post"}],"author":[{"embeddable":true,"href":"https:\/\/www.diarioimagen.net\/index.php?rest_route=\/wp\/v2\/users\/1"}],"replies":[{"embeddable":true,"href":"https:\/\/www.diarioimagen.net\/index.php?rest_route=%2Fwp%2Fv2%2Fcomments&post=153771"}],"version-history":[{"count":0,"href":"https:\/\/www.diarioimagen.net\/index.php?rest_route=\/wp\/v2\/posts\/153771\/revisions"}],"wp:featuredmedia":[{"embeddable":true,"href":"https:\/\/www.diarioimagen.net\/index.php?rest_route=\/wp\/v2\/media\/153772"}],"wp:attachment":[{"href":"https:\/\/www.diarioimagen.net\/index.php?rest_route=%2Fwp%2Fv2%2Fmedia&parent=153771"}],"wp:term":[{"taxonomy":"category","embeddable":true,"href":"https:\/\/www.diarioimagen.net\/index.php?rest_route=%2Fwp%2Fv2%2Fcategories&post=153771"},{"taxonomy":"post_tag","embeddable":true,"href":"https:\/\/www.diarioimagen.net\/index.php?rest_route=%2Fwp%2Fv2%2Ftags&post=153771"}],"curies":[{"name":"wp","href":"https:\/\/api.w.org\/{rel}","templated":true}]}}