{"id":153861,"date":"2013-11-15T00:06:46","date_gmt":"2013-11-15T06:06:46","guid":{"rendered":"http:\/\/www.diarioimagen.net\/?p=153861"},"modified":"2013-11-18T02:59:42","modified_gmt":"2013-11-18T08:59:42","slug":"josefina-la-intermitente","status":"publish","type":"post","link":"https:\/\/www.diarioimagen.net\/?p=153861","title":{"rendered":"Josefina, la intermitente"},"content":{"rendered":"<h2>\u00cdndice pol\u00edtico<\/h2>\n<h5>Francisco Rodr\u00edguez<\/h5>\n<p><span><br \/>\nA veces, s\u00ed. Otras, no. La mayor parte de las veces, que a lo mejor. O que todav\u00eda no sabe. Josefina V\u00e1zquez Mota enciende y apaga sus luces \u2014no muchas\u2014 intermitentes. Rojas, la mayor parte de las ocasiones. Contadas con los dedos de una mano, las verdes. En el amarillo de la indecisi\u00f3n, casi siempre.<\/span><\/p>\n<p>Aquel arrojo casi atrabancado que mostr\u00f3 en la b\u00fasqueda de la candidatura presidencial panista para los comicios federales del 2012 est\u00e1 ausente ahora que los ex gobernadores Ruffo, Medina Plascencia, Canales Clariond, entre otros, la han empujado a buscar la dirigencia panista todav\u00eda ocupada por Gustavo Madero.<\/p>\n<p>Aparece en eventos convocados dizque para \u201ccrear\u201d ciudadan\u00eda.<\/p>\n<p>La entrevistan en ciertos medios de comunicaci\u00f3n. Lleva a cabo reuniones con panistas de las entidades federativas.<\/p>\n<p>Pero no dice ni s\u00ed ni no. Ni fu ni fa, dir\u00eda aquel cl\u00e1sico.<\/p>\n<p>Todo indica que tras su desastrosa derrota, el a\u00f1o pasado \u2014llev\u00f3 al PAN hasta el tercer lugar, no obstante que era \u201cel partido en el poder\u201d\u2014 no ha conseguido reponerse.<\/p>\n<p>Cierto que se fue de viaje a las islas brit\u00e1nicas para curar sus penas, a\u00fan antes de que se oficializara el triunfo de su contrincante Enrique Pe\u00f1a Nieto. Pero no, no consigue reinsertarse.<\/p>\n<p>Siente, quiz\u00e1, que como se fue a La Villa y no s\u00f3lo perdi\u00f3 \u201cLa Silla\u201d\u2026 sino tambi\u00e9n el \u00e1nimo que antes la hac\u00eda hablar como tarabilla \u2014as\u00ed dec\u00eda mi abuela y en el diccionario encuentro su equivalente: matraca\u2014 para, s\u00f3lo con palabras, rescatar de entre sus ruinas al partido que ella y Felipe Calder\u00f3n ayudaron a demoler.<\/p>\n<p>Porque, \u00bfqu\u00e9 es ahora el PAN si no un ring de lucha libre donde los calderonistas y anticalderonistas se disputan las prerrogativa$ que, a trav\u00e9s del IFE, le damos los contribuyentes?<\/p>\n<p>Pleito cupular en el que los panistas de a pie siempre saldr\u00e1n perdiendo.<\/p>\n<p>\u00bfVa o no va Josefina por la presidencia del PAN?<\/p>\n<p>\u00bfLe conviene su llegada al gobierno pe\u00f1ista?<\/p>\n<p>Esa, al fin y al cabo, es la verdadera cuesti\u00f3n.<\/p>\n<p align=\"center\"><b>CUAUHT\u00c9MOC, DECIDIDO<\/b><\/p>\n<p>\u00a0Y al gobierno en el poder, \u00bfle conviene Cuauht\u00e9moc C\u00e1rdenas en la dirigencia nacional del PRD?<\/p>\n<p>Todo indicar\u00eda que s\u00ed.<\/p>\n<p>Que todos los esfuerzos \u2014desde el convencimiento hasta la nego\u00a2ia\u00a2i\u00f3n con \u201cLos Chuchos\u201d\u2014 de no pocos agentes gubernamentales van encaminados en esa direcci\u00f3n: la reinstalaci\u00f3n de \u201cEl Ingeniero\u201d en la dirigencia nacional de esa izquierda c\u00f3moda, modosita, cada vez m\u00e1s llena de intereses capitalistas.<\/p>\n<p>Al mismo tiempo, van con todo contra Marcelo Ebrard, a quien se le cerrar\u00e1n todas las puertas, incluso las rendijas por las que pretend\u00eda \u201ccolarse\u201d y mellar el feudo de los \u201cJesuses\u201d Ortega, Zambrano, et al.<\/p>\n<p>Y, cosa rara, C\u00e1rdenas Sol\u00f3rzano a quien, como jefe del gobierno capitalino, se recuerda como indeciso, ya tom\u00f3 una decisi\u00f3n. S\u00ed va por la dirigencia de lo que quede del perredismo.<\/p>\n<p>Como V\u00e1zquez Mota, C\u00e1rdenas no lo ha externado p\u00fablicamente.<\/p>\n<p>Pero s\u00ed, claro que s\u00ed.<\/p>\n<p>Busca el gobierno federal tener dirigentes opositores c\u00f3modos. Con los que, m\u00ednimo, se puedan intercambiar puntos de vista, opiniones y\/o, en el mejor de los casos \u2014para los pri\u00edstas, claro\u2014, imponer, sin que los de enfrente le chisten.<\/p>\n<p>Dada la desastrosa situaci\u00f3n en la que se encuentran el PAN y el PRD, el gobierno federal no corre \u2014por el momento\u2014 ning\u00fan riesgo al actuar de la forma en que lo est\u00e1 haciendo: reforma educativa (sic), reforma fiscal, quiz\u00e1 hasta reforma energ\u00e9tica. Controlar formalmente la acci\u00f3n de gobierno lo puede hacer cualquier partido de los que est\u00e1n en la oposici\u00f3n, pero el control material de dicha acci\u00f3n de gobierno \u00fanicamente puede hacerlo un partido al que la sociedad haya puesto en condiciones de hacerlo.<\/p>\n<p>Y ahora mismo no hay ninguno. Quiz\u00e1 m\u00e1s adelante, \u00bfno cree usted?<\/p>\n<p><b><i>\u00cdndice Flam\u00edgero:<\/i><\/b> Releyendo a Albert Camus, un amigo encontr\u00f3 la siguiente cita que, dice, \u201cviene como anillo al dedo a M\u00e9xico\u201d, especialmente en estos d\u00edas: \u201c\u2026decir que Francia necesita m\u00e1s una reforma moral que una reforma pol\u00edtica es tan tonto como afirmar lo contrario. Necesita las dos, precisamente para impedir que se juzgue a una naci\u00f3n entera por los escandalosos beneficios de algunos miserables. Siempre hemos hecho hincapi\u00e9, aqu\u00ed, en las exigencias de la moral. Pero ser\u00eda una estafa que estas exigencias sirvieran para escamotear la renovaci\u00f3n pol\u00edtica e institucional que necesitamos\u201d.<\/p>\n<p><em><a href=\"http:\/\/www.indicepolitico.com\/\" target=\"_blank\"><em>www.indicepolitico.com<\/em><\/a><br \/>\n<\/em><em><a href=\"mailto:pacorodriguez@journalist.com\" target=\"_blank\">pacorodriguez@journalist.com<\/a><\/em><\/p>\n","protected":false},"excerpt":{"rendered":"<p><span style=\"color: #005497;\"><strong>Francisco Rodr\u00edguez<\/strong><\/span><\/p>\n","protected":false},"author":3,"featured_media":0,"comment_status":"open","ping_status":"open","sticky":false,"template":"","format":"standard","meta":{"_monsterinsights_skip_tracking":false,"_monsterinsights_sitenote_active":false,"_monsterinsights_sitenote_note":"","_monsterinsights_sitenote_category":0,"footnotes":""},"categories":[549],"tags":[43689,550,363,43674,91],"class_list":["post-153861","post","type-post","status-publish","format-standard","hentry","category-francisco-rodriguez","tag-francisco-rodriguez","tag-indice-politico","tag-josefina-vazquez-mota","tag-opinion","tag-pan"],"_links":{"self":[{"href":"https:\/\/www.diarioimagen.net\/index.php?rest_route=\/wp\/v2\/posts\/153861","targetHints":{"allow":["GET"]}}],"collection":[{"href":"https:\/\/www.diarioimagen.net\/index.php?rest_route=\/wp\/v2\/posts"}],"about":[{"href":"https:\/\/www.diarioimagen.net\/index.php?rest_route=\/wp\/v2\/types\/post"}],"author":[{"embeddable":true,"href":"https:\/\/www.diarioimagen.net\/index.php?rest_route=\/wp\/v2\/users\/3"}],"replies":[{"embeddable":true,"href":"https:\/\/www.diarioimagen.net\/index.php?rest_route=%2Fwp%2Fv2%2Fcomments&post=153861"}],"version-history":[{"count":0,"href":"https:\/\/www.diarioimagen.net\/index.php?rest_route=\/wp\/v2\/posts\/153861\/revisions"}],"wp:attachment":[{"href":"https:\/\/www.diarioimagen.net\/index.php?rest_route=%2Fwp%2Fv2%2Fmedia&parent=153861"}],"wp:term":[{"taxonomy":"category","embeddable":true,"href":"https:\/\/www.diarioimagen.net\/index.php?rest_route=%2Fwp%2Fv2%2Fcategories&post=153861"},{"taxonomy":"post_tag","embeddable":true,"href":"https:\/\/www.diarioimagen.net\/index.php?rest_route=%2Fwp%2Fv2%2Ftags&post=153861"}],"curies":[{"name":"wp","href":"https:\/\/api.w.org\/{rel}","templated":true}]}}