{"id":154058,"date":"2013-11-18T00:01:08","date_gmt":"2013-11-18T06:01:08","guid":{"rendered":"http:\/\/www.diarioimagen.net\/?p=154058"},"modified":"2013-11-19T01:20:02","modified_gmt":"2013-11-19T07:20:02","slug":"defender-la-vida-en-lucha-a-muerte","status":"publish","type":"post","link":"https:\/\/www.diarioimagen.net\/?p=154058","title":{"rendered":"Defender la vida en lucha a muerte"},"content":{"rendered":"<h2>Pol\u00edtica Spot<\/h2>\n<h5>Juan Manuel Maga\u00f1a<\/h5>\n<p><span><br \/>\nCasi nada hay que comentar sobre una violencia que en la \u00faltima semana sacudi\u00f3 al pa\u00eds, como en los peores d\u00edas con Felipe Calder\u00f3n.<\/span><\/p>\n<p>En Michoac\u00e1n, integrantes de los grupos de autodefensa de Buenavista y Tepalcatepec, ampliaron su territorio de dominio al irrumpir este s\u00e1bado, en Tanc\u00edtaro, durante una jornada de tiroteos con presuntos integrantes del grupo criminal conocido como \u201cLos Caballeros Templarios\u201d, que dej\u00f3 dos muertos y tres heridos, la quema de dos autom\u00f3viles y la captura de 10 polic\u00edas municipales.<\/p>\n<p>\u201cLleg\u00f3 el momento, pues, de que se incorporen con nosotros a la defensa de su vida, porque \u00e9sta es una lucha a muerte\u201d, dijo a la poblaci\u00f3n Jos\u00e9 Manuel Mireles, l\u00edder del Consejo Ciudadano de Autodefensa de Tepalcatepec.<\/p>\n<p>Y de plano, el primero en defender su vida fue el alcalde de Tanc\u00edtaro, Salvador Torres, que abandon\u00f3 su comunidad ante la falta de garant\u00edas y se traslad\u00f3 a Uruapan para preservar su integridad.<\/p>\n<p>Adem\u00e1s de este mun\u00edcipe, otros tres han dejado sus municipios por el avance territorial de los grupos de autodefensa; se trata de Guillermo Valencia, de Tepalcatepec; Luis Torres, de Buenavista, y Ad\u00e1n Ceja, de Aguililla.<\/p>\n<p>Mientras, en Ciudad Ju\u00e1rez, ocho integrantes de una familia fueron asesinados en el interior de una vivienda, entre ellos tres ni\u00f1os, adem\u00e1s de que una reci\u00e9n nacida se reporta como desaparecida. La fiscal\u00eda del estado no se explicaba todav\u00eda anoche lo que hab\u00eda ocurrido.<\/p>\n<p>La noche del pasado viernes, habitantes de San Mart\u00edn Cuautlalpan, Estado de M\u00e9xico, se inconformaron por los secuestros registrados en su comunidad y bloquearon la autopista M\u00e9xico-Puebla, a la altura del kil\u00f3metro 32, en la caseta de San Marcos Huixtoco. Los colonos quemaron dos patrullas, una municipal y otra estatal, luego de acusar a la polic\u00eda de liberar a presuntos secuestradores que fueron detenidos por ellos horas antes, cuando pretend\u00edan plagiar a un menor.<\/p>\n<p>Desde el mi\u00e9rcoles pasado, autoridades encontraron en el municipio de La Barca, Jalisco, 20 cad\u00e1veres en varias fosas clandestinas. Se trataba de 15 hombres, una mujer y restos de cuatro osamentas que faltaban de identificar. Todo ello, en el contexto de la b\u00fasqueda de dos agentes de la Polic\u00eda Federal Ministerial desaparecidos, por quienes fueron capturados 24 agentes municipales de Vista Hermosa, Michoac\u00e1n, el pasado 7 de noviembre.<\/p>\n<p>El s\u00e1bado, en Acapulco, Guerrero, fueron descubiertas cinco fosas clandestinas con siete cad\u00e1veres y en Atoyac de \u00c1lvarez fue asesinado el ex regidor panista, Juan Lucena R\u00edos.<\/p>\n<p>El hallazgo de las fosas se dio luego de que a las 12:15 horas fuera recibida una denuncia an\u00f3nima al Servicio de Emergencia 066, que alert\u00f3 de que hab\u00eda fosas en una huerta en el ejido El Cayaco. Un parte preliminar detall\u00f3 que todas las v\u00edctimas eran hombres y al menos seis estaban atados de las manos y presentaban huellas de tortura.<\/p>\n<p>En cuanto al ex regidor, a eso de las 14:20 horas del s\u00e1bado, fue atacado a balazos desde un auto en movimiento cuando transitaba en una camioneta sobre la calle Agust\u00edn Ram\u00edrez, colonia Centro de Atoyac, a unas cuadras de la comandancia municipal. Tambi\u00e9n muri\u00f3 Luis Sotelo Mart\u00ednez, quien acompa\u00f1aba al pol\u00edtico.<\/p>\n<p>Ah\u00ed mismo en Guerrero, hubo otros dos homicidios. Y en Apaxtla de Castrej\u00f3n se confirm\u00f3 que el toque de queda prevalecer\u00e1 entre 15 y 20 d\u00edas (comenz\u00f3 el 15 de noviembre), a petici\u00f3n del Consejo Ciudadano que se cre\u00f3 para combatir al crimen organizado. La medida ya fue notificada al Ej\u00e9rcito y la polic\u00eda del estado que, seg\u00fan el alcalde Efra\u00edn Pe\u00f1a Damacio, est\u00e1n de acuerdo y anunciaron la implementaci\u00f3n de recorridos de vigilancia.<\/p>\n<p>Si alguien se pregunta qu\u00e9 es lo que est\u00e1 pasando en M\u00e9xico, no hay mejor expresi\u00f3n para definirlo que lo dicho por aquel l\u00edder de autodefensas: en muchos sitios ya se trata de \u201cdefender la vida en lucha a muerte\u201d.<\/p>\n<p><em><a href=\"mailto: maganapalace@yahoo.com.mx\" target=\"_blank\">maganapalace@yahoo.com.mx<\/a><\/em><\/p>\n","protected":false},"excerpt":{"rendered":"<p><span style=\"color: #005497;\"><strong>Juan Manuel Maga\u00f1a<\/strong><\/span><\/p>\n","protected":false},"author":3,"featured_media":0,"comment_status":"open","ping_status":"open","sticky":false,"template":"","format":"standard","meta":{"_monsterinsights_skip_tracking":false,"_monsterinsights_sitenote_active":false,"_monsterinsights_sitenote_note":"","_monsterinsights_sitenote_category":0,"footnotes":""},"categories":[22905],"tags":[43709,43674,22904],"class_list":["post-154058","post","type-post","status-publish","format-standard","hentry","category-juan-manuel-magana","tag-juan-manuel-magana","tag-opinion","tag-politica-spot"],"_links":{"self":[{"href":"https:\/\/www.diarioimagen.net\/index.php?rest_route=\/wp\/v2\/posts\/154058","targetHints":{"allow":["GET"]}}],"collection":[{"href":"https:\/\/www.diarioimagen.net\/index.php?rest_route=\/wp\/v2\/posts"}],"about":[{"href":"https:\/\/www.diarioimagen.net\/index.php?rest_route=\/wp\/v2\/types\/post"}],"author":[{"embeddable":true,"href":"https:\/\/www.diarioimagen.net\/index.php?rest_route=\/wp\/v2\/users\/3"}],"replies":[{"embeddable":true,"href":"https:\/\/www.diarioimagen.net\/index.php?rest_route=%2Fwp%2Fv2%2Fcomments&post=154058"}],"version-history":[{"count":0,"href":"https:\/\/www.diarioimagen.net\/index.php?rest_route=\/wp\/v2\/posts\/154058\/revisions"}],"wp:attachment":[{"href":"https:\/\/www.diarioimagen.net\/index.php?rest_route=%2Fwp%2Fv2%2Fmedia&parent=154058"}],"wp:term":[{"taxonomy":"category","embeddable":true,"href":"https:\/\/www.diarioimagen.net\/index.php?rest_route=%2Fwp%2Fv2%2Fcategories&post=154058"},{"taxonomy":"post_tag","embeddable":true,"href":"https:\/\/www.diarioimagen.net\/index.php?rest_route=%2Fwp%2Fv2%2Ftags&post=154058"}],"curies":[{"name":"wp","href":"https:\/\/api.w.org\/{rel}","templated":true}]}}