{"id":154320,"date":"2013-11-20T00:05:15","date_gmt":"2013-11-20T06:05:15","guid":{"rendered":"http:\/\/www.diarioimagen.net\/?p=154320"},"modified":"2013-11-21T02:34:38","modified_gmt":"2013-11-21T08:34:38","slug":"el-regreso-de-cuauhtemoc","status":"publish","type":"post","link":"https:\/\/www.diarioimagen.net\/?p=154320","title":{"rendered":"El regreso de Cuauht\u00e9moc"},"content":{"rendered":"<h2>De frente y de perfil<\/h2>\n<h5>Ram\u00f3n Zurita Sahag\u00fan<\/h5>\n<p><span><br \/>\nInmerso en los eternos enfrentamientos internos y con personajes sumamente desacreditados como figuras principales, el PRD se encontraba urgido de un flotador que lo ayude a evitar su hundimiento.<\/span><\/p>\n<p>Bombardeado por varios flancos, especialmente la persistente zozobra sobre los personajes que se ir\u00e1n del partido para formar parte del naciente Movimiento de Regeneraci\u00f3n Nacional, el grupo predominante dentro del perredismo busc\u00f3 \u00e1vidamente a la figura que les proporcione tranquilidad.<\/p>\n<p>De ah\u00ed que la reaparici\u00f3n de Cuauht\u00e9moc C\u00e1rdenas Sol\u00f3rzano como esa principal\u00edsima figura pol\u00edtica que d\u00e9 credibilidad y rumbo al proyecto partidista, resulta una bocanada de ox\u00edgeno.<\/p>\n<p>No importa que el regreso de Cuauht\u00e9moc signifique la modificaci\u00f3n de los estatutos partidistas, ni mucho menos el freno para que \u201cLos Chuchos\u201d contin\u00faen ocupando los principales cargos directivos, lo importante es mantenerse en la l\u00ednea de flotaci\u00f3n.<\/p>\n<p>Claro que para que C\u00e1rdenas Sol\u00f3rzano encabece de nueva cuenta el partido hacen falta varios aspectos, entre los que se encuentran la reforma de los estatutos que proh\u00edben actualmente que un dirigente del partido pueda ocupar el cargo por dos per\u00edodos.<\/p>\n<p>Eso se sabr\u00e1 en la siguiente reuni\u00f3n partidista, a celebrarse en fecha pr\u00f3xima.<\/p>\n<p>Despu\u00e9s de eso, se tendr\u00e1 que convencer a los dem\u00e1s aspirantes de no participar, ya que Cuauht\u00e9moc pidi\u00f3 como condici\u00f3n esencial no competir contra nadie por el cargo y encabezar una candidatura de unidad.<\/p>\n<p>Abierto ya de capa ante esa posibilidad, C\u00e1rdenas Sol\u00f3rzano condicion\u00f3 su participaci\u00f3n al cambio estatutario y analizar la situaci\u00f3n, aunque se declar\u00f3 abierto para escuchar propuestas.<\/p>\n<p>La concentraci\u00f3n perredista del pasado domingo y el encabezar la oposici\u00f3n a la reforma energ\u00e9tica, devolvieron al ex gobernador de Michoac\u00e1n el punch necesario para situarse nuevamente en los primeros planos pol\u00edticos.<\/p>\n<p>El ya largo distanciamiento sostenido con Andr\u00e9s Manuel L\u00f3pez Obrador constituir\u00eda un freno para el \u00e9xodo de militantes que se considera se producir\u00e1 el a\u00f1o pr\u00f3ximo, cuando Morena reciba el benepl\u00e1cito para competir en un proceso electoral.<\/p>\n<p>C\u00e1rdenas constituye ese muro de contenci\u00f3n que necesita el perredismo para evitar que el partido se les deshaga en las manos y que los restos de la izquierda pasen a formar parte del organismo pol\u00edtico que hoy encabeza Mart\u00ed Batres, pero cuya figura principal es Andr\u00e9s Manuel L\u00f3pez Obrador.<\/p>\n<p>Para las huestes perredistas no importa que los dados se carguen a favor de Cuauht\u00e9moc C\u00e1rdenas, ya que consideran que pueden seguir maniobrando y manejando los hilos finos de la pol\u00edtica partidista.<\/p>\n<p>Lo dem\u00e1s no es tan importante, ya que consideran tener los argumentos necesarios para convencer a quienes sea necesario para la reforma de los estatutos y hasta para bajar a quienes hoy se consideran con posibilidades de convertirse en el siguiente presidente del partido.<\/p>\n<p>Seg\u00fan C\u00e1rdenas Sol\u00f3rzano, le interesa el fortalecimiento del partido, aunque \u00e9l no iniciar\u00eda una campa\u00f1a de promoci\u00f3n en busca del cambio estatutario y de la presidencia del partido.<\/p>\n<p>Por lo pronto, se mantiene presentando su opci\u00f3n para evitar los cambios constitucionales en la reforma energ\u00e9tica, ya sea en actos p\u00fablicos como los del domingo o ante auditorios m\u00e1s reducidos, como viene sucediendo en universidades y foros de discusi\u00f3n sobre el tema.<\/p>\n<p>Cuauht\u00e9moc se convirti\u00f3 en la tabla de salvaci\u00f3n de un partido que es criticado por varias de las tribus que lo conforman por un supuesto acercamiento con el gobierno federal y por quienes censuran su alianza en el Pacto por M\u00e9xico, donde consideran que pri\u00edstas y panistas los usan solamente como art\u00edculo desechable.<\/p>\n<p>Para la disputa por la presidencia del partido, Carlos Navarrete se bajar\u00eda sin ning\u00fan problema, aunque habr\u00eda que ver la respuesta que tendr\u00edan, tanto Carlos Sotelo como Marcelo Ebrard, los otros aspirantes definidos por ahora.<\/p>\n<p>Para Sotelo la candidatura a la presidencia del PRD podr\u00eda esperar, ya que son pocos los que le consideran posibilidades para competir con posibilidades de \u00e9xito; para Marcelo ser\u00eda una cuesti\u00f3n de sobrevivencia pol\u00edtica.<\/p>\n<p>Marcelo ha perdido en poco menos de un a\u00f1o gran parte del capital pol\u00edtico acumulado desde el gobierno capitalino y que lo ubic\u00f3 como un fuerte aspirante a la Presidencia de la Rep\u00fablica.<\/p>\n<p>Quedarse sin foro fue terrible para quien pas\u00f3 ya por cuatro partidos (PRI, PVEM, PCD y PRD) pol\u00edticos, por lo que buscar espacio en un quinto ser\u00eda sumamente suicida.<\/p>\n<p>Marcelo \u00a0se encuentra inconforme con la posibilidad de reforma de los estatutos que abrir\u00eda la posibilidad del regreso de Cuauht\u00e9moc C\u00e1rdenas Sol\u00f3rzano a la presidencia del partido que \u00e9l mismo fundara.<\/p>\n<p align=\"center\">\u00a0<b>MICHOAC\u00c1N<\/b><\/p>\n<p>El asunto en Michoac\u00e1n se vuelve cada vez m\u00e1s complejo para las autoridades, las que no encuentran la forma de contener la violencia.<\/p>\n<p>Han mostrado una total indefensi\u00f3n ante el embate de los grupos criminales y ahora ante el surgimiento y posicionamiento de los guardias comunitarios la situaci\u00f3n es similar.<\/p>\n<p>La respuesta dada por los comunitarios es de t\u00fa a t\u00fa y han logrado de esa manera expulsar a algunos de los grupos, aunque usando m\u00e9todos violentos que no logran convencer.<\/p>\n<p>Sin embargo, en Michoac\u00e1n la situaci\u00f3n se ensombrece todav\u00eda m\u00e1s con las filtraciones que sit\u00faan al ex gobernador interino Jes\u00fas Reyna como el gran negociador de la campa\u00f1a electoral de Fausto Vallejo Figueroa con los grupos delincuenciales, especialmente con aquellos que est\u00e1n considerados como los m\u00e1s violentos y due\u00f1os de vastos territorios en el estado.<\/p>\n<p>La poblaci\u00f3n se siente entre varios fuegos, el de los grupos delincuenciales, el gubernamental y el de las guardias comunitarias, sin que ninguno de ellos les garantice la paz y tranquilidad en la regi\u00f3n. Por lo pronto, las autodefensas se encuentran en pie de lucha e intentan resolver los problemas de seguridad desde su \u00f3ptica.<\/p>\n<p><em><a href=\"mailto:ramonzurita44@hotmail.com\" target=\"_blank\">ramonzurita44@hotmail.com<br \/>\n<\/a><a href=\"mailto:zurita_sahagun@hotmail.com\" target=\"_blank\">zurita_sahagun@hotmail.com<\/a><\/em><\/p>\n","protected":false},"excerpt":{"rendered":"<p><span style=\"color: #005497;\"><strong>Ram\u00f3n Zurita Sahag\u00fan<\/strong><\/span><\/p>\n","protected":false},"author":3,"featured_media":0,"comment_status":"open","ping_status":"open","sticky":false,"template":"","format":"standard","meta":{"_monsterinsights_skip_tracking":false,"_monsterinsights_sitenote_active":false,"_monsterinsights_sitenote_note":"","_monsterinsights_sitenote_category":0,"footnotes":""},"categories":[234],"tags":[304,20271,43674,43687],"class_list":["post-154320","post","type-post","status-publish","format-standard","hentry","category-ramon-zurita-sahagun","tag-de-frente-y-de-perfil","tag-movimiento-de-regeneracion-nacional","tag-opinion","tag-ramon-zurita-sahagun"],"_links":{"self":[{"href":"https:\/\/www.diarioimagen.net\/index.php?rest_route=\/wp\/v2\/posts\/154320","targetHints":{"allow":["GET"]}}],"collection":[{"href":"https:\/\/www.diarioimagen.net\/index.php?rest_route=\/wp\/v2\/posts"}],"about":[{"href":"https:\/\/www.diarioimagen.net\/index.php?rest_route=\/wp\/v2\/types\/post"}],"author":[{"embeddable":true,"href":"https:\/\/www.diarioimagen.net\/index.php?rest_route=\/wp\/v2\/users\/3"}],"replies":[{"embeddable":true,"href":"https:\/\/www.diarioimagen.net\/index.php?rest_route=%2Fwp%2Fv2%2Fcomments&post=154320"}],"version-history":[{"count":0,"href":"https:\/\/www.diarioimagen.net\/index.php?rest_route=\/wp\/v2\/posts\/154320\/revisions"}],"wp:attachment":[{"href":"https:\/\/www.diarioimagen.net\/index.php?rest_route=%2Fwp%2Fv2%2Fmedia&parent=154320"}],"wp:term":[{"taxonomy":"category","embeddable":true,"href":"https:\/\/www.diarioimagen.net\/index.php?rest_route=%2Fwp%2Fv2%2Fcategories&post=154320"},{"taxonomy":"post_tag","embeddable":true,"href":"https:\/\/www.diarioimagen.net\/index.php?rest_route=%2Fwp%2Fv2%2Ftags&post=154320"}],"curies":[{"name":"wp","href":"https:\/\/api.w.org\/{rel}","templated":true}]}}