{"id":154322,"date":"2013-11-20T00:04:21","date_gmt":"2013-11-20T06:04:21","guid":{"rendered":"http:\/\/www.diarioimagen.net\/?p=154322"},"modified":"2013-11-21T02:37:59","modified_gmt":"2013-11-21T08:37:59","slug":"intensa-lucha-panista","status":"publish","type":"post","link":"https:\/\/www.diarioimagen.net\/?p=154322","title":{"rendered":"Intensa lucha panista"},"content":{"rendered":"<h2>Punto por punto<\/h2>\n<h5>Augusto Corro<\/h5>\n<p><span><br \/>\nAhora resulta que el ex gobernador de Guanajuato, Juan Manuel Oliva, tambi\u00e9n aspira a la presidencia nacional del PAN.\u00a0 Con una cola muy larga, en la que se incluye el manejo irregular del erario, el ex mandatario ya realiza su campa\u00f1a en todo el pa\u00eds.<\/span><\/p>\n<p>Sabe este panista que a r\u00edo revuelto, podr\u00eda obtener alg\u00fan beneficio de la contienda electoral.<\/p>\n<p>Lo que busca es hacer un equipo pol\u00edtico que le d\u00e9 viabilidad a Acci\u00f3n Nacional para los pr\u00f3ximos treinta a\u00f1os.<\/p>\n<p>Desde luego, lo primero que tendr\u00e1 que hacer es resucitar al partido blanquiazul que se encuentra en crisis.<\/p>\n<p>En las elecciones presidenciales el PAN cay\u00f3 estrepitosamente al tercer lugar, luego de una campa\u00f1a pol\u00edtica deplorable, en la que jug\u00f3 papel importante el divisionismo interno.<\/p>\n<p>Luego de la debacle electoral la dirigencia blanquiazul empez\u00f3 a trabajar para sacar a su partido del abismo al que lo arrojaron. Se reformaron los estatutos y se espera el cambio de la dirigencia nacional del partido, que encabeza Gustavo Madero. Claro, este l\u00edder busca la reelecci\u00f3n, aunque no ser\u00e1 f\u00e1cil que lo consiga.<\/p>\n<p>Ernesto Cordero, senador panista, es otro de los hombres con posibilidades de alcanzar la presidencia nacional del PAN. Sin embargo, sus antecedentes de calderonista no le favorecen.<\/p>\n<p>Cordero, ex secretario de Hacienda, fue el delf\u00edn de Calder\u00f3n en la contienda de precandidatos a la presidencia de la Rep\u00fablica.<\/p>\n<p>Fue derrotado por la aspirante Josefina V\u00e1zquez Mota\u00a0 y puede considerarse un cartucho quemado. Sin embargo, est\u00e1 montado en la lucha contra Madero, quien no logr\u00f3 enderezar la nave panista.<\/p>\n<p align=\"center\"><b>LOS ERRORES DE JOSEFINA<\/b><\/p>\n<p>En su p\u00e1gina de Facebook, Josefina V\u00e1zquez Mota reconoci\u00f3 que en su campa\u00f1a presidencial cometi\u00f3 aciertos, pero tambi\u00e9n errores.\u00a0 En el texto, la panista reflexion\u00f3 sobre la situaci\u00f3n del PAN y su reconstrucci\u00f3n.<\/p>\n<p>Dijo que est\u00e1 orgullosa de su partido, pero no define si contender\u00e1 o no por la presidencia nacional de esa organizaci\u00f3n.<\/p>\n<p>Se\u00f1al\u00f3:<\/p>\n<p>\u201cReconozco aciertos y errores en el quehacer de la campa\u00f1a. Las lecciones de entonces me acompa\u00f1an hoy para lograr con mayor fuerza y determinaci\u00f3n trabajar d\u00eda con d\u00eda para ser una mejor persona, una panista a la altura de nuestros verdaderos militantes y, en especial, de las convicciones y principios que nos sustentan, y que hoy con urgencia nos convocan\u201d.<\/p>\n<p>En su oportunidad se conocieron los errores de los panistas en la campa\u00f1a presidencial y V\u00e1zquez Mota no fue la \u00fanica responsable de la derrota.\u00a0 Siempre se supo que era muy dif\u00edcil que el electorado mexicano votara por la candidata de un partido que tuvo dos sexenios de desempe\u00f1o negativo, por decir lo menos.<\/p>\n<p>Nadie, con un poco de informaci\u00f3n, ir\u00eda a las urnas a votar por aquella que pertenec\u00eda al PAN, partido del que salieron dos presidentes: Vicente Fox y Felipe Calder\u00f3n.\u00a0 Dos sexenios panistas en los que M\u00e9xico no progres\u00f3. Al contrario, la pobreza, el desemple\u00f3 y la violencia se incrementaron.<\/p>\n<p>Es decir que la aspirante a presidenta de la Rep\u00fablica por el partido blanquiazul no ten\u00eda ninguna posibilidad de alcanzar la victoria.\u00a0 Adem\u00e1s, V\u00e1zquez Mota no tuvo el apoyo de Calder\u00f3n, quien actu\u00f3 con el resentimiento de que su \u201cdelf\u00edn\u201d fue derrotado ampliamente por la candidata.<\/p>\n<p>En la campa\u00f1a presidencial se enturbi\u00f3 la vida pol\u00edtica del PAN y los resultados finales mostraron lo equivocados que estuvieron los blanquiazules.<\/p>\n<p>En el presente, como se\u00f1alamos arriba, los principales aspirantes a la presidencia nacional del partido libran una pelea de pron\u00f3stico\u00a0 reservado.\u00a0 Calder\u00f3n desea, con todas sus fuerzas, que Cordero, apoyado por un grupo de senadores que se reduce cada vez, logre la victoria.\u00a0 Madero que representa el anticalderonismo\u00a0 tambi\u00e9n realizar\u00e1 su mayor esfuerzo para no perder el liderazgo.<\/p>\n<p>En fin, la guerra apenas empieza.<\/p>\n<p><em><a href=\"mailto:aco2742@hotmail.com\" target=\"_blank\">aco2742@hotmail.com<\/a><\/em><\/p>\n","protected":false},"excerpt":{"rendered":"<p><span style=\"color: #005497;\"><strong>Augusto Corro<\/strong><\/span><\/p>\n","protected":false},"author":3,"featured_media":0,"comment_status":"open","ping_status":"open","sticky":false,"template":"","format":"standard","meta":{"_monsterinsights_skip_tracking":false,"_monsterinsights_sitenote_active":false,"_monsterinsights_sitenote_note":"","_monsterinsights_sitenote_category":0,"footnotes":""},"categories":[157],"tags":[43686,41,8293,43674,11515],"class_list":["post-154322","post","type-post","status-publish","format-standard","hentry","category-augusto-corro","tag-augusto-corro","tag-guanajuato","tag-juan-manuel-oliva","tag-opinion","tag-punto-por-punto"],"_links":{"self":[{"href":"https:\/\/www.diarioimagen.net\/index.php?rest_route=\/wp\/v2\/posts\/154322","targetHints":{"allow":["GET"]}}],"collection":[{"href":"https:\/\/www.diarioimagen.net\/index.php?rest_route=\/wp\/v2\/posts"}],"about":[{"href":"https:\/\/www.diarioimagen.net\/index.php?rest_route=\/wp\/v2\/types\/post"}],"author":[{"embeddable":true,"href":"https:\/\/www.diarioimagen.net\/index.php?rest_route=\/wp\/v2\/users\/3"}],"replies":[{"embeddable":true,"href":"https:\/\/www.diarioimagen.net\/index.php?rest_route=%2Fwp%2Fv2%2Fcomments&post=154322"}],"version-history":[{"count":0,"href":"https:\/\/www.diarioimagen.net\/index.php?rest_route=\/wp\/v2\/posts\/154322\/revisions"}],"wp:attachment":[{"href":"https:\/\/www.diarioimagen.net\/index.php?rest_route=%2Fwp%2Fv2%2Fmedia&parent=154322"}],"wp:term":[{"taxonomy":"category","embeddable":true,"href":"https:\/\/www.diarioimagen.net\/index.php?rest_route=%2Fwp%2Fv2%2Fcategories&post=154322"},{"taxonomy":"post_tag","embeddable":true,"href":"https:\/\/www.diarioimagen.net\/index.php?rest_route=%2Fwp%2Fv2%2Ftags&post=154322"}],"curies":[{"name":"wp","href":"https:\/\/api.w.org\/{rel}","templated":true}]}}