{"id":154324,"date":"2013-11-20T00:03:56","date_gmt":"2013-11-20T06:03:56","guid":{"rendered":"http:\/\/www.diarioimagen.net\/?p=154324"},"modified":"2013-11-27T05:39:17","modified_gmt":"2013-11-27T11:39:17","slug":"los-que-defienden-el-petroleo-subieron-impuestos","status":"publish","type":"post","link":"https:\/\/www.diarioimagen.net\/?p=154324","title":{"rendered":"Los que defienden el petr\u00f3leo subieron impuestos"},"content":{"rendered":"<h2>Detr\u00e1s del Poder<\/h2>\n<h5>Jos\u00e9 Antonio L\u00f3pez Sosa<\/h5>\n<p><span><br \/>\nEn un hecho de esos que s\u00f3lo ocurren en la pol\u00edtica mexicana, el domingo pasado vimos a decenas de perredistas, l\u00edderes partidistas y legisladores acompa\u00f1ando a Cuauht\u00e9moc C\u00e1rdenas en la cruzada en defensa del petr\u00f3leo ante la cercana reforma energ\u00e9tica.<\/span><\/p>\n<p>Es claro que el gobierno encabezado por Enrique Pe\u00f1a Nieto quiere adelgazar la burocracia del Estado mexicano.<\/p>\n<p>Por otro lado, tambi\u00e9n es un hecho que en las ultimas d\u00e9cadas los verdaderos due\u00f1os del petr\u00f3leo no hemos sido los mexicanos sino el Sindicato Petrolero, antes \u201cLa Quina\u201d y desde fines de los a\u00f1os ochenta Carlos Romero Deschamps y en los \u00faltimos a\u00f1os, los amigos y cercanos a las c\u00fapulas panistas con los millonarios contratos que se asignaron de forma discrecional.<\/p>\n<p>Ahora bien, pareciera que s\u00f3lo hay dos caminos, o privatizar con la iniciativa de Pe\u00f1a o seguir tolerando saqueos. La iniciativa de C\u00e1rdenas me parece congruente siempre y cuando se persiga y sancione a quienes en las \u00faltimas fechas han saqueado a la paraestatal.<\/p>\n<p>La controversia viene con los acompa\u00f1antes de Cuauht\u00e9moc C\u00e1rdenas, muchos de esos perredistas votaron en alianza con el PRI el aumento a los impuestos, cosa que denota una clara incongruencia pol\u00edtica.<\/p>\n<p>&nbsp;<\/p>\n<p>Por un lado favorecen con su voto para elevar las contribuciones y lesionar a las clases medias en sus ingresos y por otro, se ponen la camiseta nacionalista en defensa del petr\u00f3leo.<\/p>\n<p>Si esos votos hubieran sido razonados de acuerdo a la opini\u00f3n de sus representados, otra cosa ser\u00eda. Desafortunadamente los legisladores han mostrado que votan \u2013salvo algunas excepciones\u2014en bloque y de acuerdo a las instrucciones de sus c\u00fapulas.<\/p>\n<p>Los perredistas que votaron por subir los impuestos despu\u00e9s de haber actuado en contra del inter\u00e9s de los que menos tienen, ahora dicen estar interesados en defender a esos mismos que atacaron con su voto, \u00bfc\u00f3mo es eso?<\/p>\n<p>El PRD se aleja cada vez m\u00e1s de la izquierda mexicana, cada d\u00eda se acerca m\u00e1s a esos m\u00e9todos pri\u00edstas que hacen una ideolog\u00eda camale\u00f3nica, al gusto del cliente o bien, sin un rumbo claro m\u00e1s all\u00e1 del poder por el poder mismo.<\/p>\n<p>S\u00f3lo en un pa\u00eds como el nuestro, los que subieron los impuestos en el DF hoy dicen defender el petr\u00f3leo.<\/p>\n<p><em><a href=\"mailto:lopez.sosa@mexico.com\" target=\"_blank\">lopez.sosa@mexico.com<\/a><\/em><br \/>\n<em><a href=\"http:\/\/twitter.com\/#%21\/joseantonio1977\" target=\"_blank\">@joseantonio1977<br \/>\n<\/a><\/em><em><a href=\"http:\/\/www.formulaconfidencial.com.mx\/\" target=\"_blank\">www.formulaconfidencial.com.mx<\/a><\/em><\/p>\n","protected":false},"excerpt":{"rendered":"<p><span style=\"color: #005497;\"><strong>Jos\u00e9 Antonio L\u00f3pez Sosa<\/strong><\/span><\/p>\n","protected":false},"author":3,"featured_media":0,"comment_status":"open","ping_status":"open","sticky":false,"template":"","format":"standard","meta":{"_monsterinsights_skip_tracking":false,"_monsterinsights_sitenote_active":false,"_monsterinsights_sitenote_note":"","_monsterinsights_sitenote_category":0,"footnotes":""},"categories":[637],"tags":[21544,638,43690,43674],"class_list":["post-154324","post","type-post","status-publish","format-standard","hentry","category-jose-antonio-lopez-sosa","tag-cuauhtemoc-cardenas","tag-detras-del-poder","tag-jose-antonio-lopez-sosa","tag-opinion"],"_links":{"self":[{"href":"https:\/\/www.diarioimagen.net\/index.php?rest_route=\/wp\/v2\/posts\/154324","targetHints":{"allow":["GET"]}}],"collection":[{"href":"https:\/\/www.diarioimagen.net\/index.php?rest_route=\/wp\/v2\/posts"}],"about":[{"href":"https:\/\/www.diarioimagen.net\/index.php?rest_route=\/wp\/v2\/types\/post"}],"author":[{"embeddable":true,"href":"https:\/\/www.diarioimagen.net\/index.php?rest_route=\/wp\/v2\/users\/3"}],"replies":[{"embeddable":true,"href":"https:\/\/www.diarioimagen.net\/index.php?rest_route=%2Fwp%2Fv2%2Fcomments&post=154324"}],"version-history":[{"count":0,"href":"https:\/\/www.diarioimagen.net\/index.php?rest_route=\/wp\/v2\/posts\/154324\/revisions"}],"wp:attachment":[{"href":"https:\/\/www.diarioimagen.net\/index.php?rest_route=%2Fwp%2Fv2%2Fmedia&parent=154324"}],"wp:term":[{"taxonomy":"category","embeddable":true,"href":"https:\/\/www.diarioimagen.net\/index.php?rest_route=%2Fwp%2Fv2%2Fcategories&post=154324"},{"taxonomy":"post_tag","embeddable":true,"href":"https:\/\/www.diarioimagen.net\/index.php?rest_route=%2Fwp%2Fv2%2Ftags&post=154324"}],"curies":[{"name":"wp","href":"https:\/\/api.w.org\/{rel}","templated":true}]}}