{"id":154333,"date":"2013-11-20T00:01:01","date_gmt":"2013-11-20T06:01:01","guid":{"rendered":"http:\/\/www.diarioimagen.net\/?p=154333"},"modified":"2013-11-21T02:42:58","modified_gmt":"2013-11-21T08:42:58","slug":"malas-notas-economicas","status":"publish","type":"post","link":"https:\/\/www.diarioimagen.net\/?p=154333","title":{"rendered":"Malas notas econ\u00f3micas"},"content":{"rendered":"<h2>Pol\u00edtica Spot<\/h2>\n<h5>Juan Manuel Maga\u00f1a<\/h5>\n<p><span><br \/>\nAs\u00ed como con la violencia, las notas econ\u00f3micas est\u00e1n para llorar.<\/span><\/p>\n<p>1. Dice la firma de asesor\u00eda UBS M\u00e9xico, que la asistencia de consumidores a los negocios participantes del\u00a0 \u201cBuen Fin\u201d result\u00f3 \u201cdecepcionante\u201d pese a las promociones \u201catractivas\u201d.<\/p>\n<p>Seg\u00fan esto, las ventas durante la tercera edici\u00f3n del \u201cBuen Fin\u201d, que se realiz\u00f3 del 15 al 18 de noviembre, ser\u00edan decepcionantes y representar\u00edan un indicador m\u00e1s de que la d\u00e9bil actividad econ\u00f3mica sigue afectando al consumo. En su monitoreo de la actividad en tiendas de autoservicio y departamentales, la firma \u201cno vio las grandes multitudes\u201d en comparaci\u00f3n con las dos ediciones anteriores.<\/p>\n<p>2. Hablando de debilidad econ\u00f3mica, la Organizaci\u00f3n para la Cooperaci\u00f3n y el Desarrollo Econ\u00f3micos ajust\u00f3 sus c\u00e1lculos, como lo han hecho otras instituciones, para prever un crecimiento del PIB mexicano del 1.2 por ciento este a\u00f1o, muy inferior al 3.4 por ciento que preve\u00eda en mayo pasado.<\/p>\n<p>La famosa OCDE estima que la econom\u00eda de M\u00e9xico se recuperar\u00eda hasta 2014 y 2015, tras el par\u00f3n sufrido en la primera mitad de este a\u00f1o, gracias a la mejora prevista de la coyuntura internacional y el incremento de las inversiones de este gobierno. El repunte ser\u00eda del 3.8 por ciento en 2014 y del 4.2 por ciento para 2015.<\/p>\n<p>Algo as\u00ed como que el futuro no se siente, lo que duele es el presente.<\/p>\n<p>Y claro que la OCDE admite que persisten \u201criesgos sustanciales\u201d para el crecimiento porque la \u201cproyectada recuperaci\u00f3n podr\u00eda atrasarse\u201d en caso de que el gobierno mexicano no consiga sacar adelante las reformas energ\u00e9tica y fiscal.<\/p>\n<p>3. Seg\u00fan informes oficiales de Petr\u00f3leos Mexicanos divulgados en medios, hasta el primer semestre de 2013 su participaci\u00f3n de 9.49 por ciento en la propiedad de la petrolera multinacional de origen espa\u00f1ol Repsol, le ha significado una p\u00e9rdida de 10 mil 125 millones 912 mil pesos.<\/p>\n<p>Se dice que esas minusval\u00edas alcanzadas a junio de 21013 son mayores al costo del seguro de desempleo y la pensi\u00f3n universal en M\u00e9xico, propuesta para entrar en vigor en 2014, cuya erogaci\u00f3n anual estimada para ambos programas de protecci\u00f3n social asciende a 6 mil 33 millones de pesos.<\/p>\n<p>La explicaci\u00f3n es que la compa\u00f1\u00eda encabezada por Antonio Brufau, no ha generado valor para los accionistas durante su gesti\u00f3n, pese a que los ingresos del directivo son 34 veces superiores a los que obtiene el actual director general de Pemex. El angelito gan\u00f3 en 2012 la friolera de 4 millones 794 mil euros, es decir, unos 81 millones 737 mil pesos.<\/p>\n<p>No cabe duda que la debilidad econ\u00f3mica tiene sus explicaciones&#8230; pero no hay responsables.<\/p>\n<p><em><a href=\"mailto: maganapalace@yahoo.com.mx\" target=\"_blank\">maganapalace@yahoo.com.mx<\/a><\/em><\/p>\n","protected":false},"excerpt":{"rendered":"<p><span style=\"color: #005497;\"><strong>Juan Manuel Maga\u00f1a<\/strong><\/span><\/p>\n","protected":false},"author":3,"featured_media":0,"comment_status":"open","ping_status":"open","sticky":false,"template":"","format":"standard","meta":{"_monsterinsights_skip_tracking":false,"_monsterinsights_sitenote_active":false,"_monsterinsights_sitenote_note":"","_monsterinsights_sitenote_category":0,"footnotes":""},"categories":[22905],"tags":[20779,43709,43674,22904],"class_list":["post-154333","post","type-post","status-publish","format-standard","hentry","category-juan-manuel-magana","tag-buen-fin","tag-juan-manuel-magana","tag-opinion","tag-politica-spot"],"_links":{"self":[{"href":"https:\/\/www.diarioimagen.net\/index.php?rest_route=\/wp\/v2\/posts\/154333","targetHints":{"allow":["GET"]}}],"collection":[{"href":"https:\/\/www.diarioimagen.net\/index.php?rest_route=\/wp\/v2\/posts"}],"about":[{"href":"https:\/\/www.diarioimagen.net\/index.php?rest_route=\/wp\/v2\/types\/post"}],"author":[{"embeddable":true,"href":"https:\/\/www.diarioimagen.net\/index.php?rest_route=\/wp\/v2\/users\/3"}],"replies":[{"embeddable":true,"href":"https:\/\/www.diarioimagen.net\/index.php?rest_route=%2Fwp%2Fv2%2Fcomments&post=154333"}],"version-history":[{"count":0,"href":"https:\/\/www.diarioimagen.net\/index.php?rest_route=\/wp\/v2\/posts\/154333\/revisions"}],"wp:attachment":[{"href":"https:\/\/www.diarioimagen.net\/index.php?rest_route=%2Fwp%2Fv2%2Fmedia&parent=154333"}],"wp:term":[{"taxonomy":"category","embeddable":true,"href":"https:\/\/www.diarioimagen.net\/index.php?rest_route=%2Fwp%2Fv2%2Fcategories&post=154333"},{"taxonomy":"post_tag","embeddable":true,"href":"https:\/\/www.diarioimagen.net\/index.php?rest_route=%2Fwp%2Fv2%2Ftags&post=154333"}],"curies":[{"name":"wp","href":"https:\/\/api.w.org\/{rel}","templated":true}]}}