{"id":154493,"date":"2013-11-21T00:08:43","date_gmt":"2013-11-21T06:08:43","guid":{"rendered":"http:\/\/www.diarioimagen.net\/?p=154493"},"modified":"2013-11-21T02:53:40","modified_gmt":"2013-11-21T08:53:40","slug":"la-uaem-ofertara-la-licenciatura-en-musica","status":"publish","type":"post","link":"https:\/\/www.diarioimagen.net\/?p=154493","title":{"rendered":"La UAEM ofertar\u00e1 la licenciatura en m\u00fasica"},"content":{"rendered":"<ul>\n<li><strong><em>A partir del pr\u00f3ximo a\u00f1o<\/em><\/strong><\/li>\n<\/ul>\n<div id=\"attachment_154552\" style=\"width: 250px\" class=\"wp-caption alignleft\"><a href=\"http:\/\/www.diarioimagen.net\/wp-content\/uploads\/2013\/11\/UAEM-2234.jpg\"><img loading=\"lazy\" decoding=\"async\" aria-describedby=\"caption-attachment-154552\" class=\"size-medium wp-image-154552\" alt=\"El rector de la m\u00e1xima casa de estudios mexiquense resalt\u00f3 que la administraci\u00f3n 2013-2017 pone especial atenci\u00f3n en la cultura.\" src=\"http:\/\/www.diarioimagen.net\/wp-content\/uploads\/2013\/11\/UAEM-2234-240x135.jpg\" width=\"240\" height=\"135\" srcset=\"https:\/\/www.diarioimagen.net\/wp-content\/uploads\/2013\/11\/UAEM-2234-240x135.jpg 240w, https:\/\/www.diarioimagen.net\/wp-content\/uploads\/2013\/11\/UAEM-2234-420x236.jpg 420w, https:\/\/www.diarioimagen.net\/wp-content\/uploads\/2013\/11\/UAEM-2234-235x132.jpg 235w, https:\/\/www.diarioimagen.net\/wp-content\/uploads\/2013\/11\/UAEM-2234-202x114.jpg 202w, https:\/\/www.diarioimagen.net\/wp-content\/uploads\/2013\/11\/UAEM-2234-350x196.jpg 350w, https:\/\/www.diarioimagen.net\/wp-content\/uploads\/2013\/11\/UAEM-2234-220x123.jpg 220w, https:\/\/www.diarioimagen.net\/wp-content\/uploads\/2013\/11\/UAEM-2234-237x132.jpg 237w, https:\/\/www.diarioimagen.net\/wp-content\/uploads\/2013\/11\/UAEM-2234.jpg 480w\" sizes=\"auto, (max-width: 240px) 100vw, 240px\" \/><\/a><p id=\"caption-attachment-154552\" class=\"wp-caption-text\">El rector de la m\u00e1xima casa de estudios mexiquense resalt\u00f3 que la administraci\u00f3n 2013-2017 pone especial atenci\u00f3n en la cultura.<\/p><\/div>\n<p>La Universidad Aut\u00f3noma del Estado de M\u00e9xico ofertar\u00e1 a partir de agosto de 2014, la Licenciatura en m\u00fasica, asever\u00f3 el rector Jorge Olvera Garc\u00eda, al encabezar el cuarto y \u00faltimo informe de actividades del director de la Facultad de Artes, Jos\u00e9 Edgar Miranda Ortiz, marco en el cual anunci\u00f3 la aprobaci\u00f3n, por parte de la C\u00e1mara de Diputados federal, de m\u00e1s de 20 millones de pesos para este proyecto.<\/p>\n<p>Luego de que el directivo informara sobre logros acad\u00e9micos como la reacreditaci\u00f3n de la Licenciatura en Artes Pl\u00e1sticas por cinco a\u00f1os m\u00e1s, y el avance de los estudios de factibilidad para la pr\u00f3xima apertura de las licenciaturas en M\u00fasica y Cinematograf\u00eda, as\u00ed como de los programas para su operaci\u00f3n, Jorge Olvera Garc\u00eda coment\u00f3 que no se entiende la universalidad del conocimiento sin artes como la m\u00fasica, el cine y el teatro.<\/p>\n<p>En el acto, al que acudieron el ex rector y director de Museos de la UAEM, Jorge Guadarrama L\u00f3pez, y el subdirector general del Instituto de la Pirotecnia, H\u00e9ctor Alejandro Mart\u00ednez D\u00e1vila, el rector de la m\u00e1xima casa de estudios mexiquense resalt\u00f3 que la administraci\u00f3n 2013-2017 pone especial atenci\u00f3n en la cultura.<\/p>\n","protected":false},"excerpt":{"rendered":"<p>La Universidad Aut\u00f3noma del Estado de M\u00e9xico ofertar\u00e1 a partir de agosto de 2014, la Licenciatura en m\u00fasica, asever\u00f3 el rector Jorge Olvera Garc\u00eda, al encabezar el cuarto y \u00faltimo informe de actividades del director de la Facultad de Artes, Jos\u00e9 Edgar Miranda Ortiz, marco en el cual anunci\u00f3 la aprobaci\u00f3n, por parte de la C\u00e1mara de Diputados federal, de m\u00e1s de 20 millones de pesos para este proyecto.<\/p>\n","protected":false},"author":3,"featured_media":154552,"comment_status":"open","ping_status":"open","sticky":false,"template":"","format":"standard","meta":{"_monsterinsights_skip_tracking":false,"_monsterinsights_sitenote_active":false,"_monsterinsights_sitenote_note":"","_monsterinsights_sitenote_category":0,"footnotes":""},"categories":[5],"tags":[43675,22042,1534,1491],"class_list":["post-154493","post","type-post","status-publish","format-standard","has-post-thumbnail","hentry","category-estado-de-mexico","tag-estado-de-mexico","tag-licenciatura","tag-musica","tag-uaem"],"_links":{"self":[{"href":"https:\/\/www.diarioimagen.net\/index.php?rest_route=\/wp\/v2\/posts\/154493","targetHints":{"allow":["GET"]}}],"collection":[{"href":"https:\/\/www.diarioimagen.net\/index.php?rest_route=\/wp\/v2\/posts"}],"about":[{"href":"https:\/\/www.diarioimagen.net\/index.php?rest_route=\/wp\/v2\/types\/post"}],"author":[{"embeddable":true,"href":"https:\/\/www.diarioimagen.net\/index.php?rest_route=\/wp\/v2\/users\/3"}],"replies":[{"embeddable":true,"href":"https:\/\/www.diarioimagen.net\/index.php?rest_route=%2Fwp%2Fv2%2Fcomments&post=154493"}],"version-history":[{"count":0,"href":"https:\/\/www.diarioimagen.net\/index.php?rest_route=\/wp\/v2\/posts\/154493\/revisions"}],"wp:featuredmedia":[{"embeddable":true,"href":"https:\/\/www.diarioimagen.net\/index.php?rest_route=\/wp\/v2\/media\/154552"}],"wp:attachment":[{"href":"https:\/\/www.diarioimagen.net\/index.php?rest_route=%2Fwp%2Fv2%2Fmedia&parent=154493"}],"wp:term":[{"taxonomy":"category","embeddable":true,"href":"https:\/\/www.diarioimagen.net\/index.php?rest_route=%2Fwp%2Fv2%2Fcategories&post=154493"},{"taxonomy":"post_tag","embeddable":true,"href":"https:\/\/www.diarioimagen.net\/index.php?rest_route=%2Fwp%2Fv2%2Ftags&post=154493"}],"curies":[{"name":"wp","href":"https:\/\/api.w.org\/{rel}","templated":true}]}}