{"id":154731,"date":"2013-11-25T00:07:39","date_gmt":"2013-11-25T06:07:39","guid":{"rendered":"http:\/\/www.diarioimagen.net\/?p=154731"},"modified":"2013-11-25T02:30:36","modified_gmt":"2013-11-25T08:30:36","slug":"persiste-frio-por-primera-tormenta-invernal-y-frente-numero-14","status":"publish","type":"post","link":"https:\/\/www.diarioimagen.net\/?p=154731","title":{"rendered":"Fin de semana fr\u00edo en casi todo el pa\u00eds"},"content":{"rendered":"<ul>\n<li><em><strong>Convergen primera tormenta invernal y frente 14<\/strong><\/em><\/li>\n<\/ul>\n<div id=\"attachment_154732\" style=\"width: 250px\" class=\"wp-caption alignleft\"><img loading=\"lazy\" decoding=\"async\" aria-describedby=\"caption-attachment-154732\" class=\"size-medium wp-image-154732 \" alt=\"Adem\u00e1s, un canal de baja presi\u00f3n frente a las costas de Nayarit y Jalisco mantendr\u00e1 potencial de lluvia ligera a moderada en el occidente de la Rep\u00fablica.\" src=\"http:\/\/www.diarioimagen.net\/wp-content\/uploads\/2013\/11\/FRIO-PORTAL2-240x135.jpg\" width=\"240\" height=\"135\" srcset=\"https:\/\/www.diarioimagen.net\/wp-content\/uploads\/2013\/11\/FRIO-PORTAL2-240x135.jpg 240w, https:\/\/www.diarioimagen.net\/wp-content\/uploads\/2013\/11\/FRIO-PORTAL2-420x236.jpg 420w, https:\/\/www.diarioimagen.net\/wp-content\/uploads\/2013\/11\/FRIO-PORTAL2-235x132.jpg 235w, https:\/\/www.diarioimagen.net\/wp-content\/uploads\/2013\/11\/FRIO-PORTAL2-202x114.jpg 202w, https:\/\/www.diarioimagen.net\/wp-content\/uploads\/2013\/11\/FRIO-PORTAL2-350x196.jpg 350w, https:\/\/www.diarioimagen.net\/wp-content\/uploads\/2013\/11\/FRIO-PORTAL2-220x123.jpg 220w, https:\/\/www.diarioimagen.net\/wp-content\/uploads\/2013\/11\/FRIO-PORTAL2-237x132.jpg 237w, https:\/\/www.diarioimagen.net\/wp-content\/uploads\/2013\/11\/FRIO-PORTAL2.jpg 480w\" sizes=\"auto, (max-width: 240px) 100vw, 240px\" \/><p id=\"caption-attachment-154732\" class=\"wp-caption-text\">La tormenta invernal y el frente fr\u00edo 14 no se estacionaron en el norte y se deslizaron por toda la Rep\u00fablica mexicana.<\/p><\/div>\n<p>La primera tormenta invernal se ubic\u00f3 ayer sobre el norte de Sonora y Chihuahua, afectando a ambas entidades con lluvia de moderada a fuerte, ambiente fr\u00edo con heladas y vientos ocasionalmente fuertes, inform\u00f3 el Servicio Meteorol\u00f3gico Nacional.<\/p>\n<p>El SMN indic\u00f3 que con el fen\u00f3meno se mantiene la posibilidad de que haya nevadas en las sierras del norte de Sonora, Chihuahua y Coahuila. La masa de aire fr\u00edo que lo impulsa mantendr\u00e1 temperaturas bajas en las mesas del norte y central, persistiendo tambi\u00e9n el evento de \u201cnorte\u201d moderado a fuerte con rachas de 75 kil\u00f3metros por hora en el Golfo de M\u00e9xico, Golfo e Istmo de Tehuantepec.<\/p>\n<p>En Chihuahua, un agente de la polic\u00eda municipal y un civil perdieron la vida durante un accidente que se registr\u00f3 a la altura del kil\u00f3metro 92+500 de la carretera Cuauht\u00e9moc-Chihuahua \u201ca causa de la intensa neblina y de lo mojado del pavimento\u201d, indicaron las autoridades.<\/p>\n<p>La Direcci\u00f3n General de Polic\u00eda de Cuauht\u00e9moc, Chihuahua, se\u00f1al\u00f3 que el agente Sergio V\u00e1zquez Castillo, de 23 a\u00f1os, perdi\u00f3 el control de la unidad al conducir a alta velocidad y al llegar a dicho tramo invadi\u00f3 el carril contrario y se impact\u00f3 contra una camioneta.<\/p>\n<p>\u201cEl agente regresaba de atender un accidente en el que se volc\u00f3 una camioneta Dodge Ram y al perder el control de su unidad oficial, invadi\u00f3 el carril contrario y choc\u00f3 contra una pick up Nissan, cuyo conductor muri\u00f3 y su copiloto result\u00f3 herido\u201d.<\/p>\n<p>El Sistema Nacional de Protecci\u00f3n Civil (Sinaproc) de la Secretar\u00eda de Gobernaci\u00f3n hab\u00eda alertado a la poblaci\u00f3n sobre la presencia de la primera tormenta invernal de la temporada y el frente fr\u00edo 14. Se dijo que ambos fen\u00f3menos meteorol\u00f3gicos propiciar\u00e1n un marcado descenso de temperatura, vientos fuertes y ca\u00edda de nieve y\/o aguanieve en la zona noroeste, norte y noreste del pa\u00eds, adem\u00e1s de lluvias fuertes a intensas.<\/p>\n<p>El SMN inform\u00f3 que el frente fr\u00edo n\u00famero 14 se extendi\u00f3 sobre el Golfo de M\u00e9xico e interior del pa\u00eds como estacionario y origin\u00f3 lluvia muy fuerte en el oriente y sureste del pa\u00eds y de moderadas a fuertes en sectores del norte y centro.<\/p>\n<p>Ante el marcado descenso de temperatura, se recomienda dar especial atenci\u00f3n a personas enfermas y de la tercera edad, a ni\u00f1os e indigentes, adem\u00e1s de comer frutas y verduras ricas en vitaminas A y C, y mantenerse hidratados, abrigarse con ropa gruesa, protegiendo el rostro y la cabeza, y cubrir boca y nariz para evitar respirar el aire fr\u00edo.<\/p>\n","protected":false},"excerpt":{"rendered":"<p>La primera tormenta invernal se ubic\u00f3 ayer sobre el norte de Sonora y Chihuahua, afectando a ambas entidades con lluvia de moderada a fuerte, ambiente fr\u00edo con heladas y vientos ocasionalmente fuertes, inform\u00f3 el Servicio Meteorol\u00f3gico Nacional.<\/p>\n","protected":false},"author":5,"featured_media":154732,"comment_status":"open","ping_status":"open","sticky":false,"template":"","format":"standard","meta":{"_monsterinsights_skip_tracking":false,"_monsterinsights_sitenote_active":false,"_monsterinsights_sitenote_note":"","_monsterinsights_sitenote_category":0,"footnotes":""},"categories":[3],"tags":[377,55,43673,530],"class_list":["post-154731","post","type-post","status-publish","format-standard","has-post-thumbnail","hentry","category-nacional","tag-frente-frio","tag-golfo-de-mexico","tag-nacional","tag-servicio-meteorologico-nacional"],"_links":{"self":[{"href":"https:\/\/www.diarioimagen.net\/index.php?rest_route=\/wp\/v2\/posts\/154731","targetHints":{"allow":["GET"]}}],"collection":[{"href":"https:\/\/www.diarioimagen.net\/index.php?rest_route=\/wp\/v2\/posts"}],"about":[{"href":"https:\/\/www.diarioimagen.net\/index.php?rest_route=\/wp\/v2\/types\/post"}],"author":[{"embeddable":true,"href":"https:\/\/www.diarioimagen.net\/index.php?rest_route=\/wp\/v2\/users\/5"}],"replies":[{"embeddable":true,"href":"https:\/\/www.diarioimagen.net\/index.php?rest_route=%2Fwp%2Fv2%2Fcomments&post=154731"}],"version-history":[{"count":0,"href":"https:\/\/www.diarioimagen.net\/index.php?rest_route=\/wp\/v2\/posts\/154731\/revisions"}],"wp:featuredmedia":[{"embeddable":true,"href":"https:\/\/www.diarioimagen.net\/index.php?rest_route=\/wp\/v2\/media\/154732"}],"wp:attachment":[{"href":"https:\/\/www.diarioimagen.net\/index.php?rest_route=%2Fwp%2Fv2%2Fmedia&parent=154731"}],"wp:term":[{"taxonomy":"category","embeddable":true,"href":"https:\/\/www.diarioimagen.net\/index.php?rest_route=%2Fwp%2Fv2%2Fcategories&post=154731"},{"taxonomy":"post_tag","embeddable":true,"href":"https:\/\/www.diarioimagen.net\/index.php?rest_route=%2Fwp%2Fv2%2Ftags&post=154731"}],"curies":[{"name":"wp","href":"https:\/\/api.w.org\/{rel}","templated":true}]}}