{"id":154946,"date":"2013-11-26T00:07:35","date_gmt":"2013-11-26T06:07:35","guid":{"rendered":"http:\/\/www.diarioimagen.net\/?p=154946"},"modified":"2013-11-27T06:31:18","modified_gmt":"2013-11-27T12:31:18","slug":"mexico-estara-en-la-frontera-de-la-tecnologia-pena-nieto","status":"publish","type":"post","link":"https:\/\/www.diarioimagen.net\/?p=154946","title":{"rendered":"M\u00e9xico estar\u00e1 en la frontera de la tecnolog\u00eda: Pe\u00f1a Nieto"},"content":{"rendered":"<ul>\n<li><strong><em>Al encabezar la presentaci\u00f3n de la \u201cEstrategia Digital Nacional\u201d, el Presidente se\u00f1ala que el pa\u00eds est\u00e1 dispuesto a romper inercias<\/em><\/strong><\/li>\n<\/ul>\n<h6>Roberto Vizca\u00edno<\/h6>\n<div id=\"attachment_154985\" style=\"width: 250px\" class=\"wp-caption alignleft\"><a href=\"http:\/\/www.diarioimagen.net\/wp-content\/uploads\/2013\/11\/epn-2237.jpg\"><img loading=\"lazy\" decoding=\"async\" aria-describedby=\"caption-attachment-154985\" class=\"size-medium wp-image-154985\" alt=\"epn-2237\" src=\"http:\/\/www.diarioimagen.net\/wp-content\/uploads\/2013\/11\/epn-2237-240x135.jpg\" width=\"240\" height=\"135\" srcset=\"https:\/\/www.diarioimagen.net\/wp-content\/uploads\/2013\/11\/epn-2237-240x135.jpg 240w, https:\/\/www.diarioimagen.net\/wp-content\/uploads\/2013\/11\/epn-2237-420x236.jpg 420w, https:\/\/www.diarioimagen.net\/wp-content\/uploads\/2013\/11\/epn-2237-235x132.jpg 235w, https:\/\/www.diarioimagen.net\/wp-content\/uploads\/2013\/11\/epn-2237-202x114.jpg 202w, https:\/\/www.diarioimagen.net\/wp-content\/uploads\/2013\/11\/epn-2237-350x196.jpg 350w, https:\/\/www.diarioimagen.net\/wp-content\/uploads\/2013\/11\/epn-2237-220x123.jpg 220w, https:\/\/www.diarioimagen.net\/wp-content\/uploads\/2013\/11\/epn-2237-237x132.jpg 237w, https:\/\/www.diarioimagen.net\/wp-content\/uploads\/2013\/11\/epn-2237.jpg 480w\" sizes=\"auto, (max-width: 240px) 100vw, 240px\" \/><\/a><p id=\"caption-attachment-154985\" class=\"wp-caption-text\">La coordinadora general de la \u201cEstrategia Digital Nacional\u201d, Alejandra Lagunes Soto Ruiz, explica al presidente, Enrique Pe\u00f1a Nieto, los alcances del programa. Los acompa\u00f1an Gerardo Ruiz Esparza, titular de la SCT; Mercedes Juan L\u00f3pez, de Salud, y Luis Videgaray, de la SHCP.<\/p><\/div>\n<p>Al presentar la Estrategia Digital Nacional con la cual pretende colocar a M\u00e9xico en la vanguardia cient\u00edfica y tecnol\u00f3gica para transformar a M\u00e9xico y ubicarlo en la frontera de la tecnolog\u00eda y el conocimiento, el presidente Enrique Pe\u00f1a Nieto se comprometi\u00f3 a convertir el suyo en un Gobierno Digital que tendr\u00e1 una ventanilla \u00fanica para que los mexicanos puedan realizar 7 mil tr\u00e1mites oficiales distintos y as\u00ed agilizar su productividad.<\/p>\n<p>Durante el evento realizado en el Museo de Antropolog\u00eda, asegur\u00f3 que esta estrategia digital trasciende los alcances del \u00e1mbito p\u00fablico y provocar\u00e1 que todos los mexicanos hagamos un mayor uso de las tecnolog\u00edas.<\/p>\n<p>\u201cLa estrategia ser\u00e1 transversal entre todas las dependencias y entidades del gobierno de la Rep\u00fablica,\u00a0 para promover la adopci\u00f3n y desarrollo de tecnolog\u00edas, la innovaci\u00f3n,\u00a0 la apertura y la transparencia,\u00a0 en todo el aparato gubernamental.<\/p>\n<p>\u201cEl objetivo es muy claro: hacer el mejor uso de la tecnolog\u00eda para detonar el desarrollo de M\u00e9xico\u201d, subray\u00f3.<\/p>\n<p>El presidente Pe\u00f1a Nieto asegur\u00f3 que esta estrategia se aplicar\u00e1 en un momento en que \u201cM\u00e9xico est\u00e1 decidido a romper inercias y cambiar paradigmas. As\u00ed lo ha acreditado el pa\u00eds este a\u00f1o, con el impulso y aprobaci\u00f3n de importantes reformas transformadoras\u201d.<\/p>\n<p>Agreg\u00f3: \u201cpero tambi\u00e9n somos conscientes de que para transformar la realidad nacional no es suficiente adecuar las leyes, es necesario realizar cambios en las pol\u00edticas p\u00fablicas y en las labores cotidianas de gobiernos, empresas y organizaciones\u201d.<\/p>\n<p>Consider\u00f3 que la Estrategia Digital Nacional no pone a la tecnolog\u00eda como un fin en s\u00ed mismo, \u201csino como un medio para alcanzar los fines sociales que nos hemos planteado\u201d.<\/p>\n<p>De ah\u00ed que destac\u00f3 cinco grandes objetivos a alcanzar:<\/p>\n<p>Primero: Transformaci\u00f3n Gubernamental. A partir de pol\u00edticas para un gobierno digital,\u00a0 se construir\u00e1 una nueva relaci\u00f3n entre el gobierno y el ciudadano.<\/p>\n<p>En este sentido, precis\u00f3, \u201ctrabajamos para instrumentar la Ventanilla \u00danica Nacional,\u00a0 que permitir\u00e1 unificar todos los sitios de gobierno en un solo portal y digitalizar cerca de siete mil tr\u00e1mites del gobierno de la Rep\u00fablica, que estar\u00e1n disponibles en el sitio gob.mx\u201d.<\/p>\n<p>Se reducir\u00e1n, dijo, requisitos innecesarios y se evitar\u00e1 pedir informaci\u00f3n al ciudadano que el propio gobierno ya tiene, haciendo m\u00e1s \u00e1giles los tiempos de respuesta, y \u201cas\u00ed ser\u00e1 m\u00e1s f\u00e1cil, r\u00e1pido y seguro acceder a las calificaciones en las escuelas, aplicar becas y apoyos, solicitar actas de nacimiento y pasaporte desde cualquier lugar, hora o dispositivo electr\u00f3nico\u201d.<\/p>\n<p>Destac\u00f3 que de esta forma tambi\u00e9n se atiende la responsabilidad que M\u00e9xico ha asumido como Copresidente de la Alianza para un Gobierno Abierto. En este marco, precis\u00f3, \u201chabremos de instrumentar una pol\u00edtica nacional de datos abiertos que permita compartir la informaci\u00f3n p\u00fablica generada por el gobierno en formatos f\u00e1ciles de acceder, aprovechar y utilizar para toda la sociedad\u201d.<\/p>\n<p>Segundo objetivo: Econom\u00eda digital. Para democratizar la productividad e incrementar el crecimiento y la generaci\u00f3n de empleos, se debe facilitar la incorporaci\u00f3n de tecnolog\u00eda en los procesos econ\u00f3micos.<\/p>\n<p>El presidente Pe\u00f1a Nieto asegur\u00f3 que tambi\u00e9n se est\u00e1 avanzando en el desarrollo de bienes y servicios digitales que permitan potenciar el comercio electr\u00f3nico, estimular la innovaci\u00f3n en las peque\u00f1as y medianas empresas, y promover la inclusi\u00f3n financiera, mediante esquemas de banca m\u00f3vil.<\/p>\n<p>Con las pol\u00edticas contenidas en esta estrategia, puntualiz\u00f3, \u201cm\u00e1s hogares y negocios de M\u00e9xico tendr\u00e1n acceso a servicios de internet y banda ancha de mayor velocidad y a un menor costo\u201d.<\/p>\n<p>Refiri\u00f3 que en la esfera del gobierno, las tecnolog\u00edas permitir\u00e1n acelerar la velocidad en la apertura de empresas, de tal forma que los emprendedores se concentren en el desarrollo de su negocio y no en los tr\u00e1mites para poder abrirlo.<\/p>\n<p>Tercero. Educaci\u00f3n de calidad. \u201cComo parte de la reforma educativa, estamos integrando las Tecnolog\u00edas de la Informaci\u00f3n y Comunicaci\u00f3n en la formaci\u00f3n de nuestros ni\u00f1os y j\u00f3venes\u201d.<\/p>\n<p>Record\u00f3 que hace unas semanas arranc\u00f3 la fase piloto del Programa MiCompu.mx, que dota de computadoras a estudiantes de quinto y sexto grados de primaria en las escuelas p\u00fablicas.<\/p>\n<p>\u201cEs as\u00ed como estamos ampliando la oferta educativa a trav\u00e9s de medios digitales. Adem\u00e1s, se contempla desarrollar una Agenda Digital de Cultura, incluyendo la digitalizaci\u00f3n de archivos y colecciones, as\u00ed como visitas virtuales a museos y sitios hist\u00f3ricos\u201d, dijo.<\/p>\n<p>Cuarto objetivo. Salud universal y efectiva. En la construcci\u00f3n de un Sistema Nacional de Salud Universal debemos aprovechar la tecnolog\u00eda para aumentar la cobertura y hacer m\u00e1s eficiente la infraestructura y los recursos destinados a la salud, que se traduzca en un incremento a la calidad de los servicios que presta el Estado mexicano.<\/p>\n<p>El primer mandatario inform\u00f3 que\u00a0 en 2014 comenzar\u00e1 la implementaci\u00f3n del Certificado Electr\u00f3nico de Nacimiento y la Cartilla de Salud Electr\u00f3nica, como principio del Expediente Cl\u00ednico Electr\u00f3nico.<\/p>\n<p>Tambi\u00e9n se instrumentar\u00e1n nuevos mecanismos de Telesalud que faciliten la prestaci\u00f3n de servicios de calidad a distancia, principalmente a las zonas m\u00e1s apartadas y que lamentablemente se encuentran en condici\u00f3n de mayor marginaci\u00f3n en distintas regiones del pa\u00eds.<\/p>\n<p>Y quinto. Seguridad ciudadana. Usaremos nuevas tecnolog\u00edas en programas para prevenir la violencia y promover la comunicaci\u00f3n entre ciudadan\u00eda y autoridades. Tambi\u00e9n, para difundir informaci\u00f3n de Protecci\u00f3n Civil y mitigar los da\u00f1os causados por desastres naturales.<\/p>\n<p>Subray\u00f3 que en materia de seguridad se avanza en la localizaci\u00f3n geogr\u00e1fica de datos y estad\u00edsticas delictivas, en instrumentos de denuncia ciudadana y de recepci\u00f3n de alertas, a trav\u00e9s de telefon\u00eda celular o aplicaciones m\u00f3viles.<\/p>\n<p>&nbsp;<\/p>\n","protected":false},"excerpt":{"rendered":"<p><span style=\"color: #005497;\"><strong>Roberto Vizca\u00edno<\/strong><\/span><br \/>\n<br \/>\nAl presentar la Estrategia Digital Nacional con la cual pretende colocar a M\u00e9xico en la vanguardia cient\u00edfica y tecnol\u00f3gica para transformar a M\u00e9xico y ubicarlo en la frontera de la tecnolog\u00eda y el conocimiento, el presidente Enrique Pe\u00f1a Nieto se comprometi\u00f3 a convertir el suyo en un Gobierno Digital que tendr\u00e1 una ventanilla \u00fanica para que los mexicanos puedan realizar 7 mil tr\u00e1mites oficiales distintos y as\u00ed agilizar su productividad.<\/p>\n","protected":false},"author":3,"featured_media":154985,"comment_status":"open","ping_status":"open","sticky":false,"template":"","format":"standard","meta":{"_monsterinsights_skip_tracking":false,"_monsterinsights_sitenote_active":false,"_monsterinsights_sitenote_note":"","_monsterinsights_sitenote_category":0,"footnotes":""},"categories":[17,3],"tags":[18,93],"class_list":["post-154946","post","type-post","status-publish","format-standard","has-post-thumbnail","hentry","category-especiales","category-nacional","tag-enrique-pena-nieto","tag-roberto-vizcaino"],"_links":{"self":[{"href":"https:\/\/www.diarioimagen.net\/index.php?rest_route=\/wp\/v2\/posts\/154946","targetHints":{"allow":["GET"]}}],"collection":[{"href":"https:\/\/www.diarioimagen.net\/index.php?rest_route=\/wp\/v2\/posts"}],"about":[{"href":"https:\/\/www.diarioimagen.net\/index.php?rest_route=\/wp\/v2\/types\/post"}],"author":[{"embeddable":true,"href":"https:\/\/www.diarioimagen.net\/index.php?rest_route=\/wp\/v2\/users\/3"}],"replies":[{"embeddable":true,"href":"https:\/\/www.diarioimagen.net\/index.php?rest_route=%2Fwp%2Fv2%2Fcomments&post=154946"}],"version-history":[{"count":0,"href":"https:\/\/www.diarioimagen.net\/index.php?rest_route=\/wp\/v2\/posts\/154946\/revisions"}],"wp:featuredmedia":[{"embeddable":true,"href":"https:\/\/www.diarioimagen.net\/index.php?rest_route=\/wp\/v2\/media\/154985"}],"wp:attachment":[{"href":"https:\/\/www.diarioimagen.net\/index.php?rest_route=%2Fwp%2Fv2%2Fmedia&parent=154946"}],"wp:term":[{"taxonomy":"category","embeddable":true,"href":"https:\/\/www.diarioimagen.net\/index.php?rest_route=%2Fwp%2Fv2%2Fcategories&post=154946"},{"taxonomy":"post_tag","embeddable":true,"href":"https:\/\/www.diarioimagen.net\/index.php?rest_route=%2Fwp%2Fv2%2Ftags&post=154946"}],"curies":[{"name":"wp","href":"https:\/\/api.w.org\/{rel}","templated":true}]}}