{"id":154973,"date":"2013-11-26T00:08:13","date_gmt":"2013-11-26T06:08:13","guid":{"rendered":"http:\/\/www.diarioimagen.net\/?p=154973"},"modified":"2013-11-26T04:29:46","modified_gmt":"2013-11-26T10:29:46","slug":"desempleo-llego-a-4-91-en-octubre-dice-inegi","status":"publish","type":"post","link":"https:\/\/www.diarioimagen.net\/?p=154973","title":{"rendered":"Desempleo lleg\u00f3 a 4.91% en octubre, dice INEGI"},"content":{"rendered":"<ul>\n<li><strong><em>Tasa anual de 5.01 por ciento<\/em><\/strong><\/li>\n<\/ul>\n<p><a href=\"http:\/\/www.diarioimagen.net\/wp-content\/uploads\/2011\/02\/desempleo-mexico-1533.jpg\"><img loading=\"lazy\" decoding=\"async\" class=\"alignleft size-medium wp-image-42841\" style=\"margin-right: 9px; margin-bottom: 9px;\" alt=\"desempleo-mexico-1533\" src=\"http:\/\/www.diarioimagen.net\/wp-content\/uploads\/2011\/02\/desempleo-mexico-1533-300x225.jpg\" width=\"240\" height=\"180\" \/><\/a>En octubre pasado, la tasa de desocupaci\u00f3n en el pa\u00eds fue de 5.01 por ciento, luego del 5.04 por ciento reportado en igual mes de 2012, mientras que la subocupaci\u00f3n pas\u00f3 de 8.7 a 8.9 por ciento en ese lapso.<\/p>\n<p>El Instituto Nacional de Estad\u00edstica y Geograf\u00eda (INEGI) informa que con cifras desestacionalizadas, en el d\u00e9cimo mes de 2013 la tasa de desocupaci\u00f3n a nivel nacional fue de 4.91 por ciento de la Poblaci\u00f3n Econ\u00f3micamente Activa (PEA), menor en 0.06 puntos porcentuales comparado con septiembre previo.<\/p>\n<p>En su reporte, indica que la poblaci\u00f3n ocupada alcanz\u00f3 94.99 por ciento de la PEA en el d\u00e9cimo mes de 2013 y de ese total, 67.3 por ciento opera como trabajador subordinado y remunerado al ocupar una plaza o puesto de trabajo y 4.6 por ciento son patrones o empleadores.<\/p>\n<p>Adem\u00e1s, a\u00f1ade, 21.8 por ciento trabaja de manera independiente o por su cuenta sin contratar empleados, y 6.3 por ciento se desempe\u00f1a en los negocios o en las parcelas familiares, con lo que contribuye de manera directa a los procesos productivos, pero sin un acuerdo de remuneraci\u00f3n monetaria.<\/p>\n<p>Se\u00f1ala que por sexo, la tasa de desempleo en los hombres se mantuvo en 4.98 por ciento a tasa anual, en tanto que en las mujeres baj\u00f3 de 5.14 a 5.04 por ciento a tasa anual.<\/p>\n<p>En su reporte, el organismo detalla que 25.7 por ciento de los desocupados no contaba con estudios completos de secundaria, mientras que los de mayor nivel de instrucci\u00f3n representaron al 74.3 por ciento.<\/p>\n<p>Por entidad federativa, precisa que los estados con las mayores alzas en este indicador fueron Durango, Baja California y Baja California Sur, Aguascalientes y Guanajuato, en tanto que Tamaulipas, Tabasco, Sonora, Tlaxcala y Nayarit mostraron las bajas m\u00e1s importantes.<\/p>\n<p>Con datos mensuales, el INEGI refiere que en octubre pasado, la tasa de desempleo fue de 4.91 por ciento de la PEA, nivel inferior en 0.06 puntos porcentuales comparado con septiembre previo.<\/p>\n<p>Detalla que con informaci\u00f3n preliminar, la poblaci\u00f3n subocupada (que declar\u00f3 tener necesidad y disponibilidad para trabajar m\u00e1s horas) en el d\u00e9cimo mes del a\u00f1o en curso represent\u00f3 8.9 por ciento de la poblaci\u00f3n ocupada, superior al 8.7 por ciento de octubre de 2012.<\/p>\n<p>Agrega que en octubre pasado, el porcentaje de subocupaci\u00f3n es m\u00e1s alto en los hombres que en las mujeres, con 9.6 por ciento de la poblaci\u00f3n ocupada masculina frente al 7.8 por ciento de la femenina.<\/p>\n","protected":false},"excerpt":{"rendered":"<p>En octubre pasado, la tasa de desocupaci\u00f3n en el pa\u00eds fue de 5.01 por ciento, luego del 5.04 por ciento reportado en igual mes de 2012, mientras que la subocupaci\u00f3n pas\u00f3 de 8.7 a 8.9 por ciento en ese lapso.<\/p>\n","protected":false},"author":3,"featured_media":0,"comment_status":"open","ping_status":"open","sticky":false,"template":"","format":"standard","meta":{"_monsterinsights_skip_tracking":false,"_monsterinsights_sitenote_active":false,"_monsterinsights_sitenote_note":"","_monsterinsights_sitenote_category":0,"footnotes":""},"categories":[3],"tags":[482,193,2807,43673,18186],"class_list":["post-154973","post","type-post","status-publish","format-standard","hentry","category-nacional","tag-desempleo","tag-inegi","tag-instituto-nacional-de-estadistica-y-geografia","tag-nacional","tag-taza"],"_links":{"self":[{"href":"https:\/\/www.diarioimagen.net\/index.php?rest_route=\/wp\/v2\/posts\/154973","targetHints":{"allow":["GET"]}}],"collection":[{"href":"https:\/\/www.diarioimagen.net\/index.php?rest_route=\/wp\/v2\/posts"}],"about":[{"href":"https:\/\/www.diarioimagen.net\/index.php?rest_route=\/wp\/v2\/types\/post"}],"author":[{"embeddable":true,"href":"https:\/\/www.diarioimagen.net\/index.php?rest_route=\/wp\/v2\/users\/3"}],"replies":[{"embeddable":true,"href":"https:\/\/www.diarioimagen.net\/index.php?rest_route=%2Fwp%2Fv2%2Fcomments&post=154973"}],"version-history":[{"count":0,"href":"https:\/\/www.diarioimagen.net\/index.php?rest_route=\/wp\/v2\/posts\/154973\/revisions"}],"wp:attachment":[{"href":"https:\/\/www.diarioimagen.net\/index.php?rest_route=%2Fwp%2Fv2%2Fmedia&parent=154973"}],"wp:term":[{"taxonomy":"category","embeddable":true,"href":"https:\/\/www.diarioimagen.net\/index.php?rest_route=%2Fwp%2Fv2%2Fcategories&post=154973"},{"taxonomy":"post_tag","embeddable":true,"href":"https:\/\/www.diarioimagen.net\/index.php?rest_route=%2Fwp%2Fv2%2Ftags&post=154973"}],"curies":[{"name":"wp","href":"https:\/\/api.w.org\/{rel}","templated":true}]}}