{"id":155039,"date":"2013-11-26T12:19:07","date_gmt":"2013-11-26T18:19:07","guid":{"rendered":"http:\/\/www.diarioimagen.net\/?p=155039"},"modified":"2013-11-27T06:31:37","modified_gmt":"2013-11-27T12:31:37","slug":"cnte-se-manifiesta-en-la-scjn-granaderos-resguardan-el-zocalo","status":"publish","type":"post","link":"https:\/\/www.diarioimagen.net\/?p=155039","title":{"rendered":"CNTE se manifiesta en la SCJN; granaderos resguardan el Z\u00f3calo"},"content":{"rendered":"<ul>\n<li><em><strong>Los maestros se trasladaron en peque\u00f1os grupos hacia Jos\u00e9 Mar\u00eda Pino Su\u00e1rez a la altura de Rep\u00fablica del Salvador<\/strong><\/em><\/li>\n<\/ul>\n<div id=\"attachment_155040\" style=\"width: 250px\" class=\"wp-caption alignleft\"><img loading=\"lazy\" decoding=\"async\" aria-describedby=\"caption-attachment-155040\" class=\"size-medium wp-image-155040\" alt=\"M\u00e1s de 500 elementos de la Secretar\u00eda de Seguridad P\u00fablica del Distrito Federal (SSPDF), resguardan los accesos al Z\u00f3calo capitalino, para evitar que los manifestantes se acerquen a la zona. \" src=\"http:\/\/www.diarioimagen.net\/wp-content\/uploads\/2013\/11\/cnte-portal8-240x135.jpg\" width=\"240\" height=\"135\" srcset=\"https:\/\/www.diarioimagen.net\/wp-content\/uploads\/2013\/11\/cnte-portal8-240x135.jpg 240w, https:\/\/www.diarioimagen.net\/wp-content\/uploads\/2013\/11\/cnte-portal8-420x236.jpg 420w, https:\/\/www.diarioimagen.net\/wp-content\/uploads\/2013\/11\/cnte-portal8-235x132.jpg 235w, https:\/\/www.diarioimagen.net\/wp-content\/uploads\/2013\/11\/cnte-portal8-202x114.jpg 202w, https:\/\/www.diarioimagen.net\/wp-content\/uploads\/2013\/11\/cnte-portal8-350x196.jpg 350w, https:\/\/www.diarioimagen.net\/wp-content\/uploads\/2013\/11\/cnte-portal8-220x123.jpg 220w, https:\/\/www.diarioimagen.net\/wp-content\/uploads\/2013\/11\/cnte-portal8-237x132.jpg 237w, https:\/\/www.diarioimagen.net\/wp-content\/uploads\/2013\/11\/cnte-portal8.jpg 480w\" sizes=\"auto, (max-width: 240px) 100vw, 240px\" \/><p id=\"caption-attachment-155040\" class=\"wp-caption-text\">M\u00e1s de 500 elementos de la Secretar\u00eda de Seguridad P\u00fablica del Distrito Federal (SSPDF), resguardan los accesos al Z\u00f3calo capitalino, para evitar que los manifestantes se acerquen a la zona.<\/p><\/div>\n<p>Integrantes de la Coordinadora Nacional de Trabajadores de la Educaci\u00f3n (CNTE) de Oaxaca, se manifestaron frente a la Suprema Corte de Justicia de la Naci\u00f3n.<\/p>\n<p>Se trasladaron en peque\u00f1os grupos desde su campamento ubicado en el Monumento a la Revoluci\u00f3n, hacia Jos\u00e9 Mar\u00eda Pino Su\u00e1rez a la altura de Rep\u00fablica del Salvador.<\/p>\n<p>M\u00e1s de 500 elementos de la Secretar\u00eda de Seguridad P\u00fablica del Distrito Federal (SSPDF), resguardan los accesos al Z\u00f3calo capitalino, para evitar que los manifestantes se acerquen a la zona.<\/p>\n","protected":false},"excerpt":{"rendered":"<p>Integrantes de la Coordinadora Nacional de Trabajadores de la Educaci\u00f3n (CNTE) de Oaxaca, se manifestaron frente a la Suprema Corte de Justicia de la Naci\u00f3n.<\/p>\n","protected":false},"author":5,"featured_media":155040,"comment_status":"open","ping_status":"open","sticky":false,"template":"","format":"standard","meta":{"_monsterinsights_skip_tracking":false,"_monsterinsights_sitenote_active":false,"_monsterinsights_sitenote_note":"","_monsterinsights_sitenote_category":0,"footnotes":""},"categories":[17,3],"tags":[7473,2852,7056],"class_list":["post-155039","post","type-post","status-publish","format-standard","has-post-thumbnail","hentry","category-especiales","category-nacional","tag-cnte","tag-scjn","tag-zocalo"],"_links":{"self":[{"href":"https:\/\/www.diarioimagen.net\/index.php?rest_route=\/wp\/v2\/posts\/155039","targetHints":{"allow":["GET"]}}],"collection":[{"href":"https:\/\/www.diarioimagen.net\/index.php?rest_route=\/wp\/v2\/posts"}],"about":[{"href":"https:\/\/www.diarioimagen.net\/index.php?rest_route=\/wp\/v2\/types\/post"}],"author":[{"embeddable":true,"href":"https:\/\/www.diarioimagen.net\/index.php?rest_route=\/wp\/v2\/users\/5"}],"replies":[{"embeddable":true,"href":"https:\/\/www.diarioimagen.net\/index.php?rest_route=%2Fwp%2Fv2%2Fcomments&post=155039"}],"version-history":[{"count":0,"href":"https:\/\/www.diarioimagen.net\/index.php?rest_route=\/wp\/v2\/posts\/155039\/revisions"}],"wp:featuredmedia":[{"embeddable":true,"href":"https:\/\/www.diarioimagen.net\/index.php?rest_route=\/wp\/v2\/media\/155040"}],"wp:attachment":[{"href":"https:\/\/www.diarioimagen.net\/index.php?rest_route=%2Fwp%2Fv2%2Fmedia&parent=155039"}],"wp:term":[{"taxonomy":"category","embeddable":true,"href":"https:\/\/www.diarioimagen.net\/index.php?rest_route=%2Fwp%2Fv2%2Fcategories&post=155039"},{"taxonomy":"post_tag","embeddable":true,"href":"https:\/\/www.diarioimagen.net\/index.php?rest_route=%2Fwp%2Fv2%2Ftags&post=155039"}],"curies":[{"name":"wp","href":"https:\/\/api.w.org\/{rel}","templated":true}]}}