{"id":155057,"date":"2013-11-26T18:29:54","date_gmt":"2013-11-27T00:29:54","guid":{"rendered":"http:\/\/www.diarioimagen.net\/?p=155057"},"modified":"2013-11-27T06:32:57","modified_gmt":"2013-11-27T12:32:57","slug":"aprueba-el-congreso-reformas-al-ifai-y-el-sector-financiero","status":"publish","type":"post","link":"https:\/\/www.diarioimagen.net\/?p=155057","title":{"rendered":"Aprueba el Congreso reformas al IFAI y el sector financiero"},"content":{"rendered":"<ul>\n<li><em><strong>Ahora son sujetos obligados a rendir cuentas los partidos pol\u00edticos, fideicomisos y los sindicatos<\/strong><\/em><\/li>\n<\/ul>\n<div id=\"attachment_155058\" style=\"width: 250px\" class=\"wp-caption alignleft\"><img loading=\"lazy\" decoding=\"async\" aria-describedby=\"caption-attachment-155058\" class=\"size-medium wp-image-155058\" alt=\"Confi\u00f3 en que esta legislaci\u00f3n genere respeto y transparencia de recursos p\u00fablicos entre las instituciones est\u00e1ndares de vigilancia, a fin de crear, tambi\u00e9n, una cultura de transparencia democr\u00e1tica en el pa\u00eds.\" src=\"http:\/\/www.diarioimagen.net\/wp-content\/uploads\/2013\/11\/reforma-portal-240x135.jpg\" width=\"240\" height=\"135\" srcset=\"https:\/\/www.diarioimagen.net\/wp-content\/uploads\/2013\/11\/reforma-portal-240x135.jpg 240w, https:\/\/www.diarioimagen.net\/wp-content\/uploads\/2013\/11\/reforma-portal-420x236.jpg 420w, https:\/\/www.diarioimagen.net\/wp-content\/uploads\/2013\/11\/reforma-portal-235x132.jpg 235w, https:\/\/www.diarioimagen.net\/wp-content\/uploads\/2013\/11\/reforma-portal-202x114.jpg 202w, https:\/\/www.diarioimagen.net\/wp-content\/uploads\/2013\/11\/reforma-portal-350x196.jpg 350w, https:\/\/www.diarioimagen.net\/wp-content\/uploads\/2013\/11\/reforma-portal-220x123.jpg 220w, https:\/\/www.diarioimagen.net\/wp-content\/uploads\/2013\/11\/reforma-portal-237x132.jpg 237w, https:\/\/www.diarioimagen.net\/wp-content\/uploads\/2013\/11\/reforma-portal.jpg 480w\" sizes=\"auto, (max-width: 240px) 100vw, 240px\" \/><p id=\"caption-attachment-155058\" class=\"wp-caption-text\">Confi\u00f3 en que esta legislaci\u00f3n genere respeto y transparencia de recursos p\u00fablicos entre las instituciones est\u00e1ndares de vigilancia, a fin de crear, tambi\u00e9n, una cultura de transparencia democr\u00e1tica en el pa\u00eds.<\/p><\/div>\n<p>El pleno de la C\u00e1mara de Diputados aprob\u00f3 las reformas en materia de transparencia que dotan de autonom\u00eda al IFAI y le dan nuevas facultades para conocer y resolver sobre el acceso a la informaci\u00f3n.<\/p>\n<p>La reforma ampl\u00eda los sujetos obligados a rendir cuentas, dentro de los que se contempla a cualquier autoridad, entidad, \u00f3rgano u organismo que forme parte de alguno de los Poderes de la Uni\u00f3n, con excepci\u00f3n de la Suprema Corte de Justicia de la Naci\u00f3n.<\/p>\n<p>Tambi\u00e9n ser\u00e1n sujetos obligados: partidos pol\u00edticos, fideicomisos y fondos p\u00fablicos, as\u00ed como cualquier persona f\u00edsica, moral o sindicatos que reciban y ejerzan recursos p\u00fablicos o realicen actos de autoridad en el \u00e1mbito federal.<\/p>\n","protected":false},"excerpt":{"rendered":"<p>El pleno de la C\u00e1mara de Diputados aprob\u00f3 las reformas en materia de transparencia que dotan de autonom\u00eda al IFAI y le dan nuevas facultades para conocer y resolver sobre el acceso a la informaci\u00f3n.<\/p>\n","protected":false},"author":5,"featured_media":155058,"comment_status":"open","ping_status":"open","sticky":false,"template":"","format":"standard","meta":{"_monsterinsights_skip_tracking":false,"_monsterinsights_sitenote_active":false,"_monsterinsights_sitenote_note":"","_monsterinsights_sitenote_category":0,"footnotes":""},"categories":[17,3],"tags":[98,1584],"class_list":["post-155057","post","type-post","status-publish","format-standard","has-post-thumbnail","hentry","category-especiales","category-nacional","tag-camara-de-diputados","tag-suprema-corte-de-justicia-de-la-nacion"],"_links":{"self":[{"href":"https:\/\/www.diarioimagen.net\/index.php?rest_route=\/wp\/v2\/posts\/155057","targetHints":{"allow":["GET"]}}],"collection":[{"href":"https:\/\/www.diarioimagen.net\/index.php?rest_route=\/wp\/v2\/posts"}],"about":[{"href":"https:\/\/www.diarioimagen.net\/index.php?rest_route=\/wp\/v2\/types\/post"}],"author":[{"embeddable":true,"href":"https:\/\/www.diarioimagen.net\/index.php?rest_route=\/wp\/v2\/users\/5"}],"replies":[{"embeddable":true,"href":"https:\/\/www.diarioimagen.net\/index.php?rest_route=%2Fwp%2Fv2%2Fcomments&post=155057"}],"version-history":[{"count":0,"href":"https:\/\/www.diarioimagen.net\/index.php?rest_route=\/wp\/v2\/posts\/155057\/revisions"}],"wp:featuredmedia":[{"embeddable":true,"href":"https:\/\/www.diarioimagen.net\/index.php?rest_route=\/wp\/v2\/media\/155058"}],"wp:attachment":[{"href":"https:\/\/www.diarioimagen.net\/index.php?rest_route=%2Fwp%2Fv2%2Fmedia&parent=155057"}],"wp:term":[{"taxonomy":"category","embeddable":true,"href":"https:\/\/www.diarioimagen.net\/index.php?rest_route=%2Fwp%2Fv2%2Fcategories&post=155057"},{"taxonomy":"post_tag","embeddable":true,"href":"https:\/\/www.diarioimagen.net\/index.php?rest_route=%2Fwp%2Fv2%2Ftags&post=155057"}],"curies":[{"name":"wp","href":"https:\/\/api.w.org\/{rel}","templated":true}]}}