{"id":155073,"date":"2013-11-27T00:05:16","date_gmt":"2013-11-27T06:05:16","guid":{"rendered":"http:\/\/www.diarioimagen.net\/?p=155073"},"modified":"2013-11-28T04:26:31","modified_gmt":"2013-11-28T10:26:31","slug":"pena-nieto-lanza-un-basta-a-violencia-contra-las-mujeres","status":"publish","type":"post","link":"https:\/\/www.diarioimagen.net\/?p=155073","title":{"rendered":"Pe\u00f1a Nieto lanza un basta a violencia contra las mujeres"},"content":{"rendered":"<ul>\n<li><strong><em>El Presidente anuncia acciones para generarles condiciones de bienestar y erradicar las agresiones contra ellas<\/em><\/strong><\/li>\n<\/ul>\n<div id=\"attachment_155096\" style=\"width: 250px\" class=\"wp-caption alignleft\"><a href=\"http:\/\/www.diarioimagen.net\/wp-content\/uploads\/2013\/11\/epn-2238.jpg\"><img loading=\"lazy\" decoding=\"async\" aria-describedby=\"caption-attachment-155096\" class=\"size-medium wp-image-155096\" alt=\"El presidente Enrique Pe\u00f1a Nieto dialoga con ind\u00edgenas, luego de presidir la ceremonia de conmemoraci\u00f3n del D\u00eda Internacional de la Eliminaci\u00f3n de la Violencia contra la Mujer, desarrollada en el coraz\u00f3n de la regi\u00f3n de La Monta\u00f1a.\" src=\"http:\/\/www.diarioimagen.net\/wp-content\/uploads\/2013\/11\/epn-2238-240x135.jpg\" width=\"240\" height=\"135\" srcset=\"https:\/\/www.diarioimagen.net\/wp-content\/uploads\/2013\/11\/epn-2238-240x135.jpg 240w, https:\/\/www.diarioimagen.net\/wp-content\/uploads\/2013\/11\/epn-2238-420x236.jpg 420w, https:\/\/www.diarioimagen.net\/wp-content\/uploads\/2013\/11\/epn-2238-235x132.jpg 235w, https:\/\/www.diarioimagen.net\/wp-content\/uploads\/2013\/11\/epn-2238-202x114.jpg 202w, https:\/\/www.diarioimagen.net\/wp-content\/uploads\/2013\/11\/epn-2238-350x196.jpg 350w, https:\/\/www.diarioimagen.net\/wp-content\/uploads\/2013\/11\/epn-2238-220x123.jpg 220w, https:\/\/www.diarioimagen.net\/wp-content\/uploads\/2013\/11\/epn-2238-237x132.jpg 237w, https:\/\/www.diarioimagen.net\/wp-content\/uploads\/2013\/11\/epn-2238.jpg 480w\" sizes=\"auto, (max-width: 240px) 100vw, 240px\" \/><\/a><p id=\"caption-attachment-155096\" class=\"wp-caption-text\">El presidente Enrique Pe\u00f1a Nieto dialoga con ind\u00edgenas, luego de presidir la ceremonia de conmemoraci\u00f3n del D\u00eda Internacional de la Eliminaci\u00f3n de la Violencia contra la Mujer, desarrollada en el coraz\u00f3n de la regi\u00f3n de La Monta\u00f1a.<\/p><\/div>\n<p><strong>Tlapa de Comonfort, Guerrero<\/strong>.- Al anunciar distintas acciones en favor de las mujeres de todo el pa\u00eds, el presidente Enrique Pe\u00f1a Nieto refrend\u00f3 ayer el compromiso del gobierno de la Rep\u00fablica en el combate a la violencia contra las mujeres.<\/p>\n<p>\u201cYa basta de la violencia que lamentablemente sufren las mujeres\u201d, expres\u00f3 en el marco de la conmemoraci\u00f3n del D\u00eda Internacional de la Eliminaci\u00f3n de la Violencia contra la Mujer, realizada en este municipio de la regi\u00f3n de La Monta\u00f1a.<\/p>\n<p>\u201cEl Presidente de la Rep\u00fablica est\u00e1 con las mujeres de M\u00e9xico. Est\u00e1 aqu\u00ed para apoyarles y combatir la violencia de que son objeto\u201d, subray\u00f3.<\/p>\n<p>Precis\u00f3 que si bien el tema de la violencia contra la mujer se da en todas partes del pa\u00eds y del mundo, y no respeta condici\u00f3n social, \u201cse recrudece y es mayor donde se vive en mayor pobreza y marginaci\u00f3n\u201d. Apunt\u00f3 adem\u00e1s que es un tema de orden cultural \u201cque tenemos que combatir y erradicar\u201d.<\/p>\n<p>Destac\u00f3 que como parte del Plan Nuevo Guerrero, anunciado el pasado 7 de noviembre, adem\u00e1s de que se realizar\u00e1n importantes obras de infraestructura en la entidad, tambi\u00e9n se consideran acciones orientadas a combatir la violencia contra la mujer.<\/p>\n<p>Luego de escuchar distintos testimonios de mujeres que han sido violentadas, el Presidente\u00a0 anunci\u00f3 la construcci\u00f3n, en este municipio, de la Ciudad Mujer, un proyecto pensado para apoyar a las mujeres de esta regi\u00f3n, donde se ubican algunos municipios de los m\u00e1s rezagados y marginados de todo el pa\u00eds.<\/p>\n<p>Mencion\u00f3 que es necesario establecer un mejor entorno para que la mujer pueda, por s\u00ed misma, tener mejores condiciones. \u201cUn entorno de mayor seguridad y de mayor prosperidad para todas las familias que viven en las regiones apartadas y alejadas del desarrollo, que es fundamental para poder combatir de ra\u00edz la violencia que viven las mujeres de nuestro pa\u00eds\u201d.<\/p>\n<p>Precis\u00f3 que lo que se busca en la entidad es \u201cgenerar condiciones de bienestar y erradicar la violencia de que son objeto muchas mujeres y ni\u00f1as, especialmente en esta regi\u00f3n de La Monta\u00f1a del estado de Guerrero\u201d.<\/p>\n<p>El primer mandatario dio a conocer las acciones que se emprender\u00e1n para tal efecto:<\/p>\n<p>El gobierno de la Rep\u00fablica estar\u00e1 construyendo Centros de Justicia para la Mujer.<\/p>\n<p>A la fecha, dijo, se han construido siete centros, y en 2014 se construir\u00e1n siete m\u00e1s, espec\u00edficamente para atender a mujeres de nuestro pa\u00eds.<\/p>\n<p>Casas para el desarrollo de la mujer. Actualmente se tienen ya 98 en el pa\u00eds.<\/p>\n<p>El Ejecutivo federal inform\u00f3 que ha instruido a la Secretar\u00eda de Desarrollo Social para que en estas casas se preste atenci\u00f3n psicol\u00f3gica, legal y social a las mujeres v\u00edctimas de la violencia.<\/p>\n<p>Inform\u00f3 que hay nueve casas ya programadas, y que se buscar\u00e1 construir, al menos, otro tanto m\u00e1s, \u201c18 casas m\u00e1s de desa\u00adrrollo social para el a\u00f1o 2014\u201d.<\/p>\n<p style=\"text-align: center;\"><strong>&#8211; Apoyo telef\u00f3nico.<\/strong><\/p>\n<p>Pe\u00f1a Nieto explic\u00f3 que a trav\u00e9s de la Secretar\u00eda de Gobernaci\u00f3n se pondr\u00e1 en operaci\u00f3n la l\u00ednea telef\u00f3nica 01800 H\u00e1blalo, que dar\u00e1 atenci\u00f3n las 24 horas los 365 d\u00edas del a\u00f1o, con personal profesional para brindar apoyo psicol\u00f3gico y jur\u00eddico a las mujeres que son sujetas de violencia.<\/p>\n<p style=\"text-align: center;\"><b>\u00a0<strong>&#8211;<\/strong>Medidas legales\u00a0<\/b><b>de prevenci\u00f3n<\/b><\/p>\n<p>Refiri\u00f3 que en el C\u00f3digo \u00danico de Procedimientos Penales que se present\u00f3 a consideraci\u00f3n del Congreso de la Uni\u00f3n, se establecen medidas para agilizar el apoyo y la atenci\u00f3n a la mujer v\u00edctima de violencia, para que no se espere a que el juez dicte medidas de orden preventivo, sino que desde la presentaci\u00f3n de la denuncia el propio Ministerio P\u00fablico pueda ordenarlas en apoyo y auxilio a las mujeres v\u00edctimas de violencia.<\/p>\n<p>\u00b7 Protocolos de Investigaci\u00f3n de Violencia de G\u00e9nero.<\/p>\n<p>Esto implica que todas las procuradur\u00edas de Justicia de\u00a0 las entidades del pa\u00eds establezcan de manera homologada protocolos que permitan dar una mejor y m\u00e1s eficiente atenci\u00f3n a las mujeres, especialmente a quienes son v\u00edctimas de violencia.<\/p>\n<p style=\"text-align: center;\"><strong>&#8211; Excarcelaci\u00f3n de Mujeres Ind\u00edgenas.<\/strong><\/p>\n<p>El Presidente de la Rep\u00fablica dijo que ha instruido a la Secretar\u00eda de Desarrollo Social para que, a trav\u00e9s de la Comisi\u00f3n Nacional para el Desarrollo de los Pueblos Ind\u00edgenas, se capacite a abogados que apoyen jur\u00eddicamente, en su propia lengua, a mujeres que por no hablar espa\u00f1ol \u201clamentablemente a veces son juzgadas, o les son tomadas medidas de car\u00e1cter jur\u00eddico que las dejan en estado de indefensi\u00f3n\u201d.<\/p>\n<p>\u201cEsto es una aut\u00e9ntica y real injusticia. Por eso hay un programa, concretamente dedicado a la excarcelaci\u00f3n de mujeres ind\u00edgenas, atendiendo a aquellas que identificamos, que son m\u00e1s de 300, que lamentablemente est\u00e1n penando alguna condena y que presumiblemente no debieron pasar por esta condici\u00f3n\u201d, destac\u00f3.<\/p>\n<p style=\"text-align: center;\"><strong>&#8211; Protecci\u00f3n del patrimonio de la mujer.<\/strong><\/p>\n<p>El jefe de la naci\u00f3n mencion\u00f3 que las instancias federales que otorgan apoyos para la construcci\u00f3n de vivienda, tienen la instrucci\u00f3n de promover que la escrituraci\u00f3n se efect\u00fae a favor de las mujeres.<\/p>\n<p>\u201cVamos a trabajar para que sea un m\u00ednimo de patrimonio con el que cuente la mujer y por eso he instruido para que esta acci\u00f3n y esta promoci\u00f3n se haga desde las \u00e1reas dedicadas a la construcci\u00f3n y desarrollo de vivienda\u201d, precis\u00f3.<\/p>\n<p style=\"text-align: center;\"><strong>&#8211; Cuarto rosa.<\/strong><\/p>\n<p>Puntualiz\u00f3 que adem\u00e1s ha instruido para que en las viviendas que se construyan en el pa\u00eds, uno de sus cuartos sea denominado como \u201ccuarto rosa\u201d; es decir, \u201cun cuarto dedicado especialmente para mujeres, porque mucha de la violencia intrafamiliar viene del hacinamiento, y lo que buscamos es asegurar que las mujeres que viven en una casa tengan al menos un cuarto rosa, un cuarto seguro, dedicado exclusivamente para ellas\u201d.<\/p>\n<p style=\"text-align: center;\"><strong>&#8211; Proyectos productivos.<\/strong><\/p>\n<p>\u201cSeguiremos apoyando los proyectos productivos desde distintas \u00e1reas del gobierno de la Rep\u00fablica.<\/p>\n<p>Hoy lo hacemos a trav\u00e9s de la Secretar\u00eda de Desarrollo Social, precisamente en programas dedicados a las mujeres\u201d, concluy\u00f3.<\/p>\n","protected":false},"excerpt":{"rendered":"<p>Al anunciar distintas acciones en favor de las mujeres de todo el pa\u00eds, el presidente Enrique Pe\u00f1a Nieto refrend\u00f3 ayer el compromiso del gobierno de la Rep\u00fablica en el combate a la violencia contra las mujeres.<\/p>\n","protected":false},"author":3,"featured_media":155096,"comment_status":"open","ping_status":"open","sticky":false,"template":"","format":"standard","meta":{"_monsterinsights_skip_tracking":false,"_monsterinsights_sitenote_active":false,"_monsterinsights_sitenote_note":"","_monsterinsights_sitenote_category":0,"footnotes":""},"categories":[17,3],"tags":[29253,18,3244,7254],"class_list":["post-155073","post","type-post","status-publish","format-standard","has-post-thumbnail","hentry","category-especiales","category-nacional","tag-dia-internacional-de-la-eliminacion-de-la-violencia-contra-la-mujer","tag-enrique-pena-nieto","tag-guerrero","tag-mujer"],"_links":{"self":[{"href":"https:\/\/www.diarioimagen.net\/index.php?rest_route=\/wp\/v2\/posts\/155073","targetHints":{"allow":["GET"]}}],"collection":[{"href":"https:\/\/www.diarioimagen.net\/index.php?rest_route=\/wp\/v2\/posts"}],"about":[{"href":"https:\/\/www.diarioimagen.net\/index.php?rest_route=\/wp\/v2\/types\/post"}],"author":[{"embeddable":true,"href":"https:\/\/www.diarioimagen.net\/index.php?rest_route=\/wp\/v2\/users\/3"}],"replies":[{"embeddable":true,"href":"https:\/\/www.diarioimagen.net\/index.php?rest_route=%2Fwp%2Fv2%2Fcomments&post=155073"}],"version-history":[{"count":0,"href":"https:\/\/www.diarioimagen.net\/index.php?rest_route=\/wp\/v2\/posts\/155073\/revisions"}],"wp:featuredmedia":[{"embeddable":true,"href":"https:\/\/www.diarioimagen.net\/index.php?rest_route=\/wp\/v2\/media\/155096"}],"wp:attachment":[{"href":"https:\/\/www.diarioimagen.net\/index.php?rest_route=%2Fwp%2Fv2%2Fmedia&parent=155073"}],"wp:term":[{"taxonomy":"category","embeddable":true,"href":"https:\/\/www.diarioimagen.net\/index.php?rest_route=%2Fwp%2Fv2%2Fcategories&post=155073"},{"taxonomy":"post_tag","embeddable":true,"href":"https:\/\/www.diarioimagen.net\/index.php?rest_route=%2Fwp%2Fv2%2Ftags&post=155073"}],"curies":[{"name":"wp","href":"https:\/\/api.w.org\/{rel}","templated":true}]}}