{"id":155179,"date":"2013-11-27T12:20:59","date_gmt":"2013-11-27T18:20:59","guid":{"rendered":"http:\/\/www.diarioimagen.net\/?p=155179"},"modified":"2013-11-28T04:26:52","modified_gmt":"2013-11-28T10:26:52","slug":"pena-nieto-recibe-al-presidente-de-israel-shimon-peres","status":"publish","type":"post","link":"https:\/\/www.diarioimagen.net\/?p=155179","title":{"rendered":"Pe\u00f1a Nieto recibe al presidente de Israel, Shimon Peres"},"content":{"rendered":"<ul>\n<li><em><strong>El mandatario mexicano encabez\u00f3 la ceremonia oficial de bienvenida a su hom\u00f3logo de Israel, Shimon Peres, en la residencia de Los Pinos<\/strong><\/em><\/li>\n<\/ul>\n<div id=\"attachment_155180\" style=\"width: 250px\" class=\"wp-caption alignleft\"><img loading=\"lazy\" decoding=\"async\" aria-describedby=\"caption-attachment-155180\" class=\"size-medium wp-image-155180\" alt=\"Se tiene previsto que el presidente Pe\u00f1a Nieto y su esposa, Ang\u00e9lica Rivera, ofrezcan al invitado una cena en su honor en Palacio Nacional, donde ambos jefes de Estado dirigir\u00edan un mensaje.\" src=\"http:\/\/www.diarioimagen.net\/wp-content\/uploads\/2013\/11\/RECIBE-portal-240x135.jpg\" width=\"240\" height=\"135\" srcset=\"https:\/\/www.diarioimagen.net\/wp-content\/uploads\/2013\/11\/RECIBE-portal-240x135.jpg 240w, https:\/\/www.diarioimagen.net\/wp-content\/uploads\/2013\/11\/RECIBE-portal-420x236.jpg 420w, https:\/\/www.diarioimagen.net\/wp-content\/uploads\/2013\/11\/RECIBE-portal-235x132.jpg 235w, https:\/\/www.diarioimagen.net\/wp-content\/uploads\/2013\/11\/RECIBE-portal-202x114.jpg 202w, https:\/\/www.diarioimagen.net\/wp-content\/uploads\/2013\/11\/RECIBE-portal-350x196.jpg 350w, https:\/\/www.diarioimagen.net\/wp-content\/uploads\/2013\/11\/RECIBE-portal-220x123.jpg 220w, https:\/\/www.diarioimagen.net\/wp-content\/uploads\/2013\/11\/RECIBE-portal-237x132.jpg 237w, https:\/\/www.diarioimagen.net\/wp-content\/uploads\/2013\/11\/RECIBE-portal.jpg 480w\" sizes=\"auto, (max-width: 240px) 100vw, 240px\" \/><p id=\"caption-attachment-155180\" class=\"wp-caption-text\">Se tiene previsto que el presidente Pe\u00f1a Nieto y su esposa, Ang\u00e9lica Rivera, ofrezcan al invitado una cena en su honor en Palacio Nacional, donde ambos jefes de Estado dirigir\u00edan un mensaje.<\/p><\/div>\n<p>El presidente Enrique Pe\u00f1a Nieto encabez\u00f3 la ceremonia oficial de bienvenida a su hom\u00f3logo de Israel, Shimon Peres, quien lleg\u00f3 a M\u00e9xico la v\u00edspera para realizar una visita de Estado.<\/p>\n<p>En la breve ceremonia, los presidentes presentaron sus respectivas comitivas y pasaron revista a la guardia de honor, para despu\u00e9s sostener una reuni\u00f3n bilateral que se estima durar\u00e1 una hora.<\/p>\n<p>En la explanada Francisco I. Madero de la residencia oficial de Los Pinos, los mandatarios de M\u00e9xico e Israel, acompa\u00f1ados por sus respectivas comitivas, presenciaron el acto protocolario con alfombra roja, que dur\u00f3 unos 20 minutos, en donde se entonaron los himnos de ambos pa\u00edses.<\/p>\n<p>Al t\u00e9rmino de la misma, Pe\u00f1a Nieto y Peres tuvieron una reuni\u00f3n ampliada con sus respectivas comitivas y despu\u00e9s ofrecieron un mensaje conjunto en el sal\u00f3n Adolfo L\u00f3pez Mateos.<\/p>\n<p>&nbsp;<\/p>\n<p>Shimon Peres lleg\u00f3 a la ciudad de M\u00e9xico la tarde del martes acompa\u00f1ado por empresarios y directivos de 80 empresas l\u00edderes en materia de seguridad, cibern\u00e9tica, tecnolog\u00eda, comunicaci\u00f3n, agua y energ\u00eda.<\/p>\n","protected":false},"excerpt":{"rendered":"<p>El presidente Enrique Pe\u00f1a Nieto encabez\u00f3 la ceremonia oficial de bienvenida a su hom\u00f3logo de Israel, Shimon Peres, quien lleg\u00f3 a M\u00e9xico la v\u00edspera para realizar una visita de Estado.<\/p>\n","protected":false},"author":5,"featured_media":155180,"comment_status":"open","ping_status":"open","sticky":false,"template":"","format":"standard","meta":{"_monsterinsights_skip_tracking":false,"_monsterinsights_sitenote_active":false,"_monsterinsights_sitenote_note":"","_monsterinsights_sitenote_category":0,"footnotes":""},"categories":[3],"tags":[29265],"class_list":["post-155179","post","type-post","status-publish","format-standard","has-post-thumbnail","hentry","category-nacional","tag-shimon-peres"],"_links":{"self":[{"href":"https:\/\/www.diarioimagen.net\/index.php?rest_route=\/wp\/v2\/posts\/155179","targetHints":{"allow":["GET"]}}],"collection":[{"href":"https:\/\/www.diarioimagen.net\/index.php?rest_route=\/wp\/v2\/posts"}],"about":[{"href":"https:\/\/www.diarioimagen.net\/index.php?rest_route=\/wp\/v2\/types\/post"}],"author":[{"embeddable":true,"href":"https:\/\/www.diarioimagen.net\/index.php?rest_route=\/wp\/v2\/users\/5"}],"replies":[{"embeddable":true,"href":"https:\/\/www.diarioimagen.net\/index.php?rest_route=%2Fwp%2Fv2%2Fcomments&post=155179"}],"version-history":[{"count":0,"href":"https:\/\/www.diarioimagen.net\/index.php?rest_route=\/wp\/v2\/posts\/155179\/revisions"}],"wp:featuredmedia":[{"embeddable":true,"href":"https:\/\/www.diarioimagen.net\/index.php?rest_route=\/wp\/v2\/media\/155180"}],"wp:attachment":[{"href":"https:\/\/www.diarioimagen.net\/index.php?rest_route=%2Fwp%2Fv2%2Fmedia&parent=155179"}],"wp:term":[{"taxonomy":"category","embeddable":true,"href":"https:\/\/www.diarioimagen.net\/index.php?rest_route=%2Fwp%2Fv2%2Fcategories&post=155179"},{"taxonomy":"post_tag","embeddable":true,"href":"https:\/\/www.diarioimagen.net\/index.php?rest_route=%2Fwp%2Fv2%2Ftags&post=155179"}],"curies":[{"name":"wp","href":"https:\/\/api.w.org\/{rel}","templated":true}]}}