{"id":155344,"date":"2013-11-28T12:24:18","date_gmt":"2013-11-28T18:24:18","guid":{"rendered":"http:\/\/www.diarioimagen.net\/?p=155344"},"modified":"2013-11-29T05:28:47","modified_gmt":"2013-11-29T11:28:47","slug":"diputados-podran-serlo-hasta-por-15-anos-con-4-periodos-de-reeleccion","status":"publish","type":"post","link":"https:\/\/www.diarioimagen.net\/?p=155344","title":{"rendered":"Diputados podr\u00e1n serlo hasta por 15 a\u00f1os, con 4 periodos de reelecci\u00f3n"},"content":{"rendered":"<ul>\n<li><em><strong>Los senadores \u201cs\u00f3lo\u201d 18, con dos reelecciones, prev\u00e9 el dictamen de la reforma pol\u00edtica que se discute hoy en la C\u00e1mara Alta<\/strong><\/em><\/li>\n<\/ul>\n<div id=\"attachment_155345\" style=\"width: 250px\" class=\"wp-caption alignleft\"><img loading=\"lazy\" decoding=\"async\" aria-describedby=\"caption-attachment-155345\" class=\"size-medium wp-image-155345\" alt=\"Se espera que haya un debate intenso en torno del inicio de la se\u00f1alada reelecci\u00f3n de legisladores, circunstancia que se ver\u00eda en todo caso en el pleno de la propia C\u00e1mara Alta, previsto para debatir por el punto este pr\u00f3ximo viernes.\" src=\"http:\/\/www.diarioimagen.net\/wp-content\/uploads\/2013\/11\/DIPUTADOS-portal-240x135.jpg\" width=\"240\" height=\"135\" srcset=\"https:\/\/www.diarioimagen.net\/wp-content\/uploads\/2013\/11\/DIPUTADOS-portal-240x135.jpg 240w, https:\/\/www.diarioimagen.net\/wp-content\/uploads\/2013\/11\/DIPUTADOS-portal-420x236.jpg 420w, https:\/\/www.diarioimagen.net\/wp-content\/uploads\/2013\/11\/DIPUTADOS-portal-235x132.jpg 235w, https:\/\/www.diarioimagen.net\/wp-content\/uploads\/2013\/11\/DIPUTADOS-portal-202x114.jpg 202w, https:\/\/www.diarioimagen.net\/wp-content\/uploads\/2013\/11\/DIPUTADOS-portal-350x196.jpg 350w, https:\/\/www.diarioimagen.net\/wp-content\/uploads\/2013\/11\/DIPUTADOS-portal-220x123.jpg 220w, https:\/\/www.diarioimagen.net\/wp-content\/uploads\/2013\/11\/DIPUTADOS-portal-237x132.jpg 237w, https:\/\/www.diarioimagen.net\/wp-content\/uploads\/2013\/11\/DIPUTADOS-portal.jpg 480w\" sizes=\"auto, (max-width: 240px) 100vw, 240px\" \/><p id=\"caption-attachment-155345\" class=\"wp-caption-text\">Se espera que haya un debate intenso en torno del inicio de la se\u00f1alada reelecci\u00f3n de legisladores, circunstancia que se ver\u00eda en todo caso en el pleno de la propia C\u00e1mara Alta, previsto para debatir por el punto este pr\u00f3ximo viernes.<\/p><\/div>\n<p>El dictamen de las comisiones unidas del Senado en torno a la reforma pol\u00edtica prev\u00e9 que los senadores podr\u00e1n ser electos \u201chasta por dos periodos consecutivos\u201d y los diputados federales \u201chasta por cuatro periodos consecutivos\u201d.<\/p>\n<p>Estas modificaciones entrar\u00e1n en vigor \u201ca partir del proceso electoral del 2018\u201d.<\/p>\n<p>Adem\u00e1s, se crea finalmente el Instituto Nacional Electoral &#8211;sustituto del IFE&#8211;, que podr\u00e1 organizar los procesos electorales federales y locales, y estar\u00e1 integrado por 11 consejeros, uno de los cuales ser\u00e1 su presidente.<\/p>\n<p>En el dictamen &#8211;una de cuyas copias fue distribuida&#8211; se estipula que el se\u00f1alado INE tambi\u00e9n podr\u00e1 incluso, con cargo a las prerrogativas de los partidos, organizar las elecciones internas de estos institutos pol\u00edticos.<\/p>\n<p>En las modificaciones constitucionales previstas, as\u00ed como en los 19 art\u00edculos transitorios del se\u00f1alado proyecto de decreto, que se analizar\u00e1 y debatir\u00e1 desde este mediod\u00eda por las comisiones de Estudios Legislativos, Segunda; Puntos Constitucionales; Gobernaci\u00f3n, y Reforma del Estado, se establece adem\u00e1s que el secretario de Hacienda que designe el Ejecutivo en el futuro ser\u00e1 ratificado por la C\u00e1mara de Diputados, mientras que el canciller ser\u00e1 sujeto al aval del mismo Senado.<\/p>\n","protected":false},"excerpt":{"rendered":"<p>El dictamen de las comisiones unidas del Senado en torno a la reforma pol\u00edtica prev\u00e9 que los senadores podr\u00e1n ser electos \u201chasta por dos periodos consecutivos\u201d y los diputados federales \u201chasta por cuatro periodos consecutivos\u201d.<\/p>\n","protected":false},"author":5,"featured_media":155345,"comment_status":"open","ping_status":"open","sticky":false,"template":"","format":"standard","meta":{"_monsterinsights_skip_tracking":false,"_monsterinsights_sitenote_active":false,"_monsterinsights_sitenote_note":"","_monsterinsights_sitenote_category":0,"footnotes":""},"categories":[3],"tags":[],"class_list":["post-155344","post","type-post","status-publish","format-standard","has-post-thumbnail","hentry","category-nacional"],"_links":{"self":[{"href":"https:\/\/www.diarioimagen.net\/index.php?rest_route=\/wp\/v2\/posts\/155344","targetHints":{"allow":["GET"]}}],"collection":[{"href":"https:\/\/www.diarioimagen.net\/index.php?rest_route=\/wp\/v2\/posts"}],"about":[{"href":"https:\/\/www.diarioimagen.net\/index.php?rest_route=\/wp\/v2\/types\/post"}],"author":[{"embeddable":true,"href":"https:\/\/www.diarioimagen.net\/index.php?rest_route=\/wp\/v2\/users\/5"}],"replies":[{"embeddable":true,"href":"https:\/\/www.diarioimagen.net\/index.php?rest_route=%2Fwp%2Fv2%2Fcomments&post=155344"}],"version-history":[{"count":0,"href":"https:\/\/www.diarioimagen.net\/index.php?rest_route=\/wp\/v2\/posts\/155344\/revisions"}],"wp:featuredmedia":[{"embeddable":true,"href":"https:\/\/www.diarioimagen.net\/index.php?rest_route=\/wp\/v2\/media\/155345"}],"wp:attachment":[{"href":"https:\/\/www.diarioimagen.net\/index.php?rest_route=%2Fwp%2Fv2%2Fmedia&parent=155344"}],"wp:term":[{"taxonomy":"category","embeddable":true,"href":"https:\/\/www.diarioimagen.net\/index.php?rest_route=%2Fwp%2Fv2%2Fcategories&post=155344"},{"taxonomy":"post_tag","embeddable":true,"href":"https:\/\/www.diarioimagen.net\/index.php?rest_route=%2Fwp%2Fv2%2Ftags&post=155344"}],"curies":[{"name":"wp","href":"https:\/\/api.w.org\/{rel}","templated":true}]}}