{"id":155435,"date":"2013-11-29T00:05:58","date_gmt":"2013-11-29T06:05:58","guid":{"rendered":"http:\/\/www.diarioimagen.net\/?p=155435"},"modified":"2013-12-02T05:20:24","modified_gmt":"2013-12-02T11:20:24","slug":"pena-nieto-presenta-programa-de-apoyo-a-zonas-fronterizas","status":"publish","type":"post","link":"https:\/\/www.diarioimagen.net\/?p=155435","title":{"rendered":"Pe\u00f1a Nieto presenta Programa de Apoyo a Zonas Fronterizas"},"content":{"rendered":"<ul>\n<li><strong><em>El Presidente anunci\u00f3 que a partir de hoy se cierran gradualmente\u00a0 garitas, que con la reforma hacendaria perdieron sentido<\/em><\/strong><\/li>\n<\/ul>\n<div id=\"attachment_155458\" style=\"width: 250px\" class=\"wp-caption alignleft\"><a href=\"http:\/\/www.diarioimagen.net\/wp-content\/uploads\/2013\/11\/epn-2240.jpg\"><img loading=\"lazy\" decoding=\"async\" aria-describedby=\"caption-attachment-155458\" class=\"size-medium wp-image-155458\" alt=\"Al anunciar el Programa de Apoyo a las Zonas Fronterizas, el presidente Enrique Pe\u00f1a Nieto estuvo acompa\u00f1ado por los secretarios de Desarrollo Social, Rosario Robles, y de Hacienda, Luis Videgaray.\" src=\"http:\/\/www.diarioimagen.net\/wp-content\/uploads\/2013\/11\/epn-2240-240x135.jpg\" width=\"240\" height=\"135\" srcset=\"https:\/\/www.diarioimagen.net\/wp-content\/uploads\/2013\/11\/epn-2240-240x135.jpg 240w, https:\/\/www.diarioimagen.net\/wp-content\/uploads\/2013\/11\/epn-2240-420x236.jpg 420w, https:\/\/www.diarioimagen.net\/wp-content\/uploads\/2013\/11\/epn-2240-235x132.jpg 235w, https:\/\/www.diarioimagen.net\/wp-content\/uploads\/2013\/11\/epn-2240-202x114.jpg 202w, https:\/\/www.diarioimagen.net\/wp-content\/uploads\/2013\/11\/epn-2240-350x196.jpg 350w, https:\/\/www.diarioimagen.net\/wp-content\/uploads\/2013\/11\/epn-2240-220x123.jpg 220w, https:\/\/www.diarioimagen.net\/wp-content\/uploads\/2013\/11\/epn-2240-237x132.jpg 237w, https:\/\/www.diarioimagen.net\/wp-content\/uploads\/2013\/11\/epn-2240.jpg 480w\" sizes=\"auto, (max-width: 240px) 100vw, 240px\" \/><\/a><p id=\"caption-attachment-155458\" class=\"wp-caption-text\">Al anunciar el Programa de Apoyo a las Zonas Fronterizas, el presidente Enrique Pe\u00f1a Nieto estuvo acompa\u00f1ado por los secretarios de Desarrollo Social, Rosario Robles, y de Hacienda, Luis Videgaray.<\/p><\/div>\n<p><strong>Ojinaga, Chihuahua<\/strong>.- El presidente Enrique Pe\u00f1a Nieto anunci\u00f3 ayer el Programa de Apoyo a las Zonas Fronterizas del pa\u00eds, que incluye distintas acciones para impulsar el desarrollo de estas regiones y a sectores de la sociedad que viven en condici\u00f3n de rezago social.<\/p>\n<p>Destac\u00f3 que las zonas fronterizas del pa\u00eds son, sin duda, \u201cun motor muy importante, y lo que este gobierno se ha propuesto de fondo, es que el desarrollo econ\u00f3mico y social se extienda por igual a todas las regiones del pa\u00eds\u201d.<\/p>\n<p>Dijo que el Programa de Apoyo a las Zonas Fronterizas del pa\u00eds contempla seis acciones estrat\u00e9gicas, coordinadas entre distintas dependencias del gobierno de la Rep\u00fablica, para beneficio de los estados de Baja California, Baja California Sur, Campeche, Chiapas, Chihuahua, Coahuila, Nuevo Le\u00f3n, Tamaulipas, Quintana Roo, Sonora y Tabasco, y con una inversi\u00f3n de 30 mil millones de pesos:<\/p>\n<p>Primera acci\u00f3n: A partir de hoy, y de manera gradual, se tomar\u00e1n medidas para eliminar varias garitas de la franja fronteriza. \u201cDesde hoy quedan clausuradas 12 garitas en cuatro entidades del pa\u00eds que ya no tienen sentido de permanecer abiertas\u201d.<\/p>\n<p>Mencion\u00f3 las garitas que a partir de hoy est\u00e1n cerradas: en Sonora, hoy queda clausurada la de Mututicachi; en Chiapas, quedan clausuradas desde hoy Viva\u00a0 M\u00e9xico, Tzimol y Quija; en Tamaulipas, Ciudad Mier, Par\u00e1s, Arcabuz y Batalla de Santa Tamaulipa; en Chihuahua, Samalayuca, Puerto de Janos, La Mula y El Peg\u00fcis. Adelant\u00f3 que en los pr\u00f3ximos meses tambi\u00e9n se habr\u00e1 de clausurar la de Allende, en Coahuila.<\/p>\n<p>Subray\u00f3 que a partir de la reforma hacendaria aprobada por el Congreso de la Uni\u00f3n, varias de las garitas en el pa\u00eds pierden total sentido \u201c y gradualmente lo estar\u00e1n perdiendo otras m\u00e1s, que estaremos cerrando y clausurando\u201d, y de las que se informar\u00e1 sobre el momento en que se lleve a cabo.<\/p>\n<p>Segunda acci\u00f3n: Con el Programa de Apoyo a la Zona Fronteriza, se apoyar\u00e1 a las familias de bajos recursos que viven en la frontera.<\/p>\n<p>El Presidente de la Rep\u00fablica explic\u00f3 que los legisladores aprobaron en el presupuesto de 2014 un fondo fronterizo, \u201cy de \u00e9ste habremos de destinar 2 mil\u00a0 500 millones de pesos, en coordinaci\u00f3n con los gobiernos estatales, para apoyar a aproximadamente 240 mil familias que puedan incrementar su ingreso y sean parte del Programa de Apoyo Alimentario Sin Hambre, que ha instrumentado el gobierno de la Rep\u00fablica\u201d.<\/p>\n<p>Tercera acci\u00f3n: El fondo fronterizo apoyado por la C\u00e1mara Diputados en la aprobaci\u00f3n del presupuesto para el pr\u00f3ximo a\u00f1o fue de 3 mil millones. Dos mil 500 que ser\u00e1n destinados, precisamente, a apoyar a las familias de menos recursos, y los otros 500 millones de pesos \u201cvamos a llevarlos a un fondo que nos permita capitalizarlo a trav\u00e9s de la Banca de Desarrollo para detonar cr\u00e9ditos hasta por cinco mil millones de pesos en beneficio de las peque\u00f1as y medianas empresas de la zona fronteriza\u201d.<\/p>\n<p>Cuarta acci\u00f3n: Impulso al turismo en la zona fronteriza.<\/p>\n<p>El primer mandatario refiri\u00f3 que casi 10 millones de turistas fronterizos y m\u00e1s de 48 millones de excursionistas cruzan la frontera cada a\u00f1o. Sin embargo, continu\u00f3, esta cifra \u201clamentablemente en los \u00faltimos tres a\u00f1os se ha visto disminuida\u201d.<\/p>\n<p>Inform\u00f3 que ha instruido a la titular de la Secretar\u00eda de Turismo para que en coordinaci\u00f3n con los gobiernos estatales, se emprendan de inmediato acciones para promover el turismo en la zona fronteriza.<\/p>\n<p>Quinta acci\u00f3n: Se desarrollar\u00e1n tareas especiales que protejan los derechos de los consumidores, para que no sea excusa o pretexto la homologaci\u00f3n del IVA en la zona fronteriza del pa\u00eds para incrementar precios tras la aprobaci\u00f3n de la Reforma Hacendaria.<\/p>\n<p>En ese punto, el gobernador de Chihuahua, C\u00e9sar Duarte J\u00e1quez, entreg\u00f3 al procurador federal del Consumidor, Alfredo Castillo, actas notariales de precios de productos en la zona fronteriza y en otras partes del pa\u00eds, que demuestran que son exactamente los mismos.<\/p>\n<p>Por eso, no hay excusa ni raz\u00f3n para tener incrementos, y sobre todo, afectaciones a los derechos de los consumidores de la zona fronteriza, indic\u00f3 el Ejecutivo.<\/p>\n<p>Dio instrucciones al procurador federal del Consumidor, para emprender un programa de verificaci\u00f3n, de supervisi\u00f3n y de sanci\u00f3n a aquellos que abusen bajo esta excusa e incrementen los precios de manera desmedida en perjuicio de los compradores.<\/p>\n<p>&nbsp;<\/p>\n","protected":false},"excerpt":{"rendered":"<p>El presidente Enrique Pe\u00f1a Nieto anunci\u00f3 ayer el Programa de Apoyo a las Zonas Fronterizas del pa\u00eds, que incluye distintas acciones para impulsar el desarrollo de estas regiones y a sectores de la sociedad que viven en condici\u00f3n de rezago social.<\/p>\n","protected":false},"author":3,"featured_media":155458,"comment_status":"open","ping_status":"open","sticky":false,"template":"","format":"standard","meta":{"_monsterinsights_skip_tracking":false,"_monsterinsights_sitenote_active":false,"_monsterinsights_sitenote_note":"","_monsterinsights_sitenote_category":0,"footnotes":""},"categories":[17,3],"tags":[37,43673],"class_list":["post-155435","post","type-post","status-publish","format-standard","has-post-thumbnail","hentry","category-especiales","category-nacional","tag-chihuahua","tag-nacional"],"_links":{"self":[{"href":"https:\/\/www.diarioimagen.net\/index.php?rest_route=\/wp\/v2\/posts\/155435","targetHints":{"allow":["GET"]}}],"collection":[{"href":"https:\/\/www.diarioimagen.net\/index.php?rest_route=\/wp\/v2\/posts"}],"about":[{"href":"https:\/\/www.diarioimagen.net\/index.php?rest_route=\/wp\/v2\/types\/post"}],"author":[{"embeddable":true,"href":"https:\/\/www.diarioimagen.net\/index.php?rest_route=\/wp\/v2\/users\/3"}],"replies":[{"embeddable":true,"href":"https:\/\/www.diarioimagen.net\/index.php?rest_route=%2Fwp%2Fv2%2Fcomments&post=155435"}],"version-history":[{"count":0,"href":"https:\/\/www.diarioimagen.net\/index.php?rest_route=\/wp\/v2\/posts\/155435\/revisions"}],"wp:featuredmedia":[{"embeddable":true,"href":"https:\/\/www.diarioimagen.net\/index.php?rest_route=\/wp\/v2\/media\/155458"}],"wp:attachment":[{"href":"https:\/\/www.diarioimagen.net\/index.php?rest_route=%2Fwp%2Fv2%2Fmedia&parent=155435"}],"wp:term":[{"taxonomy":"category","embeddable":true,"href":"https:\/\/www.diarioimagen.net\/index.php?rest_route=%2Fwp%2Fv2%2Fcategories&post=155435"},{"taxonomy":"post_tag","embeddable":true,"href":"https:\/\/www.diarioimagen.net\/index.php?rest_route=%2Fwp%2Fv2%2Ftags&post=155435"}],"curies":[{"name":"wp","href":"https:\/\/api.w.org\/{rel}","templated":true}]}}