{"id":155501,"date":"2013-12-01T12:27:36","date_gmt":"2013-12-01T18:27:36","guid":{"rendered":"http:\/\/www.diarioimagen.net\/?p=155501"},"modified":"2013-12-02T05:20:50","modified_gmt":"2013-12-02T11:20:50","slug":"beltrones-llama-a-aprobar-reforma-politica-por-la-via-de-la-negociacion","status":"publish","type":"post","link":"https:\/\/www.diarioimagen.net\/?p=155501","title":{"rendered":"Beltrones llama a aprobar reforma pol\u00edtica por la v\u00eda de la negociaci\u00f3n"},"content":{"rendered":"<ul>\n<li><em><strong>La opci\u00f3n de formar gobiernos de coalici\u00f3n dar\u00e1 estabilidad al gobierno y facilitar\u00e1 la construcci\u00f3n de acuerdos plurales, considera el diputado pri\u00edsta<\/strong><\/em><\/li>\n<\/ul>\n<div id=\"attachment_155502\" style=\"width: 250px\" class=\"wp-caption alignleft\"><img loading=\"lazy\" decoding=\"async\" aria-describedby=\"caption-attachment-155502\" class=\"size-medium wp-image-155502\" alt=\"Manlio Fabio Beltrones, el coordinador de la bancada del PRI en la C\u00e1mara de Diputados\" src=\"http:\/\/www.diarioimagen.net\/wp-content\/uploads\/2013\/12\/beltrones-PORTAL-240x135.jpg\" width=\"240\" height=\"135\" srcset=\"https:\/\/www.diarioimagen.net\/wp-content\/uploads\/2013\/12\/beltrones-PORTAL-240x135.jpg 240w, https:\/\/www.diarioimagen.net\/wp-content\/uploads\/2013\/12\/beltrones-PORTAL-420x236.jpg 420w, https:\/\/www.diarioimagen.net\/wp-content\/uploads\/2013\/12\/beltrones-PORTAL-235x132.jpg 235w, https:\/\/www.diarioimagen.net\/wp-content\/uploads\/2013\/12\/beltrones-PORTAL-202x114.jpg 202w, https:\/\/www.diarioimagen.net\/wp-content\/uploads\/2013\/12\/beltrones-PORTAL-350x196.jpg 350w, https:\/\/www.diarioimagen.net\/wp-content\/uploads\/2013\/12\/beltrones-PORTAL-220x123.jpg 220w, https:\/\/www.diarioimagen.net\/wp-content\/uploads\/2013\/12\/beltrones-PORTAL-237x132.jpg 237w, https:\/\/www.diarioimagen.net\/wp-content\/uploads\/2013\/12\/beltrones-PORTAL.jpg 480w\" sizes=\"auto, (max-width: 240px) 100vw, 240px\" \/><p id=\"caption-attachment-155502\" class=\"wp-caption-text\">Manlio Fabio Beltrones, el coordinador de la bancada del PRI en la C\u00e1mara de Diputados<\/p><\/div>\n<p>Manlio Fabio Beltrones, el coordinador de la bancada del PRI en la C\u00e1mara de Diputados, se\u00f1al\u00f3 que a partir del an\u00e1lisis y la discusi\u00f3n de la minuta sobre la reforma pol\u00edtico-electoral que se espera sea enviada por el Senado de la Rep\u00fablica esta semana, conf\u00eda en lograr su aprobaci\u00f3n en los d\u00edas posteriores y consolidar as\u00ed el r\u00e9gimen democr\u00e1tico.<\/p>\n<p>Dijo que el dictamen sobre la reforma pol\u00edtico-electoral contiene elementos de avanzada que permitir\u00e1n concluir la transici\u00f3n democr\u00e1tica y consolidar el r\u00e9gimen pol\u00edtico a partir de un nuevo dise\u00f1o institucional y de reglas y \u00f3rganos electorales que garantizar\u00e1n el respeto al voto y una competencia justa a nivel federal y local.<\/p>\n<p>Consideramos que constituir\u00e1 un avance en el camino de las reformas constitucionales que est\u00e1n transformando el perfil de la naci\u00f3n, por lo que convocamos a que sea aprobada como un resultado de la negociaci\u00f3n plural en beneficio de M\u00e9xico\u201d, subray\u00f3.<\/p>\n<p>La opci\u00f3n de formar gobiernos de coalici\u00f3n dar\u00e1 estabilidad al gobierno y facilitar\u00e1 la construcci\u00f3n de acuerdos plurales, as\u00ed como la instrumentaci\u00f3n de una agenda de gobierno que garantice la gobernabilidad democr\u00e1tica, sostuvo el coordinador parlamentario, en reuni\u00f3n de evaluaci\u00f3n con los vicecoordinadores de la bancada del PRI.<\/p>\n","protected":false},"excerpt":{"rendered":"<p>Manlio Fabio Beltrones, el coordinador de la bancada del PRI en la C\u00e1mara de Diputados, se\u00f1al\u00f3 que a partir del an\u00e1lisis y la discusi\u00f3n de la minuta sobre la reforma pol\u00edtico-electoral que se espera sea enviada por el Senado de la Rep\u00fablica esta semana, conf\u00eda en lograr su aprobaci\u00f3n en los d\u00edas posteriores y consolidar as\u00ed el r\u00e9gimen democr\u00e1tico.<\/p>\n","protected":false},"author":5,"featured_media":155502,"comment_status":"open","ping_status":"open","sticky":false,"template":"","format":"standard","meta":{"_monsterinsights_skip_tracking":false,"_monsterinsights_sitenote_active":false,"_monsterinsights_sitenote_note":"","_monsterinsights_sitenote_category":0,"footnotes":""},"categories":[17,3],"tags":[98,1392],"class_list":["post-155501","post","type-post","status-publish","format-standard","has-post-thumbnail","hentry","category-especiales","category-nacional","tag-camara-de-diputados","tag-reforma-politica"],"_links":{"self":[{"href":"https:\/\/www.diarioimagen.net\/index.php?rest_route=\/wp\/v2\/posts\/155501","targetHints":{"allow":["GET"]}}],"collection":[{"href":"https:\/\/www.diarioimagen.net\/index.php?rest_route=\/wp\/v2\/posts"}],"about":[{"href":"https:\/\/www.diarioimagen.net\/index.php?rest_route=\/wp\/v2\/types\/post"}],"author":[{"embeddable":true,"href":"https:\/\/www.diarioimagen.net\/index.php?rest_route=\/wp\/v2\/users\/5"}],"replies":[{"embeddable":true,"href":"https:\/\/www.diarioimagen.net\/index.php?rest_route=%2Fwp%2Fv2%2Fcomments&post=155501"}],"version-history":[{"count":0,"href":"https:\/\/www.diarioimagen.net\/index.php?rest_route=\/wp\/v2\/posts\/155501\/revisions"}],"wp:featuredmedia":[{"embeddable":true,"href":"https:\/\/www.diarioimagen.net\/index.php?rest_route=\/wp\/v2\/media\/155502"}],"wp:attachment":[{"href":"https:\/\/www.diarioimagen.net\/index.php?rest_route=%2Fwp%2Fv2%2Fmedia&parent=155501"}],"wp:term":[{"taxonomy":"category","embeddable":true,"href":"https:\/\/www.diarioimagen.net\/index.php?rest_route=%2Fwp%2Fv2%2Fcategories&post=155501"},{"taxonomy":"post_tag","embeddable":true,"href":"https:\/\/www.diarioimagen.net\/index.php?rest_route=%2Fwp%2Fv2%2Ftags&post=155501"}],"curies":[{"name":"wp","href":"https:\/\/api.w.org\/{rel}","templated":true}]}}