{"id":155569,"date":"2013-12-02T00:07:20","date_gmt":"2013-12-02T06:07:20","guid":{"rendered":"http:\/\/www.diarioimagen.net\/?p=155569"},"modified":"2013-12-03T07:22:49","modified_gmt":"2013-12-03T13:22:49","slug":"mexico-y-china-acuerdan-tener-una-agenda-bilateral","status":"publish","type":"post","link":"https:\/\/www.diarioimagen.net\/?p=155569","title":{"rendered":"M\u00e9xico y China acuerdan tener una agenda bilateral"},"content":{"rendered":"<ul>\n<li><strong><em>Se reunieron David L\u00f3pez Guti\u00e9rrez, coordinador en la materia de la Presidencia, y Cui Yuying, viceministra de la Oficina de Informaci\u00f3n del Consejo de Estado<\/em><\/strong><\/li>\n<\/ul>\n<div id=\"attachment_155574\" style=\"width: 250px\" class=\"wp-caption alignleft\"><a href=\"http:\/\/www.diarioimagen.net\/wp-content\/uploads\/2013\/12\/david-2241.jpg\"><img loading=\"lazy\" decoding=\"async\" aria-describedby=\"caption-attachment-155574\" class=\"size-medium wp-image-155574\" alt=\"David L\u00f3pez, coordinador de Comunicaci\u00f3n Social de la Presidencia de la Rep\u00fablica, recibi\u00f3 a Cui Yuying, viceministra de la Oficina de Informaci\u00f3n del Consejo de Informaci\u00f3n del Consejo del Gobierno de China.\" src=\"http:\/\/www.diarioimagen.net\/wp-content\/uploads\/2013\/12\/david-2241-240x135.jpg\" width=\"240\" height=\"135\" srcset=\"https:\/\/www.diarioimagen.net\/wp-content\/uploads\/2013\/12\/david-2241-240x135.jpg 240w, https:\/\/www.diarioimagen.net\/wp-content\/uploads\/2013\/12\/david-2241-420x236.jpg 420w, https:\/\/www.diarioimagen.net\/wp-content\/uploads\/2013\/12\/david-2241-235x132.jpg 235w, https:\/\/www.diarioimagen.net\/wp-content\/uploads\/2013\/12\/david-2241-202x114.jpg 202w, https:\/\/www.diarioimagen.net\/wp-content\/uploads\/2013\/12\/david-2241-350x196.jpg 350w, https:\/\/www.diarioimagen.net\/wp-content\/uploads\/2013\/12\/david-2241-220x123.jpg 220w, https:\/\/www.diarioimagen.net\/wp-content\/uploads\/2013\/12\/david-2241-237x132.jpg 237w, https:\/\/www.diarioimagen.net\/wp-content\/uploads\/2013\/12\/david-2241.jpg 480w\" sizes=\"auto, (max-width: 240px) 100vw, 240px\" \/><\/a><p id=\"caption-attachment-155574\" class=\"wp-caption-text\">David L\u00f3pez, coordinador de Comunicaci\u00f3n Social de la Presidencia de la Rep\u00fablica, recibi\u00f3 a Cui Yuying, viceministra de la Oficina de Informaci\u00f3n del Consejo de Informaci\u00f3n del Consejo del Gobierno de China.<\/p><\/div>\n<p>Las relaciones diplom\u00e1ticas entre M\u00e9xico y China est\u00e1n en un nivel extraordinario de cooperaci\u00f3n y en ese sentido se deben fortalecer los trabajos de Comunicaci\u00f3n Social entre ambos pa\u00edses, coincidieron en se\u00f1alar David L\u00f3pez Guti\u00e9rrez, coordinador de Comunicaci\u00f3n Social de la Presidencia de la Rep\u00fablica, y Cui Yuying, viceministra de la Oficina de Informaci\u00f3n del Consejo de Estado de China, al tiempo que establecieron una agenda bilateral que busca intercambiar experiencias y propiciar la colaboraci\u00f3n entre los medios de comunicaci\u00f3n.<\/p>\n<p>En la Residencia Oficial de Los Pinos, ambos funcionarios acordaron llevar a cabo un Foro de medios especializados en Econom\u00eda y Finanzas con la participaci\u00f3n de periodistas y empresarios, con el objetivo de crear una plataforma de informaci\u00f3n que apuntale la cooperaci\u00f3n econ\u00f3mica y comercial entre ambas naciones.<\/p>\n<p>La primera edici\u00f3n de este foro se llevar\u00eda a cabo en China, durante el segundo semestre del pr\u00f3ximo a\u00f1o, a la que acudir\u00eda una delegaci\u00f3n mexicana conformada por periodistas y funcionarios mexicanos. Adem\u00e1s, se busca incorporar a la tem\u00e1tica bilateral: el turismo, la cultura, el medio ambiente, la educaci\u00f3n y el deporte, entre otros rubros.<\/p>\n<p>L\u00f3pez Guti\u00e9rrez record\u00f3 que durante la visita a nuestro pa\u00eds del Presidente de la Rep\u00fablica Popular China, Xi Jinping, realizada el pasado 4 de junio de este a\u00f1o, el Presidente Enrique Pe\u00f1a Nieto subray\u00f3 \u201cque ambas naciones queremos conocernos mejor, que la cultura china florezca en M\u00e9xico y la cultura mexicana se difunda en China\u201d, para lo cual, dijo, aspiramos a ampliar y equilibrar nuestra relaci\u00f3n comercial e incrementar las inversiones de manera rec\u00edproca.<\/p>\n<p>Por ello, es necesario, agreg\u00f3, este acercamiento institucional entre las \u00e1reas responsables de la Comunicaci\u00f3n Social para que se divulgue el conocimiento en M\u00e9xico y China de estas civilizaciones milenarias.<\/p>\n<p>Acompa\u00f1aron a la Viceministra de China: Li Bocheng, Director General de la Oficina de Informaci\u00f3n; Ding Xiaoming, Subdirector General de Relaciones Internacionales de la Oficina de Informaci\u00f3n; Chen Yao, Director del Departamento de Relaciones Internacionales; Liu Maoyan, Secretario de la Viceministra; y Hu Min, Agregado de Prensa de la Embajada de China.<\/p>\n","protected":false},"excerpt":{"rendered":"<p>Las relaciones diplom\u00e1ticas entre M\u00e9xico y China est\u00e1n en un nivel extraordinario de cooperaci\u00f3n y en ese sentido se deben fortalecer los trabajos de Comunicaci\u00f3n Social entre ambos pa\u00edses, coincidieron en se\u00f1alar David L\u00f3pez Guti\u00e9rrez, coordinador de Comunicaci\u00f3n Social de la Presidencia de la Rep\u00fablica, y Cui Yuying, viceministra de la Oficina de Informaci\u00f3n del Consejo de Estado de China, al tiempo que establecieron una agenda bilateral que busca intercambiar experiencias y propiciar la colaboraci\u00f3n entre los medios de comunicaci\u00f3n.<\/p>\n","protected":false},"author":3,"featured_media":155574,"comment_status":"open","ping_status":"open","sticky":false,"template":"","format":"standard","meta":{"_monsterinsights_skip_tracking":false,"_monsterinsights_sitenote_active":false,"_monsterinsights_sitenote_note":"","_monsterinsights_sitenote_category":0,"footnotes":""},"categories":[17,3],"tags":[1361,44,43673],"class_list":["post-155569","post","type-post","status-publish","format-standard","has-post-thumbnail","hentry","category-especiales","category-nacional","tag-china","tag-mexico","tag-nacional"],"_links":{"self":[{"href":"https:\/\/www.diarioimagen.net\/index.php?rest_route=\/wp\/v2\/posts\/155569","targetHints":{"allow":["GET"]}}],"collection":[{"href":"https:\/\/www.diarioimagen.net\/index.php?rest_route=\/wp\/v2\/posts"}],"about":[{"href":"https:\/\/www.diarioimagen.net\/index.php?rest_route=\/wp\/v2\/types\/post"}],"author":[{"embeddable":true,"href":"https:\/\/www.diarioimagen.net\/index.php?rest_route=\/wp\/v2\/users\/3"}],"replies":[{"embeddable":true,"href":"https:\/\/www.diarioimagen.net\/index.php?rest_route=%2Fwp%2Fv2%2Fcomments&post=155569"}],"version-history":[{"count":0,"href":"https:\/\/www.diarioimagen.net\/index.php?rest_route=\/wp\/v2\/posts\/155569\/revisions"}],"wp:featuredmedia":[{"embeddable":true,"href":"https:\/\/www.diarioimagen.net\/index.php?rest_route=\/wp\/v2\/media\/155574"}],"wp:attachment":[{"href":"https:\/\/www.diarioimagen.net\/index.php?rest_route=%2Fwp%2Fv2%2Fmedia&parent=155569"}],"wp:term":[{"taxonomy":"category","embeddable":true,"href":"https:\/\/www.diarioimagen.net\/index.php?rest_route=%2Fwp%2Fv2%2Fcategories&post=155569"},{"taxonomy":"post_tag","embeddable":true,"href":"https:\/\/www.diarioimagen.net\/index.php?rest_route=%2Fwp%2Fv2%2Ftags&post=155569"}],"curies":[{"name":"wp","href":"https:\/\/api.w.org\/{rel}","templated":true}]}}