{"id":155573,"date":"2013-12-02T00:05:30","date_gmt":"2013-12-02T06:05:30","guid":{"rendered":"http:\/\/www.diarioimagen.net\/?p=155573"},"modified":"2013-12-03T07:23:45","modified_gmt":"2013-12-03T13:23:45","slug":"las-reformas-se-aplicaran-con-eficiencia-epn","status":"publish","type":"post","link":"https:\/\/www.diarioimagen.net\/?p=155573","title":{"rendered":"Las reformas se aplicar\u00e1n con eficiencia: EPN"},"content":{"rendered":"<ul>\n<li><strong><em>Al entregar los premios Nacional de Deportes y al M\u00e9rito Deportivo, el Presidente hizo paralelismos con los objetivos de su gobierno<\/em><\/strong><\/li>\n<\/ul>\n<h6>Roberto Vizca\u00edno<\/h6>\n<div id=\"attachment_155586\" style=\"width: 430px\" class=\"wp-caption aligncenter\"><a href=\"http:\/\/www.diarioimagen.net\/wp-content\/uploads\/2013\/12\/epn-2241.jpg\"><img loading=\"lazy\" decoding=\"async\" aria-describedby=\"caption-attachment-155586\" class=\"size-large wp-image-155586\" alt=\"El presidente Enrique Pe\u00f1a Nieto presidi\u00f3 ayer la entrega del Premio Nacional del Deporte y al M\u00e9rito Deportivo. En la gr\u00e1fica, es flanqueado por deportistas, funcionarios de la Conade y el secretario de Educaci\u00f3n P\u00fablica, Emilio Chuayffet Chemor.\" src=\"http:\/\/www.diarioimagen.net\/wp-content\/uploads\/2013\/12\/epn-2241-420x195.jpg\" width=\"420\" height=\"195\" srcset=\"https:\/\/www.diarioimagen.net\/wp-content\/uploads\/2013\/12\/epn-2241-420x195.jpg 420w, https:\/\/www.diarioimagen.net\/wp-content\/uploads\/2013\/12\/epn-2241-240x111.jpg 240w, https:\/\/www.diarioimagen.net\/wp-content\/uploads\/2013\/12\/epn-2241.jpg 580w\" sizes=\"auto, (max-width: 420px) 100vw, 420px\" \/><\/a><p id=\"caption-attachment-155586\" class=\"wp-caption-text\">El presidente Enrique Pe\u00f1a Nieto presidi\u00f3 ayer la entrega del Premio Nacional del Deporte y al M\u00e9rito Deportivo. En la gr\u00e1fica, es flanqueado por deportistas, funcionarios de la Conade y el secretario de Educaci\u00f3n P\u00fablica, Emilio Chuayffet Chemor.<\/p><\/div>\n<p>Durante un evento en el que abundaron los paralelismos entre el \u00e9xito alcanzado por los deportistas mexicanos y los objetivos y las metas de su gobierno, el presidente Enrique Pe\u00f1a Nieto asegur\u00f3 que las reformas estructurales, transformadoras, logradas en estos \u00faltimos 12 meses han sido el producto de un equipo.<\/p>\n<p>\u201cLas reformas transformadoras son resultado de un trabajo en equipo, en el que, aprovechando nuestra valiosa pluralidad, todos nos hemos puesto, y cuando me refiero a todos, hablo de todas las expresiones pol\u00edticas que han hecho posible los cambios y las reformas que ya se han concretado.<\/p>\n<p>\u201cTodos, invariablemente, se han puesto la camiseta de M\u00e9xico\u201d, indic\u00f3.<\/p>\n<p>Y, en obvia referencia al momento que vive el PRD, partido que decidi\u00f3 hace unos d\u00edas salirse del Pacto por M\u00e9xico, agreg\u00f3:<\/p>\n<p>\u201cPor ello, es que debemos seguir trabajando juntos y contribuyendo cada d\u00eda, desde el \u00e1mbito de nuestra responsabilidad, al \u00e9xito de nuestro pa\u00eds\u201d.<\/p>\n<p>As\u00ed, al entregar 7 galardones a Premios Nacionales del Deporte y 2 al M\u00e9rito Deportivo en el sal\u00f3n Adolfo L\u00f3pez Mateos de la residencia oficial de Los Pinos, acompa\u00f1ado por los secretarios de la Defensa, general Salvador Cienfuegos y el de Educaci\u00f3n, Emilio Chuayffet, el presidente Pe\u00f1a Nieto indic\u00f3:<\/p>\n<p>\u201cAs\u00ed como este a\u00f1o ha sido un a\u00f1o de reformas, el que hoy inicia deber\u00e1 destacarse por ser el a\u00f1o de la eficacia en la implementaci\u00f3n de las mismas.<\/p>\n<p>\u201cCon mayor eficacia y velocidad, debemos mantener el impulso transformador de este primer a\u00f1o de gobierno, para que se perciba en todo el aparato gubernamental y se proyecte hacia toda la sociedad.<\/p>\n<p>\u201cAl cumplirse un a\u00f1o de gobierno es momento propicio para reiterar mi reconocimiento a las principales fuerzas pol\u00edticas, a legisladores, a organizaciones sociales y empresariales, as\u00ed como a la sociedad en su conjunto, por su voluntad transformadora.<\/p>\n<p>\u201cEn este primer tramo de administraci\u00f3n, hemos trabajado, precisamente,\u00a0 en lo que compromet\u00ed a la sociedad, durante el proceso electoral y al rendir protesta como Presidente de la Rep\u00fablica: transformar a M\u00e9xico por las v\u00edas institucionales.<\/p>\n<p>\u201cAl igual que en materia deportiva, 2013 tambi\u00e9n ha sido un a\u00f1o emblem\u00e1tico, de grandes avances para el desarrollo de M\u00e9xico\u201d.<\/p>\n<p>En este punto se\u00f1al\u00f3 que si su gobierno fuese un marat\u00f3n, hoy \u2013al iniciar su segundo a\u00f1o de gobierno-, \u201capenas llevar\u00edamos recorridos siete de sus 42 kil\u00f3metros\u201d.<\/p>\n<p>&nbsp;<\/p>\n","protected":false},"excerpt":{"rendered":"<p><span style=\"color: #005497;\"><strong>Roberto Vizca\u00edno<\/strong><\/span><br \/>\n<br \/>\nDurante un evento en el que abundaron los paralelismos entre el \u00e9xito alcanzado por los deportistas mexicanos y los objetivos y las metas de su gobierno, el presidente Enrique Pe\u00f1a Nieto asegur\u00f3 que las reformas estructurales, transformadoras, logradas en estos \u00faltimos 12 meses han sido el producto de un equipo.<\/p>\n","protected":false},"author":3,"featured_media":155586,"comment_status":"open","ping_status":"open","sticky":false,"template":"","format":"standard","meta":{"_monsterinsights_skip_tracking":false,"_monsterinsights_sitenote_active":false,"_monsterinsights_sitenote_note":"","_monsterinsights_sitenote_category":0,"footnotes":""},"categories":[17,3],"tags":[18,1716,211,14119,18768],"class_list":["post-155573","post","type-post","status-publish","format-standard","has-post-thumbnail","hentry","category-especiales","category-nacional","tag-enrique-pena-nieto","tag-epn","tag-prd","tag-premio-nacional-del-deporte","tag-reformas"],"_links":{"self":[{"href":"https:\/\/www.diarioimagen.net\/index.php?rest_route=\/wp\/v2\/posts\/155573","targetHints":{"allow":["GET"]}}],"collection":[{"href":"https:\/\/www.diarioimagen.net\/index.php?rest_route=\/wp\/v2\/posts"}],"about":[{"href":"https:\/\/www.diarioimagen.net\/index.php?rest_route=\/wp\/v2\/types\/post"}],"author":[{"embeddable":true,"href":"https:\/\/www.diarioimagen.net\/index.php?rest_route=\/wp\/v2\/users\/3"}],"replies":[{"embeddable":true,"href":"https:\/\/www.diarioimagen.net\/index.php?rest_route=%2Fwp%2Fv2%2Fcomments&post=155573"}],"version-history":[{"count":0,"href":"https:\/\/www.diarioimagen.net\/index.php?rest_route=\/wp\/v2\/posts\/155573\/revisions"}],"wp:featuredmedia":[{"embeddable":true,"href":"https:\/\/www.diarioimagen.net\/index.php?rest_route=\/wp\/v2\/media\/155586"}],"wp:attachment":[{"href":"https:\/\/www.diarioimagen.net\/index.php?rest_route=%2Fwp%2Fv2%2Fmedia&parent=155573"}],"wp:term":[{"taxonomy":"category","embeddable":true,"href":"https:\/\/www.diarioimagen.net\/index.php?rest_route=%2Fwp%2Fv2%2Fcategories&post=155573"},{"taxonomy":"post_tag","embeddable":true,"href":"https:\/\/www.diarioimagen.net\/index.php?rest_route=%2Fwp%2Fv2%2Ftags&post=155573"}],"curies":[{"name":"wp","href":"https:\/\/api.w.org\/{rel}","templated":true}]}}