{"id":155606,"date":"2013-12-02T00:09:55","date_gmt":"2013-12-02T06:09:55","guid":{"rendered":"http:\/\/www.diarioimagen.net\/?p=155606"},"modified":"2013-12-02T05:18:18","modified_gmt":"2013-12-02T11:18:18","slug":"empleo-clave-en-el-combate-a-pobreza","status":"publish","type":"post","link":"https:\/\/www.diarioimagen.net\/?p=155606","title":{"rendered":"Empleo, clave en el combate a pobreza,a firma Rosario Robles"},"content":{"rendered":"<ul>\n<li><strong><em>Afirma Rosario Robles<\/em><\/strong><\/li>\n<\/ul>\n<div id=\"attachment_155638\" style=\"width: 250px\" class=\"wp-caption alignleft\"><a href=\"http:\/\/www.diarioimagen.net\/wp-content\/uploads\/2013\/12\/ROSARIO-2241.jpg\"><img loading=\"lazy\" decoding=\"async\" aria-describedby=\"caption-attachment-155638\" class=\"size-medium wp-image-155638\" alt=\"Rosario Robles, titular de la Secretar\u00eda de Desarrollo Social.\" src=\"http:\/\/www.diarioimagen.net\/wp-content\/uploads\/2013\/12\/ROSARIO-2241-240x135.jpg\" width=\"240\" height=\"135\" srcset=\"https:\/\/www.diarioimagen.net\/wp-content\/uploads\/2013\/12\/ROSARIO-2241-240x135.jpg 240w, https:\/\/www.diarioimagen.net\/wp-content\/uploads\/2013\/12\/ROSARIO-2241-420x236.jpg 420w, https:\/\/www.diarioimagen.net\/wp-content\/uploads\/2013\/12\/ROSARIO-2241-235x132.jpg 235w, https:\/\/www.diarioimagen.net\/wp-content\/uploads\/2013\/12\/ROSARIO-2241-202x114.jpg 202w, https:\/\/www.diarioimagen.net\/wp-content\/uploads\/2013\/12\/ROSARIO-2241-350x196.jpg 350w, https:\/\/www.diarioimagen.net\/wp-content\/uploads\/2013\/12\/ROSARIO-2241-220x123.jpg 220w, https:\/\/www.diarioimagen.net\/wp-content\/uploads\/2013\/12\/ROSARIO-2241-237x132.jpg 237w, https:\/\/www.diarioimagen.net\/wp-content\/uploads\/2013\/12\/ROSARIO-2241.jpg 480w\" sizes=\"auto, (max-width: 240px) 100vw, 240px\" \/><\/a><p id=\"caption-attachment-155638\" class=\"wp-caption-text\">Rosario Robles, titular de la Secretar\u00eda de Desarrollo Social.<\/p><\/div>\n<p>La mejor manera de combatir la pobreza y la desigualdad en el pa\u00eds es generando empleos, y en el primer a\u00f1o de la actual administraci\u00f3n se sentaron las bases para el crecimiento econ\u00f3mico de M\u00e9xico, afirm\u00f3 la titular de la Secretar\u00eda de Desarrollo Social (Sedesol), Rosario Robles Berlanga.<\/p>\n<p>En un comunicado, detall\u00f3 que la Cruzada Nacional Contra el Hambre y una pol\u00edtica social de nueva generaci\u00f3n puso fin al asistencialismo, y en la actualidad se atiende a tres de siete millones de personas en pobreza alimentaria extrema.<\/p>\n<p>Durante la toma de protesta a los integrantes de los Comit\u00e9s Comunitarios y brigadistas de la Cruzada Nacional Contra el Hambre, en el Centro de Convenciones Siglo XXI, en Campeche, se\u00f1al\u00f3 que el gobierno federal impulsa reformas para que en M\u00e9xico haya mejor distribuci\u00f3n de la riqueza y se avance en la superaci\u00f3n de rezagos.<\/p>\n<p>&nbsp;<\/p>\n","protected":false},"excerpt":{"rendered":"<p>La mejor manera de combatir la pobreza y la desigualdad en el pa\u00eds es generando empleos, y en el primer a\u00f1o de la actual administraci\u00f3n se sentaron las bases para el crecimiento econ\u00f3mico de M\u00e9xico, afirm\u00f3 la titular de la Secretar\u00eda de Desarrollo Social (Sedesol), Rosario Robles Berlanga.<\/p>\n","protected":false},"author":3,"featured_media":155638,"comment_status":"open","ping_status":"open","sticky":false,"template":"","format":"standard","meta":{"_monsterinsights_skip_tracking":false,"_monsterinsights_sitenote_active":false,"_monsterinsights_sitenote_note":"","_monsterinsights_sitenote_category":0,"footnotes":""},"categories":[3],"tags":[481,2421,9562,1998],"class_list":["post-155606","post","type-post","status-publish","format-standard","has-post-thumbnail","hentry","category-nacional","tag-empleo","tag-pobreza","tag-rosario-robles-berlanga","tag-sedesol"],"_links":{"self":[{"href":"https:\/\/www.diarioimagen.net\/index.php?rest_route=\/wp\/v2\/posts\/155606","targetHints":{"allow":["GET"]}}],"collection":[{"href":"https:\/\/www.diarioimagen.net\/index.php?rest_route=\/wp\/v2\/posts"}],"about":[{"href":"https:\/\/www.diarioimagen.net\/index.php?rest_route=\/wp\/v2\/types\/post"}],"author":[{"embeddable":true,"href":"https:\/\/www.diarioimagen.net\/index.php?rest_route=\/wp\/v2\/users\/3"}],"replies":[{"embeddable":true,"href":"https:\/\/www.diarioimagen.net\/index.php?rest_route=%2Fwp%2Fv2%2Fcomments&post=155606"}],"version-history":[{"count":0,"href":"https:\/\/www.diarioimagen.net\/index.php?rest_route=\/wp\/v2\/posts\/155606\/revisions"}],"wp:featuredmedia":[{"embeddable":true,"href":"https:\/\/www.diarioimagen.net\/index.php?rest_route=\/wp\/v2\/media\/155638"}],"wp:attachment":[{"href":"https:\/\/www.diarioimagen.net\/index.php?rest_route=%2Fwp%2Fv2%2Fmedia&parent=155606"}],"wp:term":[{"taxonomy":"category","embeddable":true,"href":"https:\/\/www.diarioimagen.net\/index.php?rest_route=%2Fwp%2Fv2%2Fcategories&post=155606"},{"taxonomy":"post_tag","embeddable":true,"href":"https:\/\/www.diarioimagen.net\/index.php?rest_route=%2Fwp%2Fv2%2Ftags&post=155606"}],"curies":[{"name":"wp","href":"https:\/\/api.w.org\/{rel}","templated":true}]}}