{"id":155665,"date":"2013-12-03T00:07:54","date_gmt":"2013-12-03T06:07:54","guid":{"rendered":"http:\/\/www.diarioimagen.net\/?p=155665"},"modified":"2013-12-04T08:04:26","modified_gmt":"2013-12-04T14:04:26","slug":"discute-senado-reforma-politica-en-comisiones","status":"publish","type":"post","link":"https:\/\/www.diarioimagen.net\/?p=155665","title":{"rendered":"Aprueba Senado reforma pol\u00edtica en comisiones"},"content":{"rendered":"<ul>\n<li><em><strong>Grupo de manifestantes logr\u00f3 colarse a la sesi\u00f3n para protestar contra \u201cla simulaci\u00f3n\u201d<\/strong><\/em><\/li>\n<\/ul>\n<p>&nbsp;<\/p>\n<h6><b>Jos\u00e9 Luis Monta\u00f1ez<\/b><\/h6>\n<p>&nbsp;<\/p>\n<div id=\"attachment_155666\" style=\"width: 250px\" class=\"wp-caption alignleft\"><a href=\"http:\/\/www.diarioimagen.net\/wp-content\/uploads\/2013\/12\/COLADOS-PORTAL.jpg\"><img loading=\"lazy\" decoding=\"async\" aria-describedby=\"caption-attachment-155666\" class=\"size-medium wp-image-155666\" alt=\"Un grupo de manifestantes se \u201ccol\u00f3\u201d al interior del Senado para protestar por el inicio de los trabajos de dictaminaci\u00f3n de la reforma pol\u00edtica en comisiones.\" src=\"http:\/\/www.diarioimagen.net\/wp-content\/uploads\/2013\/12\/COLADOS-PORTAL-240x135.jpg\" width=\"240\" height=\"135\" srcset=\"https:\/\/www.diarioimagen.net\/wp-content\/uploads\/2013\/12\/COLADOS-PORTAL-240x135.jpg 240w, https:\/\/www.diarioimagen.net\/wp-content\/uploads\/2013\/12\/COLADOS-PORTAL-420x236.jpg 420w, https:\/\/www.diarioimagen.net\/wp-content\/uploads\/2013\/12\/COLADOS-PORTAL-235x132.jpg 235w, https:\/\/www.diarioimagen.net\/wp-content\/uploads\/2013\/12\/COLADOS-PORTAL-202x114.jpg 202w, https:\/\/www.diarioimagen.net\/wp-content\/uploads\/2013\/12\/COLADOS-PORTAL-350x196.jpg 350w, https:\/\/www.diarioimagen.net\/wp-content\/uploads\/2013\/12\/COLADOS-PORTAL-220x123.jpg 220w, https:\/\/www.diarioimagen.net\/wp-content\/uploads\/2013\/12\/COLADOS-PORTAL-237x132.jpg 237w, https:\/\/www.diarioimagen.net\/wp-content\/uploads\/2013\/12\/COLADOS-PORTAL.jpg 480w\" sizes=\"auto, (max-width: 240px) 100vw, 240px\" \/><\/a><p id=\"caption-attachment-155666\" class=\"wp-caption-text\">Un grupo de manifestantes se \u201ccol\u00f3\u201d al interior del Senado para protestar por el inicio de los trabajos de dictaminaci\u00f3n de la reforma pol\u00edtica en comisiones.<\/p><\/div>\n<p>Sin la presencia de los senadores del PRD y pr\u00e1cticamente sin discusi\u00f3n, las comisiones unidas de Estudios Legislativos, Puntos Constitucionales, Gobernaci\u00f3n y Reforma del Estado aprobaron en lo general el proyecto de dictamen de la reforma pol\u00edtico-electoral.<\/p>\n<p>La reforma se aprob\u00f3 con 29 votos a favor, de los senadores del PRI, PAN, PVEM; 2 votos en contra del PT, y 4 abstenciones -3 del PAN y una del PANAL -, ya que el PRD mantuvo la decisi\u00f3n de no participar. Cuando se iba a votar el dictamen, los perredistas se presentaron a la sesi\u00f3n, pero s\u00f3lo para fijar su postura en en voz de Alejandro Encinas.<\/p>\n<p>El legislador resalt\u00f3 que adem\u00e1s de no estar de acuerdo con el proyecto de reforma pol\u00edtica, en alusi\u00f3n al PAN expres\u00f3 que no van a convalidar que \u00e9sta se haya convertido para algunos en \u201cmoneda de cambio para vender su voto en la reforma energ\u00e9tica\u201d.<\/p>\n<p>El proyecto de reforma plantea temas como la reelecci\u00f3n legislativa y de alcaldes, la creaci\u00f3n del Instituto Nacional de Elecciones, el INE, as\u00ed como el fortalecimiento de diversas instancias del Estado mexicano.<\/p>\n<p>El senador priista Enrique Burgos Garc\u00eda expuso que este dictamen se desprende de 34 iniciativas en la materia. Se prev\u00e9 que con el respaldo de las bancadas de los partidos Revolucionario Institucional (PRI), Acci\u00f3n Nacional (PAN) y Verde Ecologista de M\u00e9xico (PVEM) sea aprobado el proyecto, en el pleno del Senado.<\/p>\n<p>Un grupo de manifestantes del grupo Reforma pol\u00edtica ya y M\u00e1s ciudadan\u00eda logr\u00f3 colarse al sal\u00f3n donde se llevaba a cabo la sesi\u00f3n de comisiones y protest\u00f3 por considerar que es una simulaci\u00f3n lo que hac\u00eda en ese momento el Senado.<\/p>\n<p>Mostraron carteles hechos a mano con leyendas que dec\u00edan que es una simulaci\u00f3n la propuesta de reelecci\u00f3n de legisladores y alcaldes.<\/p>\n<p>Seg\u00fan lo previsto por el PAN y el PRI, la reforma ser\u00e1 convertida en ley este martes, con o sin el PRD. El senador panista, Jorge Luis Preciado, record\u00f3 que su partido y el\u00a0 PRI representan m\u00e1s de dos tercios de los votos necesarios para sacar adelante la reforma.<\/p>\n","protected":false},"excerpt":{"rendered":"<p>Sin la presencia de los senadores del PRD y pr\u00e1cticamente sin discusi\u00f3n, las comisiones unidas de Estudios Legislativos, Puntos Constitucionales, Gobernaci\u00f3n y Reforma del Estado aprobaron en lo general el proyecto de dictamen de la reforma pol\u00edtico-electoral.<\/p>\n","protected":false},"author":5,"featured_media":155666,"comment_status":"open","ping_status":"open","sticky":false,"template":"","format":"standard","meta":{"_monsterinsights_skip_tracking":false,"_monsterinsights_sitenote_active":false,"_monsterinsights_sitenote_note":"","_monsterinsights_sitenote_category":0,"footnotes":""},"categories":[3],"tags":[211,1392,1409],"class_list":["post-155665","post","type-post","status-publish","format-standard","has-post-thumbnail","hentry","category-nacional","tag-prd","tag-reforma-politica","tag-senado"],"_links":{"self":[{"href":"https:\/\/www.diarioimagen.net\/index.php?rest_route=\/wp\/v2\/posts\/155665","targetHints":{"allow":["GET"]}}],"collection":[{"href":"https:\/\/www.diarioimagen.net\/index.php?rest_route=\/wp\/v2\/posts"}],"about":[{"href":"https:\/\/www.diarioimagen.net\/index.php?rest_route=\/wp\/v2\/types\/post"}],"author":[{"embeddable":true,"href":"https:\/\/www.diarioimagen.net\/index.php?rest_route=\/wp\/v2\/users\/5"}],"replies":[{"embeddable":true,"href":"https:\/\/www.diarioimagen.net\/index.php?rest_route=%2Fwp%2Fv2%2Fcomments&post=155665"}],"version-history":[{"count":0,"href":"https:\/\/www.diarioimagen.net\/index.php?rest_route=\/wp\/v2\/posts\/155665\/revisions"}],"wp:featuredmedia":[{"embeddable":true,"href":"https:\/\/www.diarioimagen.net\/index.php?rest_route=\/wp\/v2\/media\/155666"}],"wp:attachment":[{"href":"https:\/\/www.diarioimagen.net\/index.php?rest_route=%2Fwp%2Fv2%2Fmedia&parent=155665"}],"wp:term":[{"taxonomy":"category","embeddable":true,"href":"https:\/\/www.diarioimagen.net\/index.php?rest_route=%2Fwp%2Fv2%2Fcategories&post=155665"},{"taxonomy":"post_tag","embeddable":true,"href":"https:\/\/www.diarioimagen.net\/index.php?rest_route=%2Fwp%2Fv2%2Ftags&post=155665"}],"curies":[{"name":"wp","href":"https:\/\/api.w.org\/{rel}","templated":true}]}}