{"id":155671,"date":"2013-12-03T00:09:37","date_gmt":"2013-12-03T06:09:37","guid":{"rendered":"http:\/\/www.diarioimagen.net\/?p=155671"},"modified":"2013-12-03T05:29:01","modified_gmt":"2013-12-03T11:29:01","slug":"pospone-madero-un-trimestre-la-eleccion-de-lider-del-pan","status":"publish","type":"post","link":"https:\/\/www.diarioimagen.net\/?p=155671","title":{"rendered":"Pospone Madero un trimestre la elecci\u00f3n de l\u00edder del PAN"},"content":{"rendered":"<ul>\n<li><em><strong>La decisi\u00f3n se debe a que 30 personas reventaron el Consejo Nacional el s\u00e1bado pasado<\/strong><\/em><\/li>\n<\/ul>\n<p>&nbsp;<\/p>\n<div id=\"attachment_155672\" style=\"width: 250px\" class=\"wp-caption alignleft\"><a href=\"http:\/\/www.diarioimagen.net\/wp-content\/uploads\/2013\/12\/MADERO-PORTAL.jpg\"><img loading=\"lazy\" decoding=\"async\" aria-describedby=\"caption-attachment-155672\" class=\"size-medium wp-image-155672\" alt=\"El dirigente nacional del PAN, Gustavo Madero Mu\u00f1oz, anunci\u00f3 que la elecci\u00f3n de su sucesor ser\u00e1 hasta el segundo semestre del a\u00f1o que entra.\" src=\"http:\/\/www.diarioimagen.net\/wp-content\/uploads\/2013\/12\/MADERO-PORTAL-240x135.jpg\" width=\"240\" height=\"135\" srcset=\"https:\/\/www.diarioimagen.net\/wp-content\/uploads\/2013\/12\/MADERO-PORTAL-240x135.jpg 240w, https:\/\/www.diarioimagen.net\/wp-content\/uploads\/2013\/12\/MADERO-PORTAL-420x236.jpg 420w, https:\/\/www.diarioimagen.net\/wp-content\/uploads\/2013\/12\/MADERO-PORTAL-235x132.jpg 235w, https:\/\/www.diarioimagen.net\/wp-content\/uploads\/2013\/12\/MADERO-PORTAL-202x114.jpg 202w, https:\/\/www.diarioimagen.net\/wp-content\/uploads\/2013\/12\/MADERO-PORTAL-350x196.jpg 350w, https:\/\/www.diarioimagen.net\/wp-content\/uploads\/2013\/12\/MADERO-PORTAL-220x123.jpg 220w, https:\/\/www.diarioimagen.net\/wp-content\/uploads\/2013\/12\/MADERO-PORTAL-237x132.jpg 237w, https:\/\/www.diarioimagen.net\/wp-content\/uploads\/2013\/12\/MADERO-PORTAL.jpg 480w\" sizes=\"auto, (max-width: 240px) 100vw, 240px\" \/><\/a><p id=\"caption-attachment-155672\" class=\"wp-caption-text\">El dirigente nacional del PAN, Gustavo Madero Mu\u00f1oz, anunci\u00f3 que la elecci\u00f3n de su sucesor ser\u00e1 hasta el segundo semestre del a\u00f1o que entra.<\/p><\/div>\n<p>El dirigente del PAN, Gustavo Madero, anunci\u00f3 que la elecci\u00f3n para renovar el liderazgo nacional de su partido se pospondr\u00e1 tres meses y se efectuar\u00e1 hasta el segundo trimestre de 2014. El anuncio lo hizo luego de que el s\u00e1bado pasado se suspendiera el Consejo Nacional de dicha organizaci\u00f3n.<\/p>\n<p>Madero explic\u00f3 que un grupo de 30 personas revent\u00f3 la asamblea que se realizaba el s\u00e1bado anterior. \u201cEl da\u00f1o lo hizo un peque\u00f1o grupo que impidi\u00f3 el trabajo de 170 personas, que era el n\u00famero suficiente para dar validez a los resolutivos\u201d, pero se suspendi\u00f3; hecho al que calific\u00f3 como \u201cla tiran\u00eda de las minor\u00edas\u201d.<\/p>\n<p>\u201cContinuar\u00e9 en el cargo hasta el segundo trimestre de 2014\u201d, afirm\u00f3 el panista. \u201cEl incidente\u201d que llev\u00f3 al Consejo Nacional a suspender los trabajos de elaboraci\u00f3n del reglamento de la elecci\u00f3n, por falta de qu\u00f3rum, aplazar\u00e1 los tiempos, expuso.<\/p>\n<p>Indic\u00f3 que debido a los retrasos y a los cambios que a\u00fan hay por aprobar, es decir, 41 de los 48 art\u00edculos de los reglamentos internos es muy probable que el cambio de direcci\u00f3n se d\u00e9 hasta el segundo trimestre de 2014.<\/p>\n<p>El d\u00eda anterior, Josefina V\u00e1zquez Mota, Ernesto Cordero y Juan Manuel Oliva, aspirantes a la presidencia del PAN, llamaron a la dirigencia de su partido a convocar a la brevedad al Consejo Nacional.<\/p>\n<p>En un comunicado, los tres interesados en presidir al partido blanquiazul recordaron que la XVII Asamblea Nacional Extraordinaria estableci\u00f3 como m\u00e9todo de elecci\u00f3n del Comit\u00e9 Ejecutivo Nacional el voto directo de los militantes.<\/p>\n<p>Por eso subrayaron que corresponde al Consejo Nacional aprobar los reglamentos y la integraci\u00f3n de la Comisi\u00f3n Organizadora que d\u00e9 certeza, legalidad, independencia, equidad, imparcialidad y objetividad al proceso de renovaci\u00f3n de los \u00f3rganos de gobierno de partido.<\/p>\n<p>Expusieron que la inminente etapa de reestructuraci\u00f3n que enfrentar\u00e1 el PAN obliga a los miembros del Consejo Nacional a continuar con el an\u00e1lisis de los reglamentos internos necesarios para dar pie al proceso de renovaci\u00f3n de la dirigencia. Y tambi\u00e9n a la instalaci\u00f3n de una Comisi\u00f3n Nacional Organizadora y al establecimiento de una fecha para la elecci\u00f3n del nuevo presidente nacional del partido.<\/p>\n","protected":false},"excerpt":{"rendered":"<p>El dirigente del PAN, Gustavo Madero, anunci\u00f3 que la elecci\u00f3n para renovar el liderazgo nacional de su partido se pospondr\u00e1 tres meses y se efectuar\u00e1 hasta el segundo trimestre de 2014. El anuncio lo hizo luego de que el s\u00e1bado pasado se suspendiera el Consejo Nacional de dicha organizaci\u00f3n.<\/p>\n","protected":false},"author":5,"featured_media":155672,"comment_status":"open","ping_status":"open","sticky":false,"template":"","format":"standard","meta":{"_monsterinsights_skip_tracking":false,"_monsterinsights_sitenote_active":false,"_monsterinsights_sitenote_note":"","_monsterinsights_sitenote_category":0,"footnotes":""},"categories":[3],"tags":[2475,29229,91],"class_list":["post-155671","post","type-post","status-publish","format-standard","has-post-thumbnail","hentry","category-nacional","tag-consejo-nacional","tag-gustavo-madero","tag-pan"],"_links":{"self":[{"href":"https:\/\/www.diarioimagen.net\/index.php?rest_route=\/wp\/v2\/posts\/155671","targetHints":{"allow":["GET"]}}],"collection":[{"href":"https:\/\/www.diarioimagen.net\/index.php?rest_route=\/wp\/v2\/posts"}],"about":[{"href":"https:\/\/www.diarioimagen.net\/index.php?rest_route=\/wp\/v2\/types\/post"}],"author":[{"embeddable":true,"href":"https:\/\/www.diarioimagen.net\/index.php?rest_route=\/wp\/v2\/users\/5"}],"replies":[{"embeddable":true,"href":"https:\/\/www.diarioimagen.net\/index.php?rest_route=%2Fwp%2Fv2%2Fcomments&post=155671"}],"version-history":[{"count":0,"href":"https:\/\/www.diarioimagen.net\/index.php?rest_route=\/wp\/v2\/posts\/155671\/revisions"}],"wp:featuredmedia":[{"embeddable":true,"href":"https:\/\/www.diarioimagen.net\/index.php?rest_route=\/wp\/v2\/media\/155672"}],"wp:attachment":[{"href":"https:\/\/www.diarioimagen.net\/index.php?rest_route=%2Fwp%2Fv2%2Fmedia&parent=155671"}],"wp:term":[{"taxonomy":"category","embeddable":true,"href":"https:\/\/www.diarioimagen.net\/index.php?rest_route=%2Fwp%2Fv2%2Fcategories&post=155671"},{"taxonomy":"post_tag","embeddable":true,"href":"https:\/\/www.diarioimagen.net\/index.php?rest_route=%2Fwp%2Fv2%2Ftags&post=155671"}],"curies":[{"name":"wp","href":"https:\/\/api.w.org\/{rel}","templated":true}]}}