{"id":155723,"date":"2013-12-03T00:05:48","date_gmt":"2013-12-03T06:05:48","guid":{"rendered":"http:\/\/www.diarioimagen.net\/?p=155723"},"modified":"2013-12-04T08:03:56","modified_gmt":"2013-12-04T14:03:56","slug":"epn-inaugura-carretera-mezquital-huazamota","status":"publish","type":"post","link":"https:\/\/www.diarioimagen.net\/?p=155723","title":{"rendered":"EPN inaugura carretera Mezquital-Huazamota"},"content":{"rendered":"<ul>\n<li><em><strong>El Presidente se\u00f1ala que el objetivo de su administraci\u00f3n es \u201clograr que la condici\u00f3n de pobreza y rezago se puedan cambiar\u201d<\/strong><\/em><\/li>\n<\/ul>\n<p>&nbsp;<\/p>\n<div id=\"attachment_155724\" style=\"width: 250px\" class=\"wp-caption alignleft\"><a href=\"http:\/\/www.diarioimagen.net\/wp-content\/uploads\/2013\/12\/epn-2242.jpg\"><img loading=\"lazy\" decoding=\"async\" aria-describedby=\"caption-attachment-155724\" class=\"size-medium wp-image-155724\" alt=\"Mezquital, Dgo.- El presidente Enrique Pe\u00f1a Nieto recibi\u00f3 el bast\u00f3n de mando de manos de ind\u00edgenas, luego de inaugurar la carretera Mezquital-Huazamota.\" src=\"http:\/\/www.diarioimagen.net\/wp-content\/uploads\/2013\/12\/epn-2242-240x135.jpg\" width=\"240\" height=\"135\" srcset=\"https:\/\/www.diarioimagen.net\/wp-content\/uploads\/2013\/12\/epn-2242-240x135.jpg 240w, https:\/\/www.diarioimagen.net\/wp-content\/uploads\/2013\/12\/epn-2242-420x236.jpg 420w, https:\/\/www.diarioimagen.net\/wp-content\/uploads\/2013\/12\/epn-2242-235x132.jpg 235w, https:\/\/www.diarioimagen.net\/wp-content\/uploads\/2013\/12\/epn-2242-202x114.jpg 202w, https:\/\/www.diarioimagen.net\/wp-content\/uploads\/2013\/12\/epn-2242-350x196.jpg 350w, https:\/\/www.diarioimagen.net\/wp-content\/uploads\/2013\/12\/epn-2242-220x123.jpg 220w, https:\/\/www.diarioimagen.net\/wp-content\/uploads\/2013\/12\/epn-2242-237x132.jpg 237w, https:\/\/www.diarioimagen.net\/wp-content\/uploads\/2013\/12\/epn-2242.jpg 480w\" sizes=\"auto, (max-width: 240px) 100vw, 240px\" \/><\/a><p id=\"caption-attachment-155724\" class=\"wp-caption-text\">Mezquital, Dgo.- El presidente Enrique Pe\u00f1a Nieto recibi\u00f3 el bast\u00f3n de mando de manos de ind\u00edgenas, luego de inaugurar la carretera Mezquital-Huazamota.<\/p><\/div>\n<p><strong>Mezquital, Dgo.-<\/strong> Luego de inaugurar la carretera Mezquital-Huazamota y entregar apoyos a ind\u00edgenas, el presidente Enrique Pe\u00f1a Nieto se\u00f1al\u00f3 que las acciones de su administraci\u00f3n van encaminadas a \u201clograr que la condici\u00f3n de pobreza y rezago se puedan cambiar\u201d.<\/p>\n<p>Afirm\u00f3 que con la nueva carretera se permitir\u00e1 acercar productos y servicios a las zonas m\u00e1s apartadas de esa regi\u00f3n y garantizar un mayor desarrollo de las comunidades ind\u00edgenas.<\/p>\n<p>Asimismo, indic\u00f3 que con los apoyos entregados\u00a0 la zona se podr\u00e1 incorporar a las actividades productivas.<\/p>\n<p>En el acto el mandatario tambi\u00e9n destac\u00f3 que el pr\u00f3ximo a\u00f1o todas las dependencias del gobierno federal, principalmente las que requieren de infraestructura, tendr\u00e1n m\u00e1s recursos, por lo que existe el compromiso para ejercer con oportunidad y transparencia el presupuesto.<\/p>\n<p>En su discurso, Pe\u00f1a Nieto augur\u00f3 un mejor a\u00f1o en 2014 y garantiz\u00f3 que con la reforma hacendaria todas las dependencias federales y \u00f3rdenes de gobierno tendr\u00e1n mayores recursos para invertir en infraestructura y \u201cno para ampliar el aparato burocr\u00e1tico\u201d.<\/p>\n<p>Luego de recibir el bast\u00f3n de mando y de ser ataviado a la usanza de los ind\u00edgenas de la zona, agradeci\u00f3 la limpia y las bendiciones de los gobernadores tradicionales para tener un mejor a\u00f1o.<\/p>\n<p>\u201cQu\u00e9 mejor augurio de que tendremos un mejor 2014, que iniciar este segundo a\u00f1o de gesti\u00f3n al lado de nuestros hermanos de las etnias ind\u00edgenas\u201d, expres\u00f3.<\/p>\n<p>Al inagurar la carretera Mezquital-Huazamota y entregar apoyos a la zona ind\u00edgena, el mandatario federal reiter\u00f3 que en su primer a\u00f1o de gobierno se han sembrado las bases importantes con las reformas estructurales que permitan en los a\u00f1os por venir tener un mayor desarrollo y crecimiento econ\u00f3mico.<\/p>\n<p>Adem\u00e1s de un desarrollo social para asegurar el M\u00e9xico pr\u00f3spero e incluyente que requieren todas las familias mexicanas, en esta comunidad donde fue sorprendido con un pastel para festejar por su primer a\u00f1o de gobierno y la felicitaci\u00f3n de los ni\u00f1os Silvia y Fernando por su gesti\u00f3n.<\/p>\n<p>\u201cY ahora en el a\u00f1o 2014 pr\u00e1cticamente todas las dependencias del gobierno, particularmente aquellas que tienen mucho que invertir en caminos, carreteras, salud, educaci\u00f3n tendr\u00e1n mayores recursos\u201d, subray\u00f3.<\/p>\n<p>Ello es resultado de la reforma hacendaria que posibilitar\u00e1 que esas dependencias y todos los \u00f3rdenes de gobierno tengan mayores recursos para invertir, \u201cno para ampliar el aparato burocr\u00e1tico, no para generar mayor burocracia, sino para hacer inversi\u00f3n que beneficie a los mexicanos\u201d.<\/p>\n<p>Explic\u00f3 que tan s\u00f3lo la Secretar\u00eda de Comunicaciones y Transportes tendr\u00e1 un presupuesto de 118 mil millones de pesos, casi 40 por ciento superior al que ejerci\u00f3 durante el a\u00f1o pasado y para asegurar que se ejerzan esos recursos con oportunidad ya se han iniciado licitaciones correspondientes al ejercicio 2014.<\/p>\n<p>\u201cEn pocas palabras esto compromete al gobierno de la Rep\u00fablica para ejercer con oportunidad, de manera eficiente y transparente los recursos que fueron aprobados por los diputados\u201d, subray\u00f3.<\/p>\n<p>En lo que calific\u00f3 como el inicio de su segundo a\u00f1o de gobierno, refrend\u00f3 tambi\u00e9n el compromiso de ser un gobierno transparente ante todos los mexicanos.<\/p>\n<p>Frente al gobernador de la entidad, Jorge Herrera Caldera, y los secretarios de Desarrollo Social y de Comunicaciones y Transportes, Rosario Robles Berlanga y Gerardo Ruiz Esparza, respectivamente, dijo que esta es una gran oportunidad para reconocernos como un pa\u00eds diverso, plural, pluri\u00e9tnico y de una gran diversidad.<\/p>\n<p>Resalt\u00f3 la inauguraci\u00f3n de la carretera con sus 197 kil\u00f3metros que permitir\u00e1 comunicar la capital del estado con esas comunidades y llevar progreso.<\/p>\n<p>Asimismo, advirti\u00f3 que no se puede permitir que parte del rostro del pa\u00eds sea el de la pobreza, la miseria y la marginaci\u00f3n.<\/p>\n<p>Resalt\u00f3 la pol\u00edtica social de su gobierno, que es de nueva generaci\u00f3n que permite que los beneficiarios puedan incorporarse a la actividad productiva.<\/p>\n<p>Explic\u00f3 que todos los beneficiarios de las tarjetas Sin Hambre, de los municipios de mayor rezago social, se les apoyar\u00e1 para tener sus huertos familiares.<\/p>\n<p>\u201cVamos a seguir trabajando en esta pol\u00edtica social que trae otros programas, resultado y beneficio de la reforma hacendaria que fue aprobada, es importante encontrar dos importantes beneficios que anteriormente no se ten\u00edan de manera universal: el primero de ellos es el apoyo a los adultos mayores de 65 a\u00f1os y m\u00e1s\u201d, resalt\u00f3.<\/p>\n<p>Destac\u00f3 que el segundo compromiso es el seguro de desempleo, para aquellos que teniendo un empleo formal y que llegaran a perderlo, puedan tener un seguro en tanto obtienen un nuevo trabajo.<\/p>\n<p>De igual manera, record\u00f3 el mandatario, el seguro para las madres de familia que aplica su gobierno.<\/p>\n<p>Insisti\u00f3 que estar en esta comunidad ind\u00edgena, lleva a \u201crecordarnos todos los d\u00edas que nuestro pa\u00eds es un mosaico de distintas realidades y que la tarea de este gobierno est\u00e1 orientada fundamentalmente a lograr que el desarrollo y el progreso se extienda y beneficie a m\u00e1s mexicanos.<\/p>\n<p>Resalt\u00f3 tambi\u00e9n el programa Oportunidades, que beneficia a 6.5 millones de familias del pa\u00eds, en condici\u00f3n de rezago y pobreza.<\/p>\n<p>En su primer a\u00f1o de gobierno, casi 400 mil familias se han incorporado al programa Oportunidades.<\/p>\n","protected":false},"excerpt":{"rendered":"<p>Luego de inaugurar la carretera Mezquital-Huazamota y entregar apoyos a ind\u00edgenas, el presidente Enrique Pe\u00f1a Nieto se\u00f1al\u00f3 que las acciones de su administraci\u00f3n van encaminadas a \u201clograr que la condici\u00f3n de pobreza y rezago se puedan cambiar\u201d. Afirm\u00f3 que con la nueva carretera se permitir\u00e1 acercar productos y servicio<\/p>\n","protected":false},"author":1,"featured_media":155724,"comment_status":"open","ping_status":"open","sticky":false,"template":"","format":"standard","meta":{"_monsterinsights_skip_tracking":false,"_monsterinsights_sitenote_active":false,"_monsterinsights_sitenote_note":"","_monsterinsights_sitenote_category":0,"footnotes":""},"categories":[17,3],"tags":[18,43673,1238],"class_list":["post-155723","post","type-post","status-publish","format-standard","has-post-thumbnail","hentry","category-especiales","category-nacional","tag-enrique-pena-nieto","tag-nacional","tag-presidencia-de-la-republica"],"_links":{"self":[{"href":"https:\/\/www.diarioimagen.net\/index.php?rest_route=\/wp\/v2\/posts\/155723","targetHints":{"allow":["GET"]}}],"collection":[{"href":"https:\/\/www.diarioimagen.net\/index.php?rest_route=\/wp\/v2\/posts"}],"about":[{"href":"https:\/\/www.diarioimagen.net\/index.php?rest_route=\/wp\/v2\/types\/post"}],"author":[{"embeddable":true,"href":"https:\/\/www.diarioimagen.net\/index.php?rest_route=\/wp\/v2\/users\/1"}],"replies":[{"embeddable":true,"href":"https:\/\/www.diarioimagen.net\/index.php?rest_route=%2Fwp%2Fv2%2Fcomments&post=155723"}],"version-history":[{"count":0,"href":"https:\/\/www.diarioimagen.net\/index.php?rest_route=\/wp\/v2\/posts\/155723\/revisions"}],"wp:featuredmedia":[{"embeddable":true,"href":"https:\/\/www.diarioimagen.net\/index.php?rest_route=\/wp\/v2\/media\/155724"}],"wp:attachment":[{"href":"https:\/\/www.diarioimagen.net\/index.php?rest_route=%2Fwp%2Fv2%2Fmedia&parent=155723"}],"wp:term":[{"taxonomy":"category","embeddable":true,"href":"https:\/\/www.diarioimagen.net\/index.php?rest_route=%2Fwp%2Fv2%2Fcategories&post=155723"},{"taxonomy":"post_tag","embeddable":true,"href":"https:\/\/www.diarioimagen.net\/index.php?rest_route=%2Fwp%2Fv2%2Ftags&post=155723"}],"curies":[{"name":"wp","href":"https:\/\/api.w.org\/{rel}","templated":true}]}}