{"id":155726,"date":"2013-12-03T00:08:29","date_gmt":"2013-12-03T06:08:29","guid":{"rendered":"http:\/\/www.diarioimagen.net\/?p=155726"},"modified":"2013-12-03T05:43:15","modified_gmt":"2013-12-03T11:43:15","slug":"se-presenta-el-libro-nishizawa-en-la-fil-guadalajara","status":"publish","type":"post","link":"https:\/\/www.diarioimagen.net\/?p=155726","title":{"rendered":"Se presenta el libro <em>Nishizawa<\/em> en la FIL Guadalajara"},"content":{"rendered":"<ul>\n<li><strong><i>Oscar de la Borbolla dict\u00f3 la Conferencia El amor por la lectura.<\/i><\/strong><\/li>\n<\/ul>\n<div id=\"attachment_155727\" style=\"width: 250px\" class=\"wp-caption alignleft\"><a href=\"http:\/\/www.diarioimagen.net\/wp-content\/uploads\/2013\/12\/nishizawa-2242.jpg\"><img loading=\"lazy\" decoding=\"async\" aria-describedby=\"caption-attachment-155727\" class=\"size-medium wp-image-155727\" alt=\"En el pabell\u00f3n mexiquense, \u00d3scar de la Borbolla dict\u00f3 la conferencia El amor por la lectura.\" src=\"http:\/\/www.diarioimagen.net\/wp-content\/uploads\/2013\/12\/nishizawa-2242-240x135.jpg\" width=\"240\" height=\"135\" srcset=\"https:\/\/www.diarioimagen.net\/wp-content\/uploads\/2013\/12\/nishizawa-2242-240x135.jpg 240w, https:\/\/www.diarioimagen.net\/wp-content\/uploads\/2013\/12\/nishizawa-2242-420x236.jpg 420w, https:\/\/www.diarioimagen.net\/wp-content\/uploads\/2013\/12\/nishizawa-2242-235x132.jpg 235w, https:\/\/www.diarioimagen.net\/wp-content\/uploads\/2013\/12\/nishizawa-2242-202x114.jpg 202w, https:\/\/www.diarioimagen.net\/wp-content\/uploads\/2013\/12\/nishizawa-2242-350x196.jpg 350w, https:\/\/www.diarioimagen.net\/wp-content\/uploads\/2013\/12\/nishizawa-2242-220x123.jpg 220w, https:\/\/www.diarioimagen.net\/wp-content\/uploads\/2013\/12\/nishizawa-2242-237x132.jpg 237w, https:\/\/www.diarioimagen.net\/wp-content\/uploads\/2013\/12\/nishizawa-2242.jpg 480w\" sizes=\"auto, (max-width: 240px) 100vw, 240px\" \/><\/a><p id=\"caption-attachment-155727\" class=\"wp-caption-text\">En el pabell\u00f3n mexiquense, \u00d3scar de la Borbolla dict\u00f3 la conferencia <em>El amor por la lectura<\/em>.<\/p><\/div>\n<p><b>Guadalajara, Jal.-<\/b> Durante las actividades que se realizan en el recinto mexiquense, como parte de la Feria Internacional del Libro de Guadalajara 2013, se present\u00f3 el libro <i>Nishizawa<\/i>, obra en la que se muestra parte de la historia de un artista de desmedidos alcances, acompa\u00f1ada de valiosos ensayos firmados por reconocidos estudiosos de sus obras.<\/p>\n<p>De esta forma, dos de sus compiladores Margarita Garc\u00eda Luna, directora del Museo-Taller que lleva el nombre del destacado artista mexiquense y Jaime Labastida, director de la Editorial Siglo XXI, expusieron parte de la vida y obra del artista Luis Nishizawa, contenida en el libro.<\/p>\n<p>El maestro Nishizawa ocupa un lugar preponderante dentro del arte en M\u00e9xico y ha recibido m\u00faltiples premios y reconocimientos como los t\u00edtulos de maestro em\u00e9rito y Doctor Honoris Causa de la Universidad Nacional Aut\u00f3noma de M\u00e9xico (UNAM) y el Premio Nacional de Artes; el gobierno de Jap\u00f3n lo condecor\u00f3 <i>Tesoro sagrado del drag\u00f3n<\/i>, y tambi\u00e9n es miembro de n\u00famero de la Academia de Artes y creador art\u00edstico del Consejo Nacional para la Cultura y las Artes.<\/p>\n<p>Los investigadores Gonzalo Mar\u00eda V\u00e9lez, Mar\u00eda Elisa Garc\u00eda Barrag\u00e1n, Ingrid Collette Suckaer, Jos\u00e9 de Jes\u00fas Mart\u00ednez, Juan Rafael Coronel y Blanca Mar\u00eda Gonz\u00e1lez, tambi\u00e9n participaron en la compilaci\u00f3n de la obra.<\/p>\n<p>En el pabell\u00f3n mexiquense, \u00d3scar de la Borbolla dict\u00f3 la conferencia <i>El amor por la lectura<\/i>, donde comparti\u00f3 las razones por las que se debe leer, pues al hacerlo descubrimos palabras perfectamente colocadas en un contexto que nos permite entender su significado y nos\u00a0 apropiamos de ellas sin darnos cuenta.<\/p>\n<p>Dijo que la lectura nos vuelve m\u00e1s competitivos; ser lector es tener buen verbo que tambi\u00e9n sirve para seducir, as\u00ed, cuando nos apropiamos la memoria de la vida personal, es cuando nos volvemos humanos.<\/p>\n<p>Oscar de la Borbolla es un fil\u00f3sofo, ensayista, narrador, poeta y conferencista mexicano. Obtuvo el grado de maestro en Filosof\u00eda en la UNAM y el doctorado en la Universidad Complutense de Madrid, y fue becado por el Instituto de Cooperaci\u00f3n Iberoamericana. Profesor de Filosof\u00eda en la FES-Acatl\u00e1n de la UNAM, titular en el \u00e1rea de Metaf\u00edsica y Ontolog\u00eda; maestro en la Escuela de Escritores de la SOGEM.<\/p>\n","protected":false},"excerpt":{"rendered":"<p>Durante las actividades que se realizan en el recinto mexiquense, como parte de la Feria Internacional del Libro de Guadalajara 2013, se present\u00f3 el libro Nishizawa, obra en la que se muestra parte de la historia de un artista de desmedidos alcances, acompa\u00f1ada de valiosos ensayos firmados por reconocidos estudiosos de sus obras.<\/p>\n","protected":false},"author":1,"featured_media":155727,"comment_status":"open","ping_status":"open","sticky":false,"template":"","format":"standard","meta":{"_monsterinsights_skip_tracking":false,"_monsterinsights_sitenote_active":false,"_monsterinsights_sitenote_note":"","_monsterinsights_sitenote_category":0,"footnotes":""},"categories":[5],"tags":[43675],"class_list":["post-155726","post","type-post","status-publish","format-standard","has-post-thumbnail","hentry","category-estado-de-mexico","tag-estado-de-mexico"],"_links":{"self":[{"href":"https:\/\/www.diarioimagen.net\/index.php?rest_route=\/wp\/v2\/posts\/155726","targetHints":{"allow":["GET"]}}],"collection":[{"href":"https:\/\/www.diarioimagen.net\/index.php?rest_route=\/wp\/v2\/posts"}],"about":[{"href":"https:\/\/www.diarioimagen.net\/index.php?rest_route=\/wp\/v2\/types\/post"}],"author":[{"embeddable":true,"href":"https:\/\/www.diarioimagen.net\/index.php?rest_route=\/wp\/v2\/users\/1"}],"replies":[{"embeddable":true,"href":"https:\/\/www.diarioimagen.net\/index.php?rest_route=%2Fwp%2Fv2%2Fcomments&post=155726"}],"version-history":[{"count":0,"href":"https:\/\/www.diarioimagen.net\/index.php?rest_route=\/wp\/v2\/posts\/155726\/revisions"}],"wp:featuredmedia":[{"embeddable":true,"href":"https:\/\/www.diarioimagen.net\/index.php?rest_route=\/wp\/v2\/media\/155727"}],"wp:attachment":[{"href":"https:\/\/www.diarioimagen.net\/index.php?rest_route=%2Fwp%2Fv2%2Fmedia&parent=155726"}],"wp:term":[{"taxonomy":"category","embeddable":true,"href":"https:\/\/www.diarioimagen.net\/index.php?rest_route=%2Fwp%2Fv2%2Fcategories&post=155726"},{"taxonomy":"post_tag","embeddable":true,"href":"https:\/\/www.diarioimagen.net\/index.php?rest_route=%2Fwp%2Fv2%2Ftags&post=155726"}],"curies":[{"name":"wp","href":"https:\/\/api.w.org\/{rel}","templated":true}]}}