{"id":155773,"date":"2013-12-03T12:25:51","date_gmt":"2013-12-03T18:25:51","guid":{"rendered":"http:\/\/www.diarioimagen.net\/?p=155773"},"modified":"2013-12-04T08:04:44","modified_gmt":"2013-12-04T14:04:44","slug":"discuten-cambios-de-ultimo-momento-al-dictamen-de-la-reforma-politica","status":"publish","type":"post","link":"https:\/\/www.diarioimagen.net\/?p=155773","title":{"rendered":"Discuten cambios de \u00faltimo momento al dictamen de la reforma pol\u00edtica"},"content":{"rendered":"<ul>\n<li><em><strong>Saldr\u00e1 la reforma energ\u00e9tica, no obstante el cerco de opositores al Senado, anticipa el legislador pri\u00edsta Miguel \u00c1ngel Chico<\/strong><\/em><\/li>\n<\/ul>\n<div id=\"attachment_155774\" style=\"width: 250px\" class=\"wp-caption alignleft\"><img loading=\"lazy\" decoding=\"async\" aria-describedby=\"caption-attachment-155774\" class=\"size-medium wp-image-155774\" alt=\"Aunado a ello, el senador resalt\u00f3 que tanto el tema de la reelecci\u00f3n como la constituci\u00f3n del nuevo Instituto Nacional de Elecciones, la independencia del Coneval y las modificaciones para que el futuro canciller lo ratifique el Senado y el secretario de Hacienda la C\u00e1mara de Diputados, constituyen un parte aguas en la historia pol\u00edtica de la naci\u00f3n.\" src=\"http:\/\/www.diarioimagen.net\/wp-content\/uploads\/2013\/12\/CAMBIO-portal-240x135.jpg\" width=\"240\" height=\"135\" srcset=\"https:\/\/www.diarioimagen.net\/wp-content\/uploads\/2013\/12\/CAMBIO-portal-240x135.jpg 240w, https:\/\/www.diarioimagen.net\/wp-content\/uploads\/2013\/12\/CAMBIO-portal-420x236.jpg 420w, https:\/\/www.diarioimagen.net\/wp-content\/uploads\/2013\/12\/CAMBIO-portal-235x132.jpg 235w, https:\/\/www.diarioimagen.net\/wp-content\/uploads\/2013\/12\/CAMBIO-portal-202x114.jpg 202w, https:\/\/www.diarioimagen.net\/wp-content\/uploads\/2013\/12\/CAMBIO-portal-350x196.jpg 350w, https:\/\/www.diarioimagen.net\/wp-content\/uploads\/2013\/12\/CAMBIO-portal-220x123.jpg 220w, https:\/\/www.diarioimagen.net\/wp-content\/uploads\/2013\/12\/CAMBIO-portal-237x132.jpg 237w, https:\/\/www.diarioimagen.net\/wp-content\/uploads\/2013\/12\/CAMBIO-portal.jpg 480w\" sizes=\"auto, (max-width: 240px) 100vw, 240px\" \/><p id=\"caption-attachment-155774\" class=\"wp-caption-text\">Aunado a ello, el senador resalt\u00f3 que tanto el tema de la reelecci\u00f3n como la constituci\u00f3n del nuevo Instituto Nacional de Elecciones, la independencia del Coneval y las modificaciones para que el futuro canciller lo ratifique el Senado y el secretario de Hacienda la C\u00e1mara de Diputados, constituyen un parte aguas en la historia pol\u00edtica de la naci\u00f3n.<\/p><\/div>\n<p>A las 9:30 horas de este martes se inici\u00f3 la reuni\u00f3n final de presidentes de Comisiones Unidas de Gobernaci\u00f3n, Puntos Constitucionales, Estudios Legislativos Segunda y Reforma del Estado del Senado, para hacer cambios \u201cde forma y de fondo\u201d a siete temas torales de la reforma pol\u00edtica, en especial la constitucionalidad de la reelecci\u00f3n de diputados federales y locales, as\u00ed como de los alcaldes, anticip\u00f3 Miguel \u00c1ngel Chico Herrera, presidente de esta \u00faltima comisi\u00f3n.<\/p>\n<p>Saldr\u00e1 en tiempo y forma esta reforma y de aqu\u00ed nos vamos a la energ\u00e9tica. En el Senado, estamos echados para delante\u201d, declar\u00f3 el legislador pri\u00edsta, quien explic\u00f3 que no obstante el cerco de opositores a la reforma energ\u00e9tica, \u00e9sta saldr\u00e1 \u201cpara beneficio econ\u00f3mico y social de los mexicanos\u201d.<\/p>\n<p>Asimismo, asegur\u00f3 que los senadores est\u00e1n dispuestos a pernoctar en la C\u00e1mara Alta para sacar la reforma energ\u00e9tica<\/p>\n<p>Visiblemente desvelado \u2013termin\u00f3 la aprobaci\u00f3n de los avances de la reforma pol\u00edtico electoral a las 3 de la ma\u00f1ana de este martes\u2013, Chico Herrera confi\u00f3 adem\u00e1s en que este mediod\u00eda, ya en el pleno, los perredistas vuelvan a incorporarse a la discusi\u00f3n y enriquecimiento de la reforma pol\u00edtico-electoral, \u201cporque ellos tambi\u00e9n tienen mucho que aportarnos\u201d, dijo.<\/p>\n","protected":false},"excerpt":{"rendered":"<p>A las 9:30 horas de este martes se inici\u00f3 la reuni\u00f3n final de presidentes de Comisiones Unidas de Gobernaci\u00f3n, Puntos Constitucionales, Estudios Legislativos Segunda y Reforma del Estado del Senado, para hacer cambios \u201cde forma y de fondo\u201d a siete temas torales de la reforma pol\u00edtica, en especial la constitucionalidad de la reelecci\u00f3n de diputados federales y locales, as\u00ed como de los alcaldes, anticip\u00f3 Miguel \u00c1ngel Chico Herrera, presidente de esta \u00faltima comisi\u00f3n.<\/p>\n","protected":false},"author":5,"featured_media":155774,"comment_status":"open","ping_status":"open","sticky":false,"template":"","format":"standard","meta":{"_monsterinsights_skip_tracking":false,"_monsterinsights_sitenote_active":false,"_monsterinsights_sitenote_note":"","_monsterinsights_sitenote_category":0,"footnotes":""},"categories":[3],"tags":[],"class_list":["post-155773","post","type-post","status-publish","format-standard","has-post-thumbnail","hentry","category-nacional"],"_links":{"self":[{"href":"https:\/\/www.diarioimagen.net\/index.php?rest_route=\/wp\/v2\/posts\/155773","targetHints":{"allow":["GET"]}}],"collection":[{"href":"https:\/\/www.diarioimagen.net\/index.php?rest_route=\/wp\/v2\/posts"}],"about":[{"href":"https:\/\/www.diarioimagen.net\/index.php?rest_route=\/wp\/v2\/types\/post"}],"author":[{"embeddable":true,"href":"https:\/\/www.diarioimagen.net\/index.php?rest_route=\/wp\/v2\/users\/5"}],"replies":[{"embeddable":true,"href":"https:\/\/www.diarioimagen.net\/index.php?rest_route=%2Fwp%2Fv2%2Fcomments&post=155773"}],"version-history":[{"count":0,"href":"https:\/\/www.diarioimagen.net\/index.php?rest_route=\/wp\/v2\/posts\/155773\/revisions"}],"wp:featuredmedia":[{"embeddable":true,"href":"https:\/\/www.diarioimagen.net\/index.php?rest_route=\/wp\/v2\/media\/155774"}],"wp:attachment":[{"href":"https:\/\/www.diarioimagen.net\/index.php?rest_route=%2Fwp%2Fv2%2Fmedia&parent=155773"}],"wp:term":[{"taxonomy":"category","embeddable":true,"href":"https:\/\/www.diarioimagen.net\/index.php?rest_route=%2Fwp%2Fv2%2Fcategories&post=155773"},{"taxonomy":"post_tag","embeddable":true,"href":"https:\/\/www.diarioimagen.net\/index.php?rest_route=%2Fwp%2Fv2%2Ftags&post=155773"}],"curies":[{"name":"wp","href":"https:\/\/api.w.org\/{rel}","templated":true}]}}