{"id":155779,"date":"2013-12-03T12:33:59","date_gmt":"2013-12-03T18:33:59","guid":{"rendered":"http:\/\/www.diarioimagen.net\/?p=155779"},"modified":"2013-12-04T08:04:53","modified_gmt":"2013-12-04T14:04:53","slug":"reportan-que-andres-manuel-lopez-obrador-ingreso-a-hospital","status":"publish","type":"post","link":"https:\/\/www.diarioimagen.net\/?p=155779","title":{"rendered":"Reportan que Andr\u00e9s Manuel L\u00f3pez Obrador ingres\u00f3 a hospital"},"content":{"rendered":"<ul>\n<li><em><strong>De acuerdo a reportes en portales informativos y redes sociales, L\u00f3pez Obrador ingres\u00f3 a la unidad coronaria del hospital M\u00e9dica Sur; aunque oficialmente nadie lo ha confirmado<\/strong><\/em><\/li>\n<\/ul>\n<div id=\"attachment_155780\" style=\"width: 250px\" class=\"wp-caption alignleft\"><img loading=\"lazy\" decoding=\"async\" aria-describedby=\"caption-attachment-155780\" class=\"size-medium wp-image-155780\" alt=\"Se maneja la versi\u00f3n de que fue el mismo C\u00e9sar Y\u00e1\u00f1ez, vocero de AMLO, quien confirmar\u00eda el ingreso, y que habr\u00e1 una conferencia de prensa a las 14:00 horas con la presencia de m\u00e9dicos y familiares.\" src=\"http:\/\/www.diarioimagen.net\/wp-content\/uploads\/2013\/12\/obrador-portal-240x135.jpg\" width=\"240\" height=\"135\" srcset=\"https:\/\/www.diarioimagen.net\/wp-content\/uploads\/2013\/12\/obrador-portal-240x135.jpg 240w, https:\/\/www.diarioimagen.net\/wp-content\/uploads\/2013\/12\/obrador-portal-420x236.jpg 420w, https:\/\/www.diarioimagen.net\/wp-content\/uploads\/2013\/12\/obrador-portal-235x132.jpg 235w, https:\/\/www.diarioimagen.net\/wp-content\/uploads\/2013\/12\/obrador-portal-202x114.jpg 202w, https:\/\/www.diarioimagen.net\/wp-content\/uploads\/2013\/12\/obrador-portal-350x196.jpg 350w, https:\/\/www.diarioimagen.net\/wp-content\/uploads\/2013\/12\/obrador-portal-220x123.jpg 220w, https:\/\/www.diarioimagen.net\/wp-content\/uploads\/2013\/12\/obrador-portal-237x132.jpg 237w, https:\/\/www.diarioimagen.net\/wp-content\/uploads\/2013\/12\/obrador-portal.jpg 480w\" sizes=\"auto, (max-width: 240px) 100vw, 240px\" \/><p id=\"caption-attachment-155780\" class=\"wp-caption-text\">Se maneja la versi\u00f3n de que fue el mismo C\u00e9sar Y\u00e1\u00f1ez, vocero de AMLO, quien confirmar\u00eda el ingreso, y que habr\u00e1 una conferencia de prensa a las 14:00 horas con la presencia de m\u00e9dicos y familiares.<\/p><\/div>\n<p>De acuerdo con reportes en portales informativos y redes sociales, Andr\u00e9s Manuel L\u00f3pez Obrador ingres\u00f3 a la unidad coronaria del hospital M\u00e9dica Sur; aunque oficialmente nadie lo ha confirmado.<\/p>\n<p>AMLO habr\u00eda ingresado al nosocomio a las 2:30 horas.<\/p>\n<p>Jes\u00fas Zambrano, el l\u00edder nacional del PRD, ni confirm\u00f3 ni desminti\u00f3: \u00abYo s\u00e9 la misma versi\u00f3n que ustedes\u00bb, manifest\u00f3, en tanto que Alejandro Encinas, senador perredista, coment\u00f3 que no le pas\u00f3 nada a L\u00f3pez Obrador.<\/p>\n<p>Ricardo Monreal, senador de Movimiento Ciudadano, en su cuenta de Twitter @RicardoMonrealA comunic\u00f3 que: \u00abEn torno a las especulaciones sobre la salud de AMLO. Podemos confirmar que se encuentra bien. M\u00e1s tarde se dar\u00e1 informaci\u00f3n\u00bb.<\/p>\n","protected":false},"excerpt":{"rendered":"<p>De acuerdo con reportes en portales informativos y redes sociales, Andr\u00e9s Manuel L\u00f3pez Obrador ingres\u00f3 a la unidad coronaria del hospital M\u00e9dica Sur; aunque oficialmente nadie lo ha confirmado.<\/p>\n","protected":false},"author":5,"featured_media":155780,"comment_status":"open","ping_status":"open","sticky":false,"template":"","format":"standard","meta":{"_monsterinsights_skip_tracking":false,"_monsterinsights_sitenote_active":false,"_monsterinsights_sitenote_note":"","_monsterinsights_sitenote_category":0,"footnotes":""},"categories":[3],"tags":[],"class_list":["post-155779","post","type-post","status-publish","format-standard","has-post-thumbnail","hentry","category-nacional"],"_links":{"self":[{"href":"https:\/\/www.diarioimagen.net\/index.php?rest_route=\/wp\/v2\/posts\/155779","targetHints":{"allow":["GET"]}}],"collection":[{"href":"https:\/\/www.diarioimagen.net\/index.php?rest_route=\/wp\/v2\/posts"}],"about":[{"href":"https:\/\/www.diarioimagen.net\/index.php?rest_route=\/wp\/v2\/types\/post"}],"author":[{"embeddable":true,"href":"https:\/\/www.diarioimagen.net\/index.php?rest_route=\/wp\/v2\/users\/5"}],"replies":[{"embeddable":true,"href":"https:\/\/www.diarioimagen.net\/index.php?rest_route=%2Fwp%2Fv2%2Fcomments&post=155779"}],"version-history":[{"count":0,"href":"https:\/\/www.diarioimagen.net\/index.php?rest_route=\/wp\/v2\/posts\/155779\/revisions"}],"wp:featuredmedia":[{"embeddable":true,"href":"https:\/\/www.diarioimagen.net\/index.php?rest_route=\/wp\/v2\/media\/155780"}],"wp:attachment":[{"href":"https:\/\/www.diarioimagen.net\/index.php?rest_route=%2Fwp%2Fv2%2Fmedia&parent=155779"}],"wp:term":[{"taxonomy":"category","embeddable":true,"href":"https:\/\/www.diarioimagen.net\/index.php?rest_route=%2Fwp%2Fv2%2Fcategories&post=155779"},{"taxonomy":"post_tag","embeddable":true,"href":"https:\/\/www.diarioimagen.net\/index.php?rest_route=%2Fwp%2Fv2%2Ftags&post=155779"}],"curies":[{"name":"wp","href":"https:\/\/api.w.org\/{rel}","templated":true}]}}