{"id":155887,"date":"2013-12-04T12:13:39","date_gmt":"2013-12-04T18:13:39","guid":{"rendered":"http:\/\/www.diarioimagen.net\/?p=155887"},"modified":"2013-12-05T03:20:44","modified_gmt":"2013-12-05T09:20:44","slug":"senado-avala-reeleccion-ine-gobiernos-de-coalicion-y-nulidad-electoral","status":"publish","type":"post","link":"https:\/\/www.diarioimagen.net\/?p=155887","title":{"rendered":"Senado avala reelecci\u00f3n, INE, gobiernos de coalici\u00f3n y nulidad electoral"},"content":{"rendered":"<ul>\n<li><em><strong>Aprueban la reforma pol\u00edtica y la turnan a la C\u00e1mara de Diputados. Se considera la transformaci\u00f3n de PGR en una fiscal\u00eda aut\u00f3noma<\/strong><\/em><\/li>\n<\/ul>\n<div id=\"attachment_155888\" style=\"width: 250px\" class=\"wp-caption alignleft\"><img loading=\"lazy\" decoding=\"async\" aria-describedby=\"caption-attachment-155888\" class=\"size-medium wp-image-155888\" alt=\"Tambi\u00e9n se sugiere que la organizaci\u00f3n de las elecciones debe ser una funci\u00f3n estatal que se realice a trav\u00e9s del INE y de los organismos p\u00fablicos locales. \" src=\"http:\/\/www.diarioimagen.net\/wp-content\/uploads\/2013\/12\/SENADO-PORTAL1-240x135.jpg\" width=\"240\" height=\"135\" srcset=\"https:\/\/www.diarioimagen.net\/wp-content\/uploads\/2013\/12\/SENADO-PORTAL1-240x135.jpg 240w, https:\/\/www.diarioimagen.net\/wp-content\/uploads\/2013\/12\/SENADO-PORTAL1-420x236.jpg 420w, https:\/\/www.diarioimagen.net\/wp-content\/uploads\/2013\/12\/SENADO-PORTAL1-235x132.jpg 235w, https:\/\/www.diarioimagen.net\/wp-content\/uploads\/2013\/12\/SENADO-PORTAL1-202x114.jpg 202w, https:\/\/www.diarioimagen.net\/wp-content\/uploads\/2013\/12\/SENADO-PORTAL1-350x196.jpg 350w, https:\/\/www.diarioimagen.net\/wp-content\/uploads\/2013\/12\/SENADO-PORTAL1-220x123.jpg 220w, https:\/\/www.diarioimagen.net\/wp-content\/uploads\/2013\/12\/SENADO-PORTAL1-237x132.jpg 237w, https:\/\/www.diarioimagen.net\/wp-content\/uploads\/2013\/12\/SENADO-PORTAL1.jpg 480w\" sizes=\"auto, (max-width: 240px) 100vw, 240px\" \/><p id=\"caption-attachment-155888\" class=\"wp-caption-text\">Tambi\u00e9n se sugiere que la organizaci\u00f3n de las elecciones debe ser una funci\u00f3n estatal que se realice a trav\u00e9s del INE y de los organismos p\u00fablicos locales.<\/p><\/div>\n<p>El pleno del Senado de la Rep\u00fablica turn\u00f3 a la C\u00e1mara de Diputados la minuta de reforma pol\u00edtico-electoral, luego de que esta madrugada fue aprobada en lo general y en lo particular, en medio de un debate de 10 horas.<\/p>\n<p>El dictamen incluye modificaciones constitucionales para la creaci\u00f3n del Instituto Nacional Electoral (INE), como autoridad en la materia, \u201cindependiente en sus decisiones, funcionamiento y profesional en su desempe\u00f1o\u201d.<\/p>\n<p>Dicho instituto contar\u00e1 en su estructura con \u00f3rganos de direcci\u00f3n, ejecutivos, t\u00e9cnicos y de vigilancia, un Consejo General conformado por un presidente y 10 consejeros electorales.<\/p>\n<p>Se prev\u00e9 que el nuevo organismo podr\u00e1 imponer, entre otras medidas cautelares, la orden de suspender o cancelar de manera inmediata las transmisiones en radio y televisi\u00f3n.<\/p>\n","protected":false},"excerpt":{"rendered":"<p>El pleno del Senado de la Rep\u00fablica turn\u00f3 a la C\u00e1mara de Diputados la minuta de reforma pol\u00edtico-electoral, luego de que esta madrugada fue aprobada en lo general y en lo particular, en medio de un debate de 10 horas.<\/p>\n","protected":false},"author":5,"featured_media":155888,"comment_status":"open","ping_status":"open","sticky":false,"template":"","format":"standard","meta":{"_monsterinsights_skip_tracking":false,"_monsterinsights_sitenote_active":false,"_monsterinsights_sitenote_note":"","_monsterinsights_sitenote_category":0,"footnotes":""},"categories":[17,3],"tags":[29347,1409],"class_list":["post-155887","post","type-post","status-publish","format-standard","has-post-thumbnail","hentry","category-especiales","category-nacional","tag-ine","tag-senado"],"_links":{"self":[{"href":"https:\/\/www.diarioimagen.net\/index.php?rest_route=\/wp\/v2\/posts\/155887","targetHints":{"allow":["GET"]}}],"collection":[{"href":"https:\/\/www.diarioimagen.net\/index.php?rest_route=\/wp\/v2\/posts"}],"about":[{"href":"https:\/\/www.diarioimagen.net\/index.php?rest_route=\/wp\/v2\/types\/post"}],"author":[{"embeddable":true,"href":"https:\/\/www.diarioimagen.net\/index.php?rest_route=\/wp\/v2\/users\/5"}],"replies":[{"embeddable":true,"href":"https:\/\/www.diarioimagen.net\/index.php?rest_route=%2Fwp%2Fv2%2Fcomments&post=155887"}],"version-history":[{"count":0,"href":"https:\/\/www.diarioimagen.net\/index.php?rest_route=\/wp\/v2\/posts\/155887\/revisions"}],"wp:featuredmedia":[{"embeddable":true,"href":"https:\/\/www.diarioimagen.net\/index.php?rest_route=\/wp\/v2\/media\/155888"}],"wp:attachment":[{"href":"https:\/\/www.diarioimagen.net\/index.php?rest_route=%2Fwp%2Fv2%2Fmedia&parent=155887"}],"wp:term":[{"taxonomy":"category","embeddable":true,"href":"https:\/\/www.diarioimagen.net\/index.php?rest_route=%2Fwp%2Fv2%2Fcategories&post=155887"},{"taxonomy":"post_tag","embeddable":true,"href":"https:\/\/www.diarioimagen.net\/index.php?rest_route=%2Fwp%2Fv2%2Ftags&post=155887"}],"curies":[{"name":"wp","href":"https:\/\/api.w.org\/{rel}","templated":true}]}}