{"id":155905,"date":"2013-12-05T00:02:48","date_gmt":"2013-12-05T06:02:48","guid":{"rendered":"http:\/\/www.diarioimagen.net\/?p=155905"},"modified":"2013-12-06T05:58:51","modified_gmt":"2013-12-06T11:58:51","slug":"no-se-aprobara-reforma-politica-al-vapor-anaya","status":"publish","type":"post","link":"https:\/\/www.diarioimagen.net\/?p=155905","title":{"rendered":"No se aprobar\u00e1 reforma pol\u00edtica al vapor: Anaya"},"content":{"rendered":"<ul>\n<li><em><strong>Hay dos v\u00edas: turnar el proyecto que envi\u00f3 el Senado a comisiones o discutirlo hoy en el pleno, se\u00f1al\u00f3<\/strong><\/em><\/li>\n<\/ul>\n<div id=\"attachment_155906\" style=\"width: 250px\" class=\"wp-caption alignleft\"><img loading=\"lazy\" decoding=\"async\" aria-describedby=\"caption-attachment-155906\" class=\"size-medium wp-image-155906 \" alt=\"Presidente de la C\u00e1mara de Diputados, el panista Ricardo Anaya, \" src=\"http:\/\/www.diarioimagen.net\/wp-content\/uploads\/2013\/12\/ANAYA-PORTAL-240x135.jpg\" width=\"240\" height=\"135\" srcset=\"https:\/\/www.diarioimagen.net\/wp-content\/uploads\/2013\/12\/ANAYA-PORTAL-240x135.jpg 240w, https:\/\/www.diarioimagen.net\/wp-content\/uploads\/2013\/12\/ANAYA-PORTAL-420x236.jpg 420w, https:\/\/www.diarioimagen.net\/wp-content\/uploads\/2013\/12\/ANAYA-PORTAL-235x132.jpg 235w, https:\/\/www.diarioimagen.net\/wp-content\/uploads\/2013\/12\/ANAYA-PORTAL-202x114.jpg 202w, https:\/\/www.diarioimagen.net\/wp-content\/uploads\/2013\/12\/ANAYA-PORTAL-350x196.jpg 350w, https:\/\/www.diarioimagen.net\/wp-content\/uploads\/2013\/12\/ANAYA-PORTAL-220x123.jpg 220w, https:\/\/www.diarioimagen.net\/wp-content\/uploads\/2013\/12\/ANAYA-PORTAL-237x132.jpg 237w, https:\/\/www.diarioimagen.net\/wp-content\/uploads\/2013\/12\/ANAYA-PORTAL.jpg 480w\" sizes=\"auto, (max-width: 240px) 100vw, 240px\" \/><p id=\"caption-attachment-155906\" class=\"wp-caption-text\">El presidente de la mesa directiva de la C\u00e1mara de Diputados, Ricardo Anaya, asegur\u00f3 que la reforma pol\u00edtica no se legislar\u00e1 al vapor.<\/p><\/div>\n<p>El presidente de la C\u00e1mara de Diputados, el panista Ricardo Anaya, asegur\u00f3 que la reforma pol\u00edtica electoral aprobada por el Senado no iba a ser tratada al vapor en San L\u00e1zaro.<\/p>\n<p>El legislador sostuvo que, una vez recibida la minuta proveniente del Senado de la Rep\u00fablica, los diputados federales iban a decidir si el proyecto era turnado a comisiones para su dictamen o, en su caso, se le dispensan todos los tr\u00e1mites para discutirla este jueves en el pleno.<\/p>\n<p>Fue por ello que descart\u00f3 la aprobaci\u00f3n de esa reforma durante la sesi\u00f3n ordinaria de ayer mi\u00e9rcoles. \u201cCon toda claridad, el d\u00eda de hoy no vamos a discutir y votar al vapor algo que no conocen a plenitud las diputadas y los diputados; una vez que recibamos la minuta, optaremos por uno de dos caminos, ambos absolutamente legales: el primero ser\u00eda turnarla a comisi\u00f3n y la segunda alternativa que nos da la ley es dispensarle tr\u00e1mites. Y, en ese supuesto, yo propondr\u00eda a la asamblea discutirla y votarla en una sesi\u00f3n posterior\u201d, puntualiz\u00f3.<\/p>\n<p>En la sesi\u00f3n ordinaria, legisladores del PRD, Movimiento MC y PT exigieron a Anaya evitar cualquier violaci\u00f3n al proceso para discutir y votar la reforma pol\u00edtica electoral. Los perredistas Julio C\u00e9sar Moreno y Fernando Z\u00e1rate, el petista Manuel Huerta, as\u00ed como los de Movimiento Ciudadano Ricardo Mej\u00eda y Alfonso Durazo demandaron a la mesa directiva turnar la minuta senatorial a la Comisi\u00f3n de Puntos Constitucionales para su dictamen.<\/p>\n<p>Hasta el mediod\u00eda de ayer mi\u00e9rcoles no hab\u00edan recibido en San L\u00e1zaro la minuta aprobada durante la madrugada en el Senado de la Rep\u00fablica y que prev\u00e9, entre otros aspectos, la anulaci\u00f3n de las elecciones por rebasar en 5 por ciento el tope de gastos de campa\u00f1a; la reelecci\u00f3n de legisladores y alcaldes, y elevar de 2 a 3 por ciento el porcentaje m\u00ednimo de la votaci\u00f3n necesaria para que los partidos pol\u00edticos conserven su registro.<\/p>\n<p>El debate dur\u00f3 m\u00e1s de diez horas. El dictamen contempla modificaciones constitucionales a la creaci\u00f3n del Instituto Nacional Electoral (INE), como autoridad en la materia, \u201cindependiente en sus decisiones, funcionamiento, y profesional en su desempe\u00f1o\u201d.<\/p>\n<p>Dicho instituto contar\u00e1 en su estructura con \u00f3rganos de direcci\u00f3n, ejecutivos, t\u00e9cnicos y de vigilancia, as\u00ed como un Consejo General conformado por un presidente y 10 consejeros electorales.<\/p>\n<p>Adem\u00e1s, se prev\u00e9 que el nuevo organismo pueda imponer, entre otras medidas cautelares, la orden de suspender o cancelar de manera inmediata las transmisiones en radio y televisi\u00f3n.<\/p>\n<p>Tambi\u00e9n se sugiere que la organizaci\u00f3n de las elecciones sea una funci\u00f3n estatal que se realice a trav\u00e9s del INE y de los organismos p\u00fablicos locales. De esta manera, \u201cen las entidades federativas las elecciones locales estar\u00e1n a cargo de organismos p\u00fablicos locales en los t\u00e9rminos de esta Constituci\u00f3n\u201d.<\/p>\n","protected":false},"excerpt":{"rendered":"<p>El presidente de la C\u00e1mara de Diputados, el panista Ricardo Anaya, asegur\u00f3 que la reforma pol\u00edtica electoral aprobada por el Senado no iba a ser tratada al vapor en San L\u00e1zaro.<\/p>\n","protected":false},"author":5,"featured_media":155906,"comment_status":"open","ping_status":"open","sticky":false,"template":"","format":"standard","meta":{"_monsterinsights_skip_tracking":false,"_monsterinsights_sitenote_active":false,"_monsterinsights_sitenote_note":"","_monsterinsights_sitenote_category":0,"footnotes":""},"categories":[17,3],"tags":[98,91,1392,7347,116],"class_list":["post-155905","post","type-post","status-publish","format-standard","has-post-thumbnail","hentry","category-especiales","category-nacional","tag-camara-de-diputados","tag-pan","tag-reforma-politica","tag-ricardo-anaya-cortes","tag-senado-de-la-republica"],"_links":{"self":[{"href":"https:\/\/www.diarioimagen.net\/index.php?rest_route=\/wp\/v2\/posts\/155905","targetHints":{"allow":["GET"]}}],"collection":[{"href":"https:\/\/www.diarioimagen.net\/index.php?rest_route=\/wp\/v2\/posts"}],"about":[{"href":"https:\/\/www.diarioimagen.net\/index.php?rest_route=\/wp\/v2\/types\/post"}],"author":[{"embeddable":true,"href":"https:\/\/www.diarioimagen.net\/index.php?rest_route=\/wp\/v2\/users\/5"}],"replies":[{"embeddable":true,"href":"https:\/\/www.diarioimagen.net\/index.php?rest_route=%2Fwp%2Fv2%2Fcomments&post=155905"}],"version-history":[{"count":0,"href":"https:\/\/www.diarioimagen.net\/index.php?rest_route=\/wp\/v2\/posts\/155905\/revisions"}],"wp:featuredmedia":[{"embeddable":true,"href":"https:\/\/www.diarioimagen.net\/index.php?rest_route=\/wp\/v2\/media\/155906"}],"wp:attachment":[{"href":"https:\/\/www.diarioimagen.net\/index.php?rest_route=%2Fwp%2Fv2%2Fmedia&parent=155905"}],"wp:term":[{"taxonomy":"category","embeddable":true,"href":"https:\/\/www.diarioimagen.net\/index.php?rest_route=%2Fwp%2Fv2%2Fcategories&post=155905"},{"taxonomy":"post_tag","embeddable":true,"href":"https:\/\/www.diarioimagen.net\/index.php?rest_route=%2Fwp%2Fv2%2Ftags&post=155905"}],"curies":[{"name":"wp","href":"https:\/\/api.w.org\/{rel}","templated":true}]}}