{"id":156050,"date":"2013-12-06T00:04:53","date_gmt":"2013-12-06T06:04:53","guid":{"rendered":"http:\/\/www.diarioimagen.net\/?p=156050"},"modified":"2013-12-09T06:09:48","modified_gmt":"2013-12-09T12:09:48","slug":"fallece-mandela-a-los-95-anos-de-edad","status":"publish","type":"post","link":"https:\/\/www.diarioimagen.net\/?p=156050","title":{"rendered":"Muere Mandela, un verdadero gigante"},"content":{"rendered":"<ul>\n<li><strong><em>Profunda gratitud mundial por una vida al servicio de la causa de la humanidad<\/em><\/strong><\/li>\n<li><strong><em>Hizo m\u00e1s de lo que se espera de un hombre: Obama<\/em><\/strong><\/li>\n<\/ul>\n<div id=\"attachment_156051\" style=\"width: 250px\" class=\"wp-caption alignleft\"><img loading=\"lazy\" decoding=\"async\" aria-describedby=\"caption-attachment-156051\" class=\"size-medium wp-image-156051 \" alt=\"Mandela naci\u00f3 el 18 de julio de 1918 en un poblado de 300 habitantes conocido como Mvezo en Sud\u00e1frica\" src=\"http:\/\/www.diarioimagen.net\/wp-content\/uploads\/2013\/12\/nelson-portal-240x135.jpg\" width=\"240\" height=\"135\" srcset=\"https:\/\/www.diarioimagen.net\/wp-content\/uploads\/2013\/12\/nelson-portal-240x135.jpg 240w, https:\/\/www.diarioimagen.net\/wp-content\/uploads\/2013\/12\/nelson-portal-420x236.jpg 420w, https:\/\/www.diarioimagen.net\/wp-content\/uploads\/2013\/12\/nelson-portal-235x132.jpg 235w, https:\/\/www.diarioimagen.net\/wp-content\/uploads\/2013\/12\/nelson-portal-202x114.jpg 202w, https:\/\/www.diarioimagen.net\/wp-content\/uploads\/2013\/12\/nelson-portal-350x196.jpg 350w, https:\/\/www.diarioimagen.net\/wp-content\/uploads\/2013\/12\/nelson-portal-220x123.jpg 220w, https:\/\/www.diarioimagen.net\/wp-content\/uploads\/2013\/12\/nelson-portal-237x132.jpg 237w, https:\/\/www.diarioimagen.net\/wp-content\/uploads\/2013\/12\/nelson-portal.jpg 480w\" sizes=\"auto, (max-width: 240px) 100vw, 240px\" \/><p id=\"caption-attachment-156051\" class=\"wp-caption-text\">Nelson Mandela, un sudafricano universal, forjador de la resistencia pac\u00edfica, dijo adi\u00f3s.<\/p><\/div>\n<p>El ex presidente sudafricano Nelson Mandela muri\u00f3 ayer a los 95 a\u00f1os. El jefe de Estado, Jacob Zuma, comunic\u00f3 el deceso en un mensaje televisivo transmitido a todo el pa\u00eds, Sud\u00e1frica: \u201cNuestra naci\u00f3n ha perdido a su mayor hijo. Nelson Mandela nos uni\u00f3 y juntos nos despedimos de \u00e9l\u201d.<\/p>\n<p>Con palabras sentidas, Zuma declar\u00f3: \u201cQueridos compatriotas nuestro bien amado Nelson Rolihlahla Mandela, el presidente fundador de nuestra naci\u00f3n democr\u00e1tica, ha fallecido\u201d.<\/p>\n<p>Nelson Mandela, a\u00f1adi\u00f3, \u201cse apag\u00f3 en paz. Nuestro pueblo pierde a un padre. Nuestro querido <i>Madiba<\/i> tendr\u00e1 funerales de Estado\u201d.<\/p>\n<p>Zuma anunci\u00f3 que las banderas ser\u00e1n izadas a media asta a partir de hoy y hasta los funerales, cuya fecha no precis\u00f3. \u201cExpresemos la profunda gratitud por una vida al servicio de la gente de este pa\u00eds y de la causa de la humanidad. Es un momento de profundo dolor (&#8230;) Siempre te amaremos, <i>Madiba<\/i>\u201d, expres\u00f3 Zuma.<\/p>\n<p>El pasado 8 de junio <i>Madiba<\/i> (t\u00edtulo honor\u00edfico otorgado a Nelson por los ancianos del clan de Mandela) fue internado en el hospital de Pretoria con una grave pulmon\u00eda. Ah\u00ed fue tratado durante casi tres meses y a principios de septiembre regres\u00f3 a su casa de Johanesburgo, la capital sudafricana, donde le cuidaron 22 m\u00e9dicos.<\/p>\n<p>Su deterioro de salud fue gradual a lo largo de 2013. Durante casi 200 d\u00edas hubo expectaci\u00f3n en Sud\u00e1frica, donde la poblaci\u00f3n esperaba lo peor. Mandela es considerado un h\u00e9roe que pr\u00e1cticamente sacrific\u00f3 su vida por la total liberaci\u00f3n de su pueblo.<\/p>\n<p>El ex l\u00edder de la desobediencia civil pas\u00f3 27 a\u00f1os en la c\u00e1rcel como opositor al r\u00e9gimen del Apartheid en Sud\u00e1frica y en 1994 se convirti\u00f3 en el primer presidente negro del pa\u00eds. Durante su presidencia allan\u00f3 el camino para la paz y la reconciliaci\u00f3n de las razas en Sud\u00e1frica.<\/p>\n<p>La noticia dio r\u00e1pido la vuelta al mundo. El presidente estadunidense Barack Obama lament\u00f3 la muerte de Mandela, y destac\u00f3 que fue \u201cinfluyente, valiente y profundamente bueno. Hizo m\u00e1s que lo que se puede esperar de cualquier hombre\u201d y dese\u00f3 que su legado contin\u00fae inspirando a la humanidad.<\/p>\n<p>El secretario general de la ONU, Ban Ki-moon, calific\u00f3 al l\u00edder extinto de la lucha contra la segregaci\u00f3n racial como \u201cun gigante de la justicia\u201d. El primer ministro brit\u00e1nico, David Cameron, dijo de \u00e9l que \u201cuna gran luz se ha apagado en el mundo. Era una leyenda en vida y ahora en la muerte, un h\u00e9roe del mundo\u201d.<\/p>\n<p>En M\u00e9xico, el presidente Enrique Pe\u00f1a Nieto, expres\u00f3 sus condolencias al pueblo sudafricano y dijo que \u201cla humanidad ha perdido a un luchador incansable en favor de la paz, la libertad y la igualdad\u201d.<b><\/b><\/p>\n<p>&nbsp;<\/p>\n","protected":false},"excerpt":{"rendered":"<p>El ex presidente sudafricano Nelson Mandela muri\u00f3 ayer a los 95 a\u00f1os. El jefe de Estado, Jacob Zuma, comunic\u00f3 el deceso en un mensaje televisivo transmitido a todo el pa\u00eds, Sud\u00e1frica: \u201cNuestra naci\u00f3n ha perdido a su mayor hijo. Nelson Mandela nos uni\u00f3 y juntos nos despedimos de \u00e9l\u201d.<\/p>\n","protected":false},"author":5,"featured_media":156051,"comment_status":"open","ping_status":"open","sticky":false,"template":"","format":"standard","meta":{"_monsterinsights_skip_tracking":false,"_monsterinsights_sitenote_active":false,"_monsterinsights_sitenote_note":"","_monsterinsights_sitenote_category":0,"footnotes":""},"categories":[17,9],"tags":[29367],"class_list":["post-156050","post","type-post","status-publish","format-standard","has-post-thumbnail","hentry","category-especiales","category-mundo","tag-mandela"],"_links":{"self":[{"href":"https:\/\/www.diarioimagen.net\/index.php?rest_route=\/wp\/v2\/posts\/156050","targetHints":{"allow":["GET"]}}],"collection":[{"href":"https:\/\/www.diarioimagen.net\/index.php?rest_route=\/wp\/v2\/posts"}],"about":[{"href":"https:\/\/www.diarioimagen.net\/index.php?rest_route=\/wp\/v2\/types\/post"}],"author":[{"embeddable":true,"href":"https:\/\/www.diarioimagen.net\/index.php?rest_route=\/wp\/v2\/users\/5"}],"replies":[{"embeddable":true,"href":"https:\/\/www.diarioimagen.net\/index.php?rest_route=%2Fwp%2Fv2%2Fcomments&post=156050"}],"version-history":[{"count":0,"href":"https:\/\/www.diarioimagen.net\/index.php?rest_route=\/wp\/v2\/posts\/156050\/revisions"}],"wp:featuredmedia":[{"embeddable":true,"href":"https:\/\/www.diarioimagen.net\/index.php?rest_route=\/wp\/v2\/media\/156051"}],"wp:attachment":[{"href":"https:\/\/www.diarioimagen.net\/index.php?rest_route=%2Fwp%2Fv2%2Fmedia&parent=156050"}],"wp:term":[{"taxonomy":"category","embeddable":true,"href":"https:\/\/www.diarioimagen.net\/index.php?rest_route=%2Fwp%2Fv2%2Fcategories&post=156050"},{"taxonomy":"post_tag","embeddable":true,"href":"https:\/\/www.diarioimagen.net\/index.php?rest_route=%2Fwp%2Fv2%2Ftags&post=156050"}],"curies":[{"name":"wp","href":"https:\/\/api.w.org\/{rel}","templated":true}]}}