{"id":156062,"date":"2013-12-05T18:33:31","date_gmt":"2013-12-06T00:33:31","guid":{"rendered":"http:\/\/www.diarioimagen.net\/?p=156062"},"modified":"2013-12-06T06:01:35","modified_gmt":"2013-12-06T12:01:35","slug":"cnte-derriba-vallas-en-el-senado-morena-se-deslinda","status":"publish","type":"post","link":"https:\/\/www.diarioimagen.net\/?p=156062","title":{"rendered":"CNTE derriba vallas en el Senado; Morena se deslinda"},"content":{"rendered":"<ul>\n<li><em><strong>Senado cancel\u00f3 reuni\u00f3n para abordar reforma energ\u00e9tica; lo har\u00e1 hasta el domingo<\/strong><\/em><\/li>\n<\/ul>\n<div id=\"attachment_156063\" style=\"width: 250px\" class=\"wp-caption alignleft\"><img loading=\"lazy\" decoding=\"async\" aria-describedby=\"caption-attachment-156063\" class=\"size-medium wp-image-156063\" alt=\"Luego de realizar un recorrido por el lugar, dijo que al parecer los senadores de la comisi\u00f3n de energ\u00eda \u201cest\u00e1n reculando\u201d y no se reunir\u00e1n este d\u00eda para iniciar esta discusi\u00f3n y si fuera as\u00ed \u201cestar\u00edamos hablando\u201d de un triunfo de este movimiento.\" src=\"http:\/\/www.diarioimagen.net\/wp-content\/uploads\/2013\/12\/senado-portal1-240x135.jpg\" width=\"240\" height=\"135\" srcset=\"https:\/\/www.diarioimagen.net\/wp-content\/uploads\/2013\/12\/senado-portal1-240x135.jpg 240w, https:\/\/www.diarioimagen.net\/wp-content\/uploads\/2013\/12\/senado-portal1-420x236.jpg 420w, https:\/\/www.diarioimagen.net\/wp-content\/uploads\/2013\/12\/senado-portal1-235x132.jpg 235w, https:\/\/www.diarioimagen.net\/wp-content\/uploads\/2013\/12\/senado-portal1-202x114.jpg 202w, https:\/\/www.diarioimagen.net\/wp-content\/uploads\/2013\/12\/senado-portal1-350x196.jpg 350w, https:\/\/www.diarioimagen.net\/wp-content\/uploads\/2013\/12\/senado-portal1-220x123.jpg 220w, https:\/\/www.diarioimagen.net\/wp-content\/uploads\/2013\/12\/senado-portal1-237x132.jpg 237w, https:\/\/www.diarioimagen.net\/wp-content\/uploads\/2013\/12\/senado-portal1.jpg 480w\" sizes=\"auto, (max-width: 240px) 100vw, 240px\" \/><p id=\"caption-attachment-156063\" class=\"wp-caption-text\">Luego de realizar un recorrido por el lugar, dijo que al parecer los senadores de la comisi\u00f3n de energ\u00eda \u201cest\u00e1n reculando\u201d y no se reunir\u00e1n este d\u00eda para iniciar esta discusi\u00f3n y si fuera as\u00ed \u201cestar\u00edamos hablando\u201d de un triunfo de este movimiento.<\/p><\/div>\n<p>Un grupo de integrantes de la secci\u00f3n 22 de Oaxaca de la Coordinadora Nacional de Trabajadores de la Educaci\u00f3n derrib\u00f3 algunas vallas met\u00e1licas que resguardan el Senado. Elementos de la Polic\u00eda Federal que vigilan la entrada al recinto impidieron el paso de los manifestantes, sin que se registraran enfrentamientos.<\/p>\n<p>Poco despu\u00e9s, arribaron granaderos del Distrito Federal (SSPDF), para controlar a los manifestantes. Las vallas met\u00e1licas fueron reinstaladas y los manifestantes siguieron sobre Reforma hacia Insurgentes.<\/p>\n<p>Andr\u00e9s Manuel L\u00f3pez Beltr\u00e1n, hijo del ex candidato presidencial, deslind\u00f3 al Movimiento de Regeneraci\u00f3n Nacional de tales hechos. Asegur\u00f3 que el cerco al Senado de este jueves fue un \u00e9xito \u201ccon algunos asegunes\u201d y confi\u00f3 en que la participaci\u00f3n sea mayor.<\/p>\n","protected":false},"excerpt":{"rendered":"<p>Un grupo de integrantes de la secci\u00f3n 22 de Oaxaca de la Coordinadora Nacional de Trabajadores de la Educaci\u00f3n derrib\u00f3 algunas vallas met\u00e1licas que resguardan el Senado. Elementos de la Polic\u00eda Federal que vigilan la entrada al recinto impidieron el paso de los manifestantes, sin que se registraran enfrentamientos.<\/p>\n","protected":false},"author":5,"featured_media":156063,"comment_status":"open","ping_status":"open","sticky":false,"template":"","format":"standard","meta":{"_monsterinsights_skip_tracking":false,"_monsterinsights_sitenote_active":false,"_monsterinsights_sitenote_note":"","_monsterinsights_sitenote_category":0,"footnotes":""},"categories":[17,3],"tags":[7473,1409],"class_list":["post-156062","post","type-post","status-publish","format-standard","has-post-thumbnail","hentry","category-especiales","category-nacional","tag-cnte","tag-senado"],"_links":{"self":[{"href":"https:\/\/www.diarioimagen.net\/index.php?rest_route=\/wp\/v2\/posts\/156062","targetHints":{"allow":["GET"]}}],"collection":[{"href":"https:\/\/www.diarioimagen.net\/index.php?rest_route=\/wp\/v2\/posts"}],"about":[{"href":"https:\/\/www.diarioimagen.net\/index.php?rest_route=\/wp\/v2\/types\/post"}],"author":[{"embeddable":true,"href":"https:\/\/www.diarioimagen.net\/index.php?rest_route=\/wp\/v2\/users\/5"}],"replies":[{"embeddable":true,"href":"https:\/\/www.diarioimagen.net\/index.php?rest_route=%2Fwp%2Fv2%2Fcomments&post=156062"}],"version-history":[{"count":0,"href":"https:\/\/www.diarioimagen.net\/index.php?rest_route=\/wp\/v2\/posts\/156062\/revisions"}],"wp:featuredmedia":[{"embeddable":true,"href":"https:\/\/www.diarioimagen.net\/index.php?rest_route=\/wp\/v2\/media\/156063"}],"wp:attachment":[{"href":"https:\/\/www.diarioimagen.net\/index.php?rest_route=%2Fwp%2Fv2%2Fmedia&parent=156062"}],"wp:term":[{"taxonomy":"category","embeddable":true,"href":"https:\/\/www.diarioimagen.net\/index.php?rest_route=%2Fwp%2Fv2%2Fcategories&post=156062"},{"taxonomy":"post_tag","embeddable":true,"href":"https:\/\/www.diarioimagen.net\/index.php?rest_route=%2Fwp%2Fv2%2Ftags&post=156062"}],"curies":[{"name":"wp","href":"https:\/\/api.w.org\/{rel}","templated":true}]}}