{"id":156068,"date":"2013-12-06T00:03:54","date_gmt":"2013-12-06T06:03:54","guid":{"rendered":"http:\/\/www.diarioimagen.net\/?p=156068"},"modified":"2013-12-09T06:09:44","modified_gmt":"2013-12-09T12:09:44","slug":"avalan-los-diputados-la-reforma-politica-electoral","status":"publish","type":"post","link":"https:\/\/www.diarioimagen.net\/?p=156068","title":{"rendered":"Avalan los diputados la reforma pol\u00edtico-electoral"},"content":{"rendered":"<ul>\n<li><strong><em>Aprueban en comisi\u00f3n dict\u00e1menes de consulta popular, cartas ciudadanas y derecho de r\u00e9plica<\/em><\/strong><\/li>\n<\/ul>\n<h6>Jos\u00e9 Luis Monta\u00f1ez<\/h6>\n<div id=\"attachment_156070\" style=\"width: 250px\" class=\"wp-caption alignleft\"><img loading=\"lazy\" decoding=\"async\" aria-describedby=\"caption-attachment-156070\" class=\"size-medium wp-image-156070 \" alt=\"Por la ma\u00f1ana, la Comisi\u00f3n de Gobernaci\u00f3n aprob\u00f3 tambi\u00e9n este jueves los dict\u00e1menes de consulta popular, cartas ciudadanas y derecho de r\u00e9plica, con la idea de que fueran discutidos por la tarde en el pleno de San L\u00e1zaro.\" src=\"http:\/\/www.diarioimagen.net\/wp-content\/uploads\/2013\/12\/camara-portal-240x135.jpg\" width=\"240\" height=\"135\" srcset=\"https:\/\/www.diarioimagen.net\/wp-content\/uploads\/2013\/12\/camara-portal-240x135.jpg 240w, https:\/\/www.diarioimagen.net\/wp-content\/uploads\/2013\/12\/camara-portal-420x236.jpg 420w, https:\/\/www.diarioimagen.net\/wp-content\/uploads\/2013\/12\/camara-portal-235x132.jpg 235w, https:\/\/www.diarioimagen.net\/wp-content\/uploads\/2013\/12\/camara-portal-202x114.jpg 202w, https:\/\/www.diarioimagen.net\/wp-content\/uploads\/2013\/12\/camara-portal-350x196.jpg 350w, https:\/\/www.diarioimagen.net\/wp-content\/uploads\/2013\/12\/camara-portal-220x123.jpg 220w, https:\/\/www.diarioimagen.net\/wp-content\/uploads\/2013\/12\/camara-portal-237x132.jpg 237w, https:\/\/www.diarioimagen.net\/wp-content\/uploads\/2013\/12\/camara-portal.jpg 480w\" sizes=\"auto, (max-width: 240px) 100vw, 240px\" \/><p id=\"caption-attachment-156070\" class=\"wp-caption-text\">Momento en que el pleno de la C\u00e1mara de Diputados aprueba el paquete de reformas pol\u00edtico-electorales.<\/p><\/div>\n<p>La C\u00e1mara de Diputados aprob\u00f3 ayer en lo general la reforma pol\u00edtico-electoral, luego de pactar diversos cambios en la minuta enviada por el Senado la madrugada del pasado martes.<\/p>\n<p>Fueron casi cuatro horas de posicionamientos a favor y en contra, para que el pleno avalara la reforma con 408 votos a favor, 69 en contra y tres abstenciones, con lo que se cumpli\u00f3 el requisito de las dos terceras partes para aprobar reformas a la Carta Magna. Se trata de alrededor de 30 art\u00edculos de la Constituci\u00f3n Pol\u00edtica e incluye 20 art\u00edculos transitorios.<\/p>\n<p>A favor de la minuta votaron las fracciones del PRI, PAN, Partido Verde y Nueva Alianza, as\u00ed como la mayor\u00eda de los diputados del PRD. Para la discusi\u00f3n de reservas en lo particular se esperaba varias horas m\u00e1s de discusi\u00f3n, tomando en cuenta que a m\u00e1s tardar este viernes la minuta ser\u00e1 devuelta al Senado de la Rep\u00fablica para la ratificaci\u00f3n de los cambios avalados en San L\u00e1zaro.<\/p>\n<p>Por la ma\u00f1ana, la Comisi\u00f3n de Gobernaci\u00f3n aprob\u00f3 tambi\u00e9n este jueves los dict\u00e1menes de consulta popular, cartas ciudadanas y derecho de r\u00e9plica, con la idea de que fueran discutidos por la tarde en el pleno de San L\u00e1zaro.<\/p>\n<p>La consulta popular se define como un mecanismo de participaci\u00f3n social, que permite intervenir en la discusi\u00f3n p\u00fablica de asuntos de trascendencia nacional, de tal manera que su voluntad pueda incidir en el debate y las decisiones que adoptan los \u00f3rganos estatales.<\/p>\n<p>En ese sentido, la iniciativa propone que la poblaci\u00f3n cuente con los elementos informativos suficientes para construir su propia opini\u00f3n.<\/p>\n<p>La legislaci\u00f3n proh\u00edbe que ninguna persona f\u00edsica o moral, a t\u00edtulo personal o por cuenta de terceros pueda contratar propaganda de radio y televisi\u00f3n dirigida para promover e influir en los ciudadanos.<\/p>\n<p>\u201cEn ese orden de ideas, debe buscarse que la difusi\u00f3n no sea tendenciosa ni que contenga juicios de valor con lo cual salvaguardar la objetividad de todo el proceso de la consulta popular, y esto debe ser as\u00ed puesto que lo que est\u00e1 de por medio no son los intereses de los particulares sino el inter\u00e9s general\u201d, refiere.<\/p>\n<p>Para ello, solicitar\u00e1 al Instituto Federal Electoral (IFE) prohibir en medios de comunicaci\u00f3n propaganda gubernamental durante el tiempo de esta difusi\u00f3n.<\/p>\n<p>Por otra parte, abrir\u00e1n la presentaci\u00f3n de iniciativas a la ciudadan\u00eda, esto cuando al menos est\u00e9n apoyadas por el 0.3 por ciento de los electores en la lista nominal.<\/p>\n<p>Las propuestas legislativas que se env\u00eden al Congreso de la Uni\u00f3n deber\u00e1n presentarse por escrito al presidente de la Mesa Directiva de la C\u00e1mara correspondiente, y en caso de receso al titular de la Comisi\u00f3n Permanente<b>.<\/b><\/p>\n<p>&nbsp;<\/p>\n","protected":false},"excerpt":{"rendered":"<p><span style=\"color: #005497;\"><strong>Jos\u00e9 Luis Monta\u00f1ez<\/strong><\/span><br \/>\n<br \/>\nLa C\u00e1mara de Diputados aprob\u00f3 ayer en lo general la reforma pol\u00edtico-electoral, luego de pactar diversos cambios en la minuta enviada por el Senado la madrugada del pasado martes.<\/p>\n","protected":false},"author":5,"featured_media":156070,"comment_status":"open","ping_status":"open","sticky":false,"template":"","format":"standard","meta":{"_monsterinsights_skip_tracking":false,"_monsterinsights_sitenote_active":false,"_monsterinsights_sitenote_note":"","_monsterinsights_sitenote_category":0,"footnotes":""},"categories":[17,3],"tags":[98,1716,43673,2050,91,211,362,1392,116],"class_list":["post-156068","post","type-post","status-publish","format-standard","has-post-thumbnail","hentry","category-especiales","category-nacional","tag-camara-de-diputados","tag-epn","tag-nacional","tag-nueva-alianza","tag-pan","tag-prd","tag-pri","tag-reforma-politica","tag-senado-de-la-republica"],"_links":{"self":[{"href":"https:\/\/www.diarioimagen.net\/index.php?rest_route=\/wp\/v2\/posts\/156068","targetHints":{"allow":["GET"]}}],"collection":[{"href":"https:\/\/www.diarioimagen.net\/index.php?rest_route=\/wp\/v2\/posts"}],"about":[{"href":"https:\/\/www.diarioimagen.net\/index.php?rest_route=\/wp\/v2\/types\/post"}],"author":[{"embeddable":true,"href":"https:\/\/www.diarioimagen.net\/index.php?rest_route=\/wp\/v2\/users\/5"}],"replies":[{"embeddable":true,"href":"https:\/\/www.diarioimagen.net\/index.php?rest_route=%2Fwp%2Fv2%2Fcomments&post=156068"}],"version-history":[{"count":0,"href":"https:\/\/www.diarioimagen.net\/index.php?rest_route=\/wp\/v2\/posts\/156068\/revisions"}],"wp:featuredmedia":[{"embeddable":true,"href":"https:\/\/www.diarioimagen.net\/index.php?rest_route=\/wp\/v2\/media\/156070"}],"wp:attachment":[{"href":"https:\/\/www.diarioimagen.net\/index.php?rest_route=%2Fwp%2Fv2%2Fmedia&parent=156068"}],"wp:term":[{"taxonomy":"category","embeddable":true,"href":"https:\/\/www.diarioimagen.net\/index.php?rest_route=%2Fwp%2Fv2%2Fcategories&post=156068"},{"taxonomy":"post_tag","embeddable":true,"href":"https:\/\/www.diarioimagen.net\/index.php?rest_route=%2Fwp%2Fv2%2Ftags&post=156068"}],"curies":[{"name":"wp","href":"https:\/\/api.w.org\/{rel}","templated":true}]}}