{"id":156079,"date":"2013-12-06T00:07:11","date_gmt":"2013-12-06T06:07:11","guid":{"rendered":"http:\/\/www.diarioimagen.net\/?p=156079"},"modified":"2013-12-09T06:10:02","modified_gmt":"2013-12-09T12:10:02","slug":"epn-reconocio-a-las-fuerzas-politicas-por-los-acuerdos-alcanzados","status":"publish","type":"post","link":"https:\/\/www.diarioimagen.net\/?p=156079","title":{"rendered":"EPN reconoci\u00f3 a las fuerzas pol\u00edticas por los acuerdos alcanzados"},"content":{"rendered":"<ul>\n<li><strong><em>Asegur\u00f3 absoluta eficacia y transparencia en el ejercicio de los recursos derivados de la reforma hacendaria, para impulsar el desarrollo nacional<\/em><\/strong><\/li>\n<li><strong><em>Este a\u00f1o se han alcanzado importantes avances transformadores; hoy nuestra Constituci\u00f3n consagra el derecho no s\u00f3lo a una educaci\u00f3n laica y gratuita, sino tambi\u00e9n de calidad<\/em><\/strong><\/li>\n<li><strong><em>\u201cM\u00e9xico cuenta con sus empresarios y nosotros contamos con M\u00e9xico y con nuestro Presidente de la Rep\u00fablica\u201d: Gerardo Guti\u00e9rrez Candiani<\/em><\/strong><\/li>\n<\/ul>\n<div id=\"attachment_156114\" style=\"width: 250px\" class=\"wp-caption alignleft\"><a href=\"http:\/\/www.diarioimagen.net\/wp-content\/uploads\/2013\/12\/epn-2245.jpg\"><img loading=\"lazy\" decoding=\"async\" aria-describedby=\"caption-attachment-156114\" class=\"size-medium wp-image-156114\" alt=\"En reuni\u00f3n con el Consejo Nacional del Consejo Coordinador (CCE), en la Residencia Oficial de Los Pinos, el Presidente Enrique Pe\u00f1a Nieto expres\u00f3 su total y absoluto reconocimiento a las fuerzas pol\u00edticas del pa\u00eds por los acuerdos alcanzados para la transformaci\u00f3n, ya que, dijo,  este a\u00f1o se han alcanzado importantes avances transformadores.\" src=\"http:\/\/www.diarioimagen.net\/wp-content\/uploads\/2013\/12\/epn-2245-240x135.jpg\" width=\"240\" height=\"135\" srcset=\"https:\/\/www.diarioimagen.net\/wp-content\/uploads\/2013\/12\/epn-2245-240x135.jpg 240w, https:\/\/www.diarioimagen.net\/wp-content\/uploads\/2013\/12\/epn-2245-420x236.jpg 420w, https:\/\/www.diarioimagen.net\/wp-content\/uploads\/2013\/12\/epn-2245-235x132.jpg 235w, https:\/\/www.diarioimagen.net\/wp-content\/uploads\/2013\/12\/epn-2245-202x114.jpg 202w, https:\/\/www.diarioimagen.net\/wp-content\/uploads\/2013\/12\/epn-2245-350x196.jpg 350w, https:\/\/www.diarioimagen.net\/wp-content\/uploads\/2013\/12\/epn-2245-220x123.jpg 220w, https:\/\/www.diarioimagen.net\/wp-content\/uploads\/2013\/12\/epn-2245-237x132.jpg 237w, https:\/\/www.diarioimagen.net\/wp-content\/uploads\/2013\/12\/epn-2245.jpg 480w\" sizes=\"auto, (max-width: 240px) 100vw, 240px\" \/><\/a><p id=\"caption-attachment-156114\" class=\"wp-caption-text\">En reuni\u00f3n con el Consejo Nacional del Consejo Coordinador (CCE), en la Residencia Oficial de Los Pinos, el Presidente Enrique Pe\u00f1a Nieto expres\u00f3 su total y absoluto reconocimiento a las fuerzas pol\u00edticas del pa\u00eds por los acuerdos alcanzados para la transformaci\u00f3n, ya que, dijo, este a\u00f1o se han alcanzado importantes avances transformadores.<\/p><\/div>\n<p>El presidente Enrique Pe\u00f1a Nieto expres\u00f3 su \u201cabsoluto y total reconocimiento a las distintas fuerzas pol\u00edticas, que han sido fundamentales para trabajar los acuerdos necesarios para la transformaci\u00f3n, con amplias coincidencias, con visiones diferenciadas, pero al final de cuentas buscando el punto de coincidencia sobre los temas que queremos cambiar y transformar\u201d.<\/p>\n<p>En una reuni\u00f3n con los integrantes del Consejo Nacional del Consejo Coordinador Empresarial (CCE), realizada en el sal\u00f3n Adolfo L\u00f3pez Mateos de la residencia oficial de Los Pinos, el primer mandatario resalt\u00f3 que este a\u00f1o ha sido dedicado especialmente a impulsar cambios significativos y transformadores en el andamiaje institucional, y \u201cpara lograrlo no ha bastado la voluntad pol\u00edtica del gobierno, sino el haber encontrado en distintos actores y sectores de la sociedad, p\u00fablica y privada, la debida correspondencia, el mismo af\u00e1n y el inter\u00e9s por cambiar para bien las cosas de nuestro pa\u00eds, porque M\u00e9xico tenga un horizonte mucho m\u00e1s promisorio que el que hemos alcanzado hasta ahora\u201d.<\/p>\n<p>Manifest\u00f3 tambi\u00e9n su amplio reconocimiento \u201ca todos los sectores empresariales, privados y sociales, que han acompa\u00f1ado este impulso transformador, y que debo decir, ha generado en muchos \u00e1mbitos resistencias, diferencias inevitables, ante el cambio propuesto por el gobierno y por quienes han acompa\u00f1ado este esfuerzo\u201d.<\/p>\n<p>Indic\u00f3 que estos logros \u201cde ninguna manera se pueden tratar de un esfuerzo unilateral, menos unipersonal, ni solamente de una parte de quienes representamos a la sociedad, sino es un esfuerzo compartido y lo que se ha alcanzado hasta ahora es gracias a la participaci\u00f3n y disposici\u00f3n de todos aquellos que est\u00e1n resueltos, comprometidos y decididos a que M\u00e9xico tenga mejores condiciones, una mejor plataforma para su desarrollo, para lograr mayor equidad social y mayor crecimiento econ\u00f3mico\u201d.<\/p>\n<p>Subray\u00f3 que desde el inicio de su mandato dej\u00f3 claro que \u00e9ste no pod\u00eda ser un gobierno que viniera a administrar, \u201csino realmente quer\u00eda transformar y sentar bases s\u00f3lidas para que M\u00e9xico tenga un mayor desarrollo y crecimiento no s\u00f3lo en los siguientes cinco a\u00f1os por venir, sino en varias d\u00e9cadas por delante\u201d.<\/p>\n<p>El Presidente expuso que en este a\u00f1o se han\u00a0 alcanzado importantes avances transformadores, con distintas reformas que buscan el desarrollo nacional.<\/p>\n<p>Ante el sector empresarial del pa\u00eds, indic\u00f3 que como titular del Ejecutivo federal asume \u201cla responsabilidad que el gobierno hoy tiene para asegurar eficacia y transparencia en el ejercicio de los recursos que derivaron de la reforma hacendaria, para realmente impulsar el desarrollo nacional\u201d.<\/p>\n<p>Pe\u00f1a Nieto dijo que una de las grandes metas nacionales trazadas al principio de la administraci\u00f3n fue alcanzar un M\u00e9xico con educaci\u00f3n de calidad. En ese sentido, \u201chemos adicionado un elemento fundamental para la ni\u00f1ez y la juventud del ma\u00f1ana, que es el de la calidad\u201d.<\/p>\n<p>Hoy lo que nuestra Constituci\u00f3n consagra es el derecho no s\u00f3lo a una educaci\u00f3n laica y gratuita, sino tambi\u00e9n de calidad, precis\u00f3.<\/p>\n<p>Puntualiz\u00f3 que hoy el gobierno sigue trabajando \u201ccon una gran claridad en los objetivos y prop\u00f3sitos que desde el inicio de la administraci\u00f3n nos hemos trazado\u201d.<\/p>\n<p>Expres\u00f3 su reconocimiento al liderazgo y gran disposici\u00f3n del presidente del CCE, Gerardo Guti\u00e9rrez Candiani.<\/p>\n<p>\u201cPara lograr que las cosas realmente pasen y ocurran, se requiere voluntad y disposici\u00f3n para que as\u00ed sea, y la dirigencia de este consejo, que representa y encabeza Gerardo Guti\u00e9rrez Candiani, as\u00ed lo ha acreditado: disposici\u00f3n para dialogar, para construir a partir, las m\u00e1s de las veces, de coincidencias y en muchas ocasiones de diferencias, pero siempre con disposici\u00f3n a dialogar y construir\u201d.<\/p>\n<p>EL 2013, FECUNDO EN LA TAREA DE FORJAR UN FUTURO MEJOR PARA M\u00c9XICO: CCE<\/p>\n<p>Gerardo Guti\u00e9rrez Candiani, presidente del CCE, ratific\u00f3 su respaldo a las reformas impulsadas por el primer mandatario y afirm\u00f3 que, \u201cpor el bien de M\u00e9xico, siempre cerraremos filas\u201d.<\/p>\n<p>En ese sentido, consider\u00f3 que 2013 ha sido un a\u00f1o fecundo en aspectos medulares en la tarea de forjar un futuro mejor, \u201cimpulsando decisivamente las reformas estructurales\u201d.<\/p>\n<p>Con liderazgo, participaci\u00f3n activa de los sectores y una nueva actitud de conciliar y hacer que las cosas sucedan, en el Congreso de la Uni\u00f3n se logr\u00f3 una reforma constitucional hist\u00f3rica en materia educativa, se concretaron cambios en materia de telecomunicaciones y competencia econ\u00f3mica y una serie de reformas en transparencia y transformaci\u00f3n de las instituciones democr\u00e1ticas.<\/p>\n<p>\u201cCompartimos el gran objetivo de mover a M\u00e9xico, de dejar atr\u00e1s sinergias para renovar la voluntad nacional. Los empresarios as\u00ed refrendamos este compromiso con M\u00e9xico, vamos juntos por una naci\u00f3n m\u00e1s justa, segura, democr\u00e1tica, que se inserte definitivamente en la senda del desarrollo sostenido e incluyente, con prosperidad para todos los mexicanos\u201d.<\/p>\n<p>Destac\u00f3 que hay cuatro temas torales en los que \u201ctodos tenemos que redoblar los esfuerzos, con voluntad compartida de que haya cambios en la pr\u00e1ctica, m\u00e1s all\u00e1 de las intenciones y las reformas legales que falten: seguridad p\u00fablica, propiciar mayor crecimiento econ\u00f3mico, implementaci\u00f3n de la reforma educativa y compromisos firmes con el estado de Derecho en todos los \u00e1mbitos de la sociedad y niveles de gobierno\u201d.<\/p>\n<p>\u201cEs palpable el nuevo dinamismo de la pol\u00edtica en su funci\u00f3n de generar acuerdos y construir soluciones para los grandes retos de la naci\u00f3n, de ver m\u00e1s a futuro y evitar estancarse en intereses y necesidades de corto plazo\u201d, expres\u00f3.<\/p>\n<p>Los empresarios comparten el gran objetivo de mover al pa\u00eds, para dejar atr\u00e1s inercias y renovar la voluntad nacional. \u201cM\u00e9xico cuenta con sus empresarios, y nosotros contamos con M\u00e9xico y con nuestro Presidente de la Rep\u00fablica\u201d.<\/p>\n","protected":false},"excerpt":{"rendered":"<p>El presidente Enrique Pe\u00f1a Nieto expres\u00f3 su \u201cabsoluto y total reconocimiento a las distintas fuerzas pol\u00edticas, que han sido fundamentales para trabajar los acuerdos necesarios para la transformaci\u00f3n, con amplias coincidencias, con visiones diferenciadas, pero al final de cuentas buscando el punto de coincidencia sobre los temas que queremos cambiar y transformar\u201d.<\/p>\n","protected":false},"author":3,"featured_media":156114,"comment_status":"open","ping_status":"open","sticky":false,"template":"","format":"standard","meta":{"_monsterinsights_skip_tracking":false,"_monsterinsights_sitenote_active":false,"_monsterinsights_sitenote_note":"","_monsterinsights_sitenote_category":0,"footnotes":""},"categories":[17,3],"tags":[18,44,43673],"class_list":["post-156079","post","type-post","status-publish","format-standard","has-post-thumbnail","hentry","category-especiales","category-nacional","tag-enrique-pena-nieto","tag-mexico","tag-nacional"],"_links":{"self":[{"href":"https:\/\/www.diarioimagen.net\/index.php?rest_route=\/wp\/v2\/posts\/156079","targetHints":{"allow":["GET"]}}],"collection":[{"href":"https:\/\/www.diarioimagen.net\/index.php?rest_route=\/wp\/v2\/posts"}],"about":[{"href":"https:\/\/www.diarioimagen.net\/index.php?rest_route=\/wp\/v2\/types\/post"}],"author":[{"embeddable":true,"href":"https:\/\/www.diarioimagen.net\/index.php?rest_route=\/wp\/v2\/users\/3"}],"replies":[{"embeddable":true,"href":"https:\/\/www.diarioimagen.net\/index.php?rest_route=%2Fwp%2Fv2%2Fcomments&post=156079"}],"version-history":[{"count":0,"href":"https:\/\/www.diarioimagen.net\/index.php?rest_route=\/wp\/v2\/posts\/156079\/revisions"}],"wp:featuredmedia":[{"embeddable":true,"href":"https:\/\/www.diarioimagen.net\/index.php?rest_route=\/wp\/v2\/media\/156114"}],"wp:attachment":[{"href":"https:\/\/www.diarioimagen.net\/index.php?rest_route=%2Fwp%2Fv2%2Fmedia&parent=156079"}],"wp:term":[{"taxonomy":"category","embeddable":true,"href":"https:\/\/www.diarioimagen.net\/index.php?rest_route=%2Fwp%2Fv2%2Fcategories&post=156079"},{"taxonomy":"post_tag","embeddable":true,"href":"https:\/\/www.diarioimagen.net\/index.php?rest_route=%2Fwp%2Fv2%2Ftags&post=156079"}],"curies":[{"name":"wp","href":"https:\/\/api.w.org\/{rel}","templated":true}]}}