{"id":156083,"date":"2013-12-06T00:09:54","date_gmt":"2013-12-06T06:09:54","guid":{"rendered":"http:\/\/www.diarioimagen.net\/?p=156083"},"modified":"2013-12-06T05:07:47","modified_gmt":"2013-12-06T11:07:47","slug":"aumento-a-37-1-la-poblacion-mexicana-pobre-en-2012-cepal","status":"publish","type":"post","link":"https:\/\/www.diarioimagen.net\/?p=156083","title":{"rendered":"Aument\u00f3 a 37.1% la poblaci\u00f3n mexicana pobre en 2012: Cepal"},"content":{"rendered":"<ul>\n<li><strong><em>Culpa a la recesi\u00f3n<\/em><\/strong><\/li>\n<\/ul>\n<p><a href=\"http:\/\/www.diarioimagen.net\/wp-content\/uploads\/2010\/02\/pobreza-mexico-1284.jpg\"><img loading=\"lazy\" decoding=\"async\" class=\"alignleft size-medium wp-image-3429\" style=\"margin-right: 9px; margin-bottom: 9px;\" alt=\"pobreza-mexico-1284\" src=\"http:\/\/www.diarioimagen.net\/wp-content\/uploads\/2010\/02\/pobreza-mexico-1284-300x168.jpg\" width=\"240\" height=\"134\" \/><\/a>Seg\u00fan un estudio de la Comisi\u00f3n Econ\u00f3mica para Am\u00e9rica Latina (Cepal), M\u00e9xico es el \u00fanico pa\u00eds de la regi\u00f3n donde la pobreza creci\u00f3 durante 2012, pues en la mayor\u00eda de las dem\u00e1s naciones que la integran los niveles de ese flagelo se redujeron.<\/p>\n<p>El informe fue presentado por la secretaria ejecutiva del organismo, Alicia B\u00e1rcena, quien dijo que la poblaci\u00f3n en pobreza en M\u00e9xico se elev\u00f3 de 36.3% en 2011 a 37.1% en el a\u00f1o siguiente.<\/p>\n<p>Lo anterior contrasta con la disminuci\u00f3n que presentaron pa\u00edses como Venezuela, Ecuador, Brasil, Per\u00fa, Argentina y Colombia. En tanto, en Costa Rica, El Salvador, Uruguay y la Rep\u00fablica Dominicana se mantuvieron en niveles similares.<\/p>\n<p>B\u00e1rcena mencion\u00f3 que la raz\u00f3n por la que M\u00e9xico se rezag\u00f3 es debido a las menores tasas de crecimiento econ\u00f3mico que ha registrado, y donde particularmente resiente el impacto que provoc\u00f3 la recesi\u00f3n de 2008-2009.<\/p>\n<p>Sin embargo, estim\u00f3 que para 2014 el pa\u00eds puede tener mejores cifras, ya que consider\u00f3 que la reforma hacendaria que reci\u00e9n se aprob\u00f3 y entrar\u00e1 en vigor el 1 de enero pr\u00f3ximo privilegiar\u00e1 a los sectores de la poblaci\u00f3n mexicana m\u00e1s vulnerables.<\/p>\n<p>\u201cLa reforma hacendaria es bastante positiva en la redistribuci\u00f3n; es una muy buena noticia que no se haya aprobado el impuesto al valor agregado (IVA) en alimentos y medicinas y que se haya orientado a que paguen m\u00e1s quienes ganan m\u00e1s\u201d, dijo en videoconferencia desde Chile.<\/p>\n<p>Alicia B\u00e1rcena destac\u00f3 favorable para el desarrollo econ\u00f3mico del pa\u00eds y el abatimiento de la pobreza que el gasto p\u00fablico que se ejercer\u00e1 el a\u00f1o pr\u00f3ximo estar\u00e1 orientado de manera importante a los segmentos de la poblaci\u00f3n m\u00e1s vulnerables.<\/p>\n<p align=\"center\"><b>Cifras preliminares<\/b><\/p>\n<p>De acuerdo con la Cepal, el n\u00famero de latinoamericanos en situaci\u00f3n de pobreza en 2013 ascendi\u00f3 a 164 millones de personas (27.9% de la poblaci\u00f3n), de los cuales 68 millones se encuentran en situaci\u00f3n extrema o indigencia (11.5% de los habitantes de la regi\u00f3n).<\/p>\n<p>Aunque ha habido una disminuci\u00f3n en los niveles de pobreza e indigencia, el organismo internacional inform\u00f3 que se ha frenado el ritmo con el que se ha reducido este problema.<\/p>\n","protected":false},"excerpt":{"rendered":"<p>Seg\u00fan un estudio de la Comisi\u00f3n Econ\u00f3mica para Am\u00e9rica Latina (Cepal), M\u00e9xico es el \u00fanico pa\u00eds de la regi\u00f3n donde la pobreza creci\u00f3 durante 2012, pues en la mayor\u00eda de las dem\u00e1s naciones que la integran los niveles de ese flagelo se redujeron.<\/p>\n","protected":false},"author":3,"featured_media":0,"comment_status":"open","ping_status":"open","sticky":false,"template":"","format":"standard","meta":{"_monsterinsights_skip_tracking":false,"_monsterinsights_sitenote_active":false,"_monsterinsights_sitenote_note":"","_monsterinsights_sitenote_category":0,"footnotes":""},"categories":[3],"tags":[2607,3909,5796,44,43673,4680],"class_list":["post-156083","post","type-post","status-publish","format-standard","hentry","category-nacional","tag-cepal","tag-costa-rica","tag-el-salvador","tag-mexico","tag-nacional","tag-uruguay"],"_links":{"self":[{"href":"https:\/\/www.diarioimagen.net\/index.php?rest_route=\/wp\/v2\/posts\/156083","targetHints":{"allow":["GET"]}}],"collection":[{"href":"https:\/\/www.diarioimagen.net\/index.php?rest_route=\/wp\/v2\/posts"}],"about":[{"href":"https:\/\/www.diarioimagen.net\/index.php?rest_route=\/wp\/v2\/types\/post"}],"author":[{"embeddable":true,"href":"https:\/\/www.diarioimagen.net\/index.php?rest_route=\/wp\/v2\/users\/3"}],"replies":[{"embeddable":true,"href":"https:\/\/www.diarioimagen.net\/index.php?rest_route=%2Fwp%2Fv2%2Fcomments&post=156083"}],"version-history":[{"count":0,"href":"https:\/\/www.diarioimagen.net\/index.php?rest_route=\/wp\/v2\/posts\/156083\/revisions"}],"wp:attachment":[{"href":"https:\/\/www.diarioimagen.net\/index.php?rest_route=%2Fwp%2Fv2%2Fmedia&parent=156083"}],"wp:term":[{"taxonomy":"category","embeddable":true,"href":"https:\/\/www.diarioimagen.net\/index.php?rest_route=%2Fwp%2Fv2%2Fcategories&post=156083"},{"taxonomy":"post_tag","embeddable":true,"href":"https:\/\/www.diarioimagen.net\/index.php?rest_route=%2Fwp%2Fv2%2Ftags&post=156083"}],"curies":[{"name":"wp","href":"https:\/\/api.w.org\/{rel}","templated":true}]}}